{"id":16985,"date":"2025-05-22T14:55:55","date_gmt":"2025-05-22T14:55:55","guid":{"rendered":"https:\/\/www.arete.eu\/?p=16985"},"modified":"2025-06-11T15:01:18","modified_gmt":"2025-06-11T15:01:18","slug":"investicni-konference-ta3-energie-budoucnosti","status":"publish","type":"post","link":"https:\/\/www.arete.eu\/cs\/investicni-konference-ta3-energie-budoucnosti\/","title":{"rendered":"Investi\u010dn\u00ed konference TA3: Energie budoucnosti"},"content":{"rendered":"<p><strong>Na konferenci Energie budoucnosti, po\u0159\u00e1dan\u00e9 21. 5. 2025 slovenskou televiz\u00ed TA3, diskutovali p\u0159edn\u00ed odborn\u00edci na energetiku o v\u00fdvoji cen energi\u00ed, investic\u00edch do energetiky i energetick\u00e9 bezpe\u010dnosti v EU. <\/strong><\/p>\n<p>Hostem prvn\u00ed panelov\u00e9 diskuse byl i Martin Pacovsk\u00fd, investi\u010dn\u00ed \u0159editel ARETE pro strategii Energy Transition. Ve sv\u00fdch v\u00fdstupech se zam\u011b\u0159il na dva z\u00e1kladn\u00ed body:<\/p>\n<ul>\n<li>pro\u010d vid\u00ed pr\u00e1v\u011b plyn jako z\u00e1sadn\u00ed slo\u017eku modern\u00ed v\u00fdroby energie<\/li>\n<li>pro\u010d je nutn\u00e9 investovat do flexibility v\u00fdrobn\u00ed soustavy<\/li>\n<\/ul>\n<p>Cel\u00fd z\u00e1znam\u00a0prvn\u00ed panelov\u00e9 diskuse konference si m\u016f\u017eete pustit zde: <a href=\"https:\/\/www.youtube.com\/watch?v=tFGFA9m4ALU&amp;t=669s\">Investi\u010dn\u00ed konference TA3 Energie budoucnosti<\/a><\/p>\n<p>Nov\u011b zalo\u017een\u00fd fond ARETE ENERGY TRANSITION stoj\u00ed mimo jin\u00e9 pr\u00e1v\u011b na investic\u00edch do flexibiln\u00edch zdroj\u016f energie. Investice budou sm\u011b\u0159ovat prim\u00e1rn\u011b do flexibiln\u00edch v\u00fdrobn\u00edch zdroj\u016f elekt\u0159iny a tepla na b\u00e1zi zemn\u00edho plynu a dopl\u0148kov\u011b pak do bateriov\u00fdch \u00falo\u017ei\u0161\u0165 a obnoviteln\u00fdch zdroj\u016f, a to zejm\u00e9na na trz\u00edch st\u0159edn\u00ed a z\u00e1padn\u00ed Evropy.<\/p>\n<p>Fond ARETE ENERGY TRANSITION pl\u00e1nuje b\u011bhem \u010dty\u0159 let investovat 5 miliard K\u010d a c\u00edl\u00ed na v\u00fdnos 11\u201312 % ro\u010dn\u011b.<\/p>\n","protected":false},"excerpt":{"rendered":"<p>Na konferenci Energie budoucnosti, po\u0159\u00e1dan\u00e9 21. 5. 2025 slovenskou televiz\u00ed TA3, diskutovali p\u0159edn\u00ed odborn\u00edci na energetiku o v\u00fdvoji cen energi\u00ed, investic\u00edch do energetiky i energetick\u00e9 bezpe\u010dnosti v EU. Hostem prvn\u00ed panelov\u00e9 diskuse byl i Martin Pacovsk\u00fd, investi\u010dn\u00ed \u0159editel ARETE pro strategii Energy Transition. Ve sv\u00fdch v\u00fdstupech se zam\u011b\u0159il na dva z\u00e1kladn\u00ed body: pro\u010d vid\u00ed pr\u00e1v\u011b plyn jako z\u00e1sadn\u00ed slo\u017eku modern\u00ed v\u00fdroby energie pro\u010d je nutn\u00e9 investovat do flexibility v\u00fdrobn\u00ed soustavy Cel\u00fd z\u00e1znam\u00a0prvn\u00ed panelov\u00e9 diskuse konference si m\u016f\u017eete pustit zde: Investi\u010dn\u00ed konference TA3 Energie budoucnosti Nov\u011b zalo\u017een\u00fd fond ARETE ENERGY TRANSITION stoj\u00ed mimo jin\u00e9 pr\u00e1v\u011b na investic\u00edch do flexibiln\u00edch zdroj\u016f energie. Investice budou sm\u011b\u0159ovat prim\u00e1rn\u011b do flexibiln\u00edch v\u00fdrobn\u00edch zdroj\u016f elekt\u0159iny a tepla na b\u00e1zi zemn\u00edho plynu a dopl\u0148kov\u011b pak do bateriov\u00fdch \u00falo\u017ei\u0161\u0165 a obnoviteln\u00fdch zdroj\u016f, a to zejm\u00e9na na trz\u00edch st\u0159edn\u00ed a z\u00e1padn\u00ed Evropy. Fond ARETE ENERGY TRANSITION pl\u00e1nuje b\u011bhem \u010dty\u0159 let investovat 5 miliard K\u010d a c\u00edl\u00ed na v\u00fdnos 11\u201312 % ro\u010dn\u011b.<\/p>\n","protected":false},"author":6,"featured_media":16979,"comment_status":"open","ping_status":"open","sticky":false,"template":"@@single-custom-post.php","format":"standard","meta":{"_acf_changed":false,"footnotes":""},"categories":[63],"tags":[74],"class_list":["post-16985","post","type-post","status-publish","format-standard","has-post-thumbnail","hentry","category-praha-cs","tag-prechod-energie","news-videa"],"acf":[],"rttpg_featured_image_url":{"full":["https:\/\/www.arete.eu\/wp-content\/uploads\/2025\/06\/Snimek-obrazovky_video-1.jpg",1773,877,false],"landscape":["https:\/\/www.arete.eu\/wp-content\/uploads\/2025\/06\/Snimek-obrazovky_video-1.jpg",1773,877,false],"portraits":["https:\/\/www.arete.eu\/wp-content\/uploads\/2025\/06\/Snimek-obrazovky_video-1.jpg",1773,877,false],"thumbnail":["https:\/\/www.arete.eu\/wp-content\/uploads\/2025\/06\/Snimek-obrazovky_video-1-150x150.jpg",150,150,true],"medium":["https:\/\/www.arete.eu\/wp-content\/uploads\/2025\/06\/Snimek-obrazovky_video-1-300x148.jpg",300,148,true],"large":["https:\/\/www.arete.eu\/wp-content\/uploads\/2025\/06\/Snimek-obrazovky_video-1-1024x507.jpg",800,396,true],"1536x1536":["https:\/\/www.arete.eu\/wp-content\/uploads\/2025\/06\/Snimek-obrazovky_video-1-1536x760.jpg",1536,760,true],"2048x2048":["https:\/\/www.arete.eu\/wp-content\/uploads\/2025\/06\/Snimek-obrazovky_video-1.jpg",1773,877,false]},"rttpg_author":{"display_name":"newadmin","author_link":"https:\/\/www.arete.eu\/cs\/author\/newadmin\/"},"rttpg_comment":0,"rttpg_category":"<a href=\"https:\/\/www.arete.eu\/cs\/category\/praha-cs\/\" rel=\"category tag\">Praha<\/a>","rttpg_excerpt":"Na konferenci Energie budoucnosti, po\u0159\u00e1dan\u00e9 21. 5. 2025 slovenskou televiz\u00ed TA3, diskutovali p\u0159edn\u00ed odborn\u00edci na energetiku o v\u00fdvoji cen energi\u00ed, investic\u00edch do energetiky i energetick\u00e9 bezpe\u010dnosti v EU. Hostem prvn\u00ed panelov\u00e9 diskuse byl i Martin Pacovsk\u00fd, investi\u010dn\u00ed \u0159editel ARETE pro strategii Energy Transition. Ve sv\u00fdch v\u00fdstupech se zam\u011b\u0159il na dva z\u00e1kladn\u00ed body: pro\u010d vid\u00ed pr\u00e1v\u011b&hellip;","_links":{"self":[{"href":"https:\/\/www.arete.eu\/cs\/wp-json\/wp\/v2\/posts\/16985","targetHints":{"allow":["GET"]}}],"collection":[{"href":"https:\/\/www.arete.eu\/cs\/wp-json\/wp\/v2\/posts"}],"about":[{"href":"https:\/\/www.arete.eu\/cs\/wp-json\/wp\/v2\/types\/post"}],"author":[{"embeddable":true,"href":"https:\/\/www.arete.eu\/cs\/wp-json\/wp\/v2\/users\/6"}],"replies":[{"embeddable":true,"href":"https:\/\/www.arete.eu\/cs\/wp-json\/wp\/v2\/comments?post=16985"}],"version-history":[{"count":1,"href":"https:\/\/www.arete.eu\/cs\/wp-json\/wp\/v2\/posts\/16985\/revisions"}],"predecessor-version":[{"id":16986,"href":"https:\/\/www.arete.eu\/cs\/wp-json\/wp\/v2\/posts\/16985\/revisions\/16986"}],"wp:featuredmedia":[{"embeddable":true,"href":"https:\/\/www.arete.eu\/cs\/wp-json\/wp\/v2\/media\/16979"}],"wp:attachment":[{"href":"https:\/\/www.arete.eu\/cs\/wp-json\/wp\/v2\/media?parent=16985"}],"wp:term":[{"taxonomy":"category","embeddable":true,"href":"https:\/\/www.arete.eu\/cs\/wp-json\/wp\/v2\/categories?post=16985"},{"taxonomy":"post_tag","embeddable":true,"href":"https:\/\/www.arete.eu\/cs\/wp-json\/wp\/v2\/tags?post=16985"}],"curies":[{"name":"wp","href":"https:\/\/api.w.org\/{rel}","templated":true}]}}