{"id":14108,"date":"2021-04-28T10:16:00","date_gmt":"2021-04-28T10:16:00","guid":{"rendered":"https:\/\/www.arete.eu\/prumyslove-nemovitosti-stoji-na-pevnych-zakladech\/"},"modified":"2021-04-28T10:16:00","modified_gmt":"2021-04-28T10:16:00","slug":"prumyslove-nemovitosti-stoji-na-pevnych-zakladech","status":"publish","type":"post","link":"https:\/\/www.arete.eu\/cs\/prumyslove-nemovitosti-stoji-na-pevnych-zakladech\/","title":{"rendered":"Pr\u016fmyslov\u00e9 nemovitosti stoj\u00ed na pevn\u00fdch z\u00e1kladech"},"content":{"rendered":"<p>Trh nemovitost\u00ed v r\u00e1mci cel\u00e9 Evropy dostal v minul\u00e9m roce zabrat, ov\u0161em ne v\u0161echny segmenty na krizovou situaci doplatily.<\/p>\n<p>Jako nejodoln\u011bj\u0161\u00ed t\u0159\u00edda nemovitostn\u00ed se v krizi uk\u00e1zaly pr\u00e1v\u011b ty logistick\u00e9. \u201eNap\u0159\u00edklad v porovn\u00e1n\u00ed s kancel\u00e1\u0159sk\u00fdm trhem nebo trhem n\u00e1kupn\u00edch center, kde do\u0161lo minul\u00fd rok k poklesu, segment pr\u016fmyslov\u00fdch nemovitost\u00ed pokra\u010doval ve stabiln\u00edm r\u016fstu,\u201c konstatuje n\u00e1\u0161 kolega Igor \u0160nirc pro slovensk\u00fd t\u00fdden\u00edk TREND.sk. <\/p>\n<p>Jak\u00fd byl objem investic v roce 2020 v porovn\u00e1n\u00ed s p\u0159edchoz\u00edm rokem a jak\u00fd byl celkov\u00fd objem realizovan\u00fdch obchod\u016f se do\u010dtete v tomto \u010dl\u00e1nku: <a href=\"https:\/\/lnkd.in\/d2HgcTq\" target=\"_blank\" rel=\"noopener\">https:\/\/lnkd.in\/d2HgcTq<\/a><\/p>\n","protected":false},"excerpt":{"rendered":"<p>Trh nemovitost\u00ed v r\u00e1mci cel\u00e9 Evropy dostal v minul\u00e9m roce zabrat, ov\u0161em ne v\u0161echny segmenty na krizovou situaci doplatily. Jako nejodoln\u011bj\u0161\u00ed t\u0159\u00edda nemovitostn\u00ed se v krizi uk\u00e1zaly pr\u00e1v\u011b ty logistick\u00e9. \u201eNap\u0159\u00edklad v porovn\u00e1n\u00ed s kancel\u00e1\u0159sk\u00fdm trhem nebo trhem n\u00e1kupn\u00edch center, kde do\u0161lo minul\u00fd rok k poklesu, segment pr\u016fmyslov\u00fdch nemovitost\u00ed pokra\u010doval ve stabiln\u00edm r\u016fstu,\u201c konstatuje n\u00e1\u0161 kolega Igor \u0160nirc pro slovensk\u00fd t\u00fdden\u00edk TREND.sk. Jak\u00fd byl objem investic v roce 2020 v porovn\u00e1n\u00ed s p\u0159edchoz\u00edm rokem a jak\u00fd byl celkov\u00fd objem realizovan\u00fdch obchod\u016f se do\u010dtete v tomto \u010dl\u00e1nku: https:\/\/lnkd.in\/d2HgcTq<\/p>\n","protected":false},"author":6,"featured_media":13638,"comment_status":"open","ping_status":"open","sticky":false,"template":"@@single-custom-post.php","format":"standard","meta":{"_acf_changed":false,"footnotes":""},"categories":[63],"tags":[],"class_list":["post-14108","post","type-post","status-publish","format-standard","has-post-thumbnail","hentry","category-praha-cs","investment-clanky-esg","news-novinky"],"acf":[],"rttpg_featured_image_url":{"full":["https:\/\/www.arete.eu\/wp-content\/uploads\/2025\/02\/trend-logo-1.webp",800,400,false],"landscape":["https:\/\/www.arete.eu\/wp-content\/uploads\/2025\/02\/trend-logo-1.webp",800,400,false],"portraits":["https:\/\/www.arete.eu\/wp-content\/uploads\/2025\/02\/trend-logo-1.webp",800,400,false],"thumbnail":["https:\/\/www.arete.eu\/wp-content\/uploads\/2025\/02\/trend-logo-1-150x150.webp",150,150,true],"medium":["https:\/\/www.arete.eu\/wp-content\/uploads\/2025\/02\/trend-logo-1-300x150.webp",300,150,true],"large":["https:\/\/www.arete.eu\/wp-content\/uploads\/2025\/02\/trend-logo-1.webp",800,400,false],"1536x1536":["https:\/\/www.arete.eu\/wp-content\/uploads\/2025\/02\/trend-logo-1.webp",800,400,false],"2048x2048":["https:\/\/www.arete.eu\/wp-content\/uploads\/2025\/02\/trend-logo-1.webp",800,400,false]},"rttpg_author":{"display_name":"newadmin","author_link":"https:\/\/www.arete.eu\/cs\/author\/newadmin\/"},"rttpg_comment":0,"rttpg_category":"<a href=\"https:\/\/www.arete.eu\/cs\/category\/praha-cs\/\" rel=\"category tag\">Praha<\/a>","rttpg_excerpt":"Trh nemovitost\u00ed v r\u00e1mci cel\u00e9 Evropy dostal v minul\u00e9m roce zabrat, ov\u0161em ne v\u0161echny segmenty na krizovou situaci doplatily. Jako nejodoln\u011bj\u0161\u00ed t\u0159\u00edda nemovitostn\u00ed se v krizi uk\u00e1zaly pr\u00e1v\u011b ty logistick\u00e9. \u201eNap\u0159\u00edklad v porovn\u00e1n\u00ed s kancel\u00e1\u0159sk\u00fdm trhem nebo trhem n\u00e1kupn\u00edch center, kde do\u0161lo minul\u00fd rok k poklesu, segment pr\u016fmyslov\u00fdch nemovitost\u00ed pokra\u010doval ve stabiln\u00edm r\u016fstu,\u201c konstatuje n\u00e1\u0161&hellip;","_links":{"self":[{"href":"https:\/\/www.arete.eu\/cs\/wp-json\/wp\/v2\/posts\/14108","targetHints":{"allow":["GET"]}}],"collection":[{"href":"https:\/\/www.arete.eu\/cs\/wp-json\/wp\/v2\/posts"}],"about":[{"href":"https:\/\/www.arete.eu\/cs\/wp-json\/wp\/v2\/types\/post"}],"author":[{"embeddable":true,"href":"https:\/\/www.arete.eu\/cs\/wp-json\/wp\/v2\/users\/6"}],"replies":[{"embeddable":true,"href":"https:\/\/www.arete.eu\/cs\/wp-json\/wp\/v2\/comments?post=14108"}],"version-history":[{"count":0,"href":"https:\/\/www.arete.eu\/cs\/wp-json\/wp\/v2\/posts\/14108\/revisions"}],"wp:featuredmedia":[{"embeddable":true,"href":"https:\/\/www.arete.eu\/cs\/wp-json\/wp\/v2\/media\/13638"}],"wp:attachment":[{"href":"https:\/\/www.arete.eu\/cs\/wp-json\/wp\/v2\/media?parent=14108"}],"wp:term":[{"taxonomy":"category","embeddable":true,"href":"https:\/\/www.arete.eu\/cs\/wp-json\/wp\/v2\/categories?post=14108"},{"taxonomy":"post_tag","embeddable":true,"href":"https:\/\/www.arete.eu\/cs\/wp-json\/wp\/v2\/tags?post=14108"}],"curies":[{"name":"wp","href":"https:\/\/api.w.org\/{rel}","templated":true}]}}