{"id":14103,"date":"2021-10-19T10:13:31","date_gmt":"2021-10-19T10:13:31","guid":{"rendered":"https:\/\/www.arete.eu\/investicni-cyklus-investicniho-fondu-fondu-arete-invest-s-variabilnim-kapitalem-vyporadal-vsechny-investory-a-uzavrel-investicni-cyklus-3\/"},"modified":"2021-10-19T10:13:31","modified_gmt":"2021-10-19T10:13:31","slug":"investicni-cyklus-investicniho-fondu-fondu-arete-invest-s-variabilnim-kapitalem-vyporadal-vsechny-investory-a-uzavrel-investicni-cyklus-3","status":"publish","type":"post","link":"https:\/\/www.arete.eu\/cs\/investicni-cyklus-investicniho-fondu-fondu-arete-invest-s-variabilnim-kapitalem-vyporadal-vsechny-investory-a-uzavrel-investicni-cyklus-3\/","title":{"rendered":"Investi\u010dn\u00ed cyklus investi\u010dn\u00edho fondu fondu ARETE Invest s variabiln\u00edm kapit\u00e1lem vypo\u0159\u00e1dal v\u0161echny investory a uzav\u0159el investi\u010dn\u00ed cyklus"},"content":{"rendered":"<p>Investi\u010dn\u00ed a nemovitostn\u00ed skupina ARETE, jej\u00ed\u017e sou\u010d\u00e1st\u00ed jsou fondy investuj\u00edc\u00ed do nemovitost\u00ed, postupn\u011b napl\u0148uje strategii a investi\u010dn\u00ed c\u00edle sv\u00e9ho t\u0159et\u00edho fondu ARETE Industrial, kter\u00e9 si stanovila pro tento rok. Z\u00e1rove\u0148 intenzivn\u011b zkvalit\u0148uje t\u00fdm skupiny. Z pozice \u010dlena dozor\u010d\u00ed rady fondu ARETE Industrial a mana\u017eera zodpov\u011bdn\u00e9ho za transakce skupiny pos\u00edlil t\u00fdm na konci z\u00e1\u0159\u00ed Miroslav Barn\u00e1\u0161, kter\u00fd v\u00edce jak 15 let p\u016fsobil ve skupin\u011b Jones Lang LaSalle (JLL), p\u0159i\u010dem\u017e posledn\u00ed 4 roky na pozici CEO Czech Republic &amp; Slovakia. Prvn\u00edho \u0159\u00edjna nastoupila na pozici Chief Legal Officer skupiny ARETE Alica Koblovsk\u00e1, kter\u00e1 dlouh\u00e1 l\u00e9ta p\u016fsobila v advok\u00e1tn\u00ed kancel\u00e1\u0159i Kocian \u0160olc Bala\u0161t\u00edk a naposledy se spolupod\u00edlela z pozice General Counsel na \u0159\u00edzen\u00ed family office BM Management. Alica se z\u00e1rove\u0148 stala \u010dlenkou dozor\u010d\u00ed rady fondu ARETE Industrial.    <\/p>\n<p><i>\u201eNa tento rok jsme si dali za c\u00edl, \u017ee zrealizujeme celkem p\u011bt transakc\u00ed v celkov\u00e9 hodnot\u011b 1,5 miliardy \u010desk\u00fdch korun. Co do struktury obchod\u016f nyn\u00ed m\u00edrn\u011b p\u0159eva\u017euj\u00ed nov\u00e9 developersk\u00e9 projekty p\u0159ed v\u00fdnosov\u00fdmi aktivy, nicm\u00e9n\u011b pro akvizice v p\u0159\u00ed\u0161t\u00edm roce posuzujeme a prov\u00e1d\u00edme due diligence p\u0159ev\u00e1\u017en\u011b na v\u00fdnosov\u00e1 aktiva. Jsem optimista, investi\u010dn\u00ed c\u00edle stanoven\u00e9 na tento rok velmi pravd\u011bpodobn\u011b dodr\u017e\u00edme. Z\u00e1rove\u0148 jsme zaznamenali pozitivn\u00ed ohlas od investor\u016f na uzav\u0159en\u00ed na\u0161eho druh\u00e9ho podfondu. Z tohoto d\u016fvodu se n\u00e1m da\u0159\u00ed tak\u00e9 napl\u0148ovat c\u00edle v oblasti fundraisingu,\u201c    <\/i> uzav\u00edr\u00e1 pozitivn\u00ed hodnocen\u00ed rozvoje t\u0159et\u00edho fondu Robert Ides, spoluzakladatel skupiny ARETE.<\/p>\n<p>Lubor Svoboda, druh\u00fd spoluzakladatel skupiny ARETE navazuje: <i>\u201eAbychom byli schopni napl\u0148ovat stanoven\u00e9 rozvojov\u00e9 c\u00edle skupiny a na\u0161ich fond\u016f, je nezbytn\u00e9, abychom st\u00e1le posilovali n\u00e1\u0161 t\u00fdm. M\u00e1m velkou radost, \u017ee nyn\u00ed na pozici \u010dlena dozor\u010d\u00ed rady fondu ARETE Industrial a mana\u017eera zodpov\u011bdn\u00e9ho za transakce skupiny ARETE nastupuje Miro Barn\u00e1\u0161, jeho\u017e zku\u0161enosti z \u0159\u00edzen\u00ed skupiny JLL v \u010cR a na Slovensku nepochybn\u011b budou napom\u00e1hat k formov\u00e1n\u00ed stabiln\u00edho a v\u00fdnosov\u00e9ho portfolia na\u0161eho t\u0159et\u00edho fondu. Miro m\u00e1 p\u0159es 15 let zku\u0161enost\u00ed v oblasti komer\u010dn\u00edch nemovitost\u00ed, zejm\u00e9na v oblasti investic, oce\u0148ov\u00e1n\u00ed, pron\u00e1jm\u016f, v\u00fdstavby a spr\u00e1vy nemovitost\u00ed. Vedl nebo se spolupod\u00edlel na cel\u00e9 \u0159ad\u011b akvizi\u010dn\u00edch nebo prodejn\u00edch transakc\u00edch na kapit\u00e1lov\u00fdch trz\u00edch v zem\u00edch st\u0159edn\u00ed a v\u00fdchodn\u00ed Evropy, zejm\u00e9na \u010cR a SR. V letech 2011 \u2013 2020 p\u016fsobil v mezin\u00e1rodn\u00ed realitn\u00ed poradensk\u00e9 spole\u010dnosti Jones Lang LaSalle, p\u0159i\u010dem\u017e zast\u00e1val r\u016fzn\u00e9 mana\u017eersk\u00e9 a \u0159\u00edd\u00edc\u00ed pozice (Managing Director, Head of Capital Markets, CEO). Vystudoval Ekonomickou univerzitu v Bratislav\u011b a od 2011 je \u010dlenem Kr\u00e1lovsk\u00e9ho institutu diplomovan\u00fdch znalc\u016f (RICS).\u201c     <\/i><\/p>\n<p>Druhou v\u00fdznamnou posilou t\u00fdmu ARETE je Alica Koblovsk\u00e1. Alica p\u016fsobila p\u0159es 6 let v advok\u00e1tn\u00ed kancel\u00e1\u0159i Kocian \u0160olc Bala\u0161t\u00edk, p\u0159i\u010dem\u017e se zam\u011b\u0159ovala zejm\u00e9na na oblast nemovitost\u00ed a obchodn\u00edho pr\u00e1va. Do ARETE p\u0159ich\u00e1z\u00ed z family office BM Management, kde v posledn\u00edch v\u00edce jak 4 letech zast\u00e1vala pozici General Counsel. Pod\u00edlela se mezin\u00e1rodn\u00edch transakc\u00edch spole\u010dnosti v oblasti Venture Capital &amp; Private Equity. Lubor Svoboda dopl\u0148uje:     <i>\u201eAlica bude z pozice Chief Legal Officer skupiny a \u010dlena dozor\u010d\u00ed rady fondu ARETE Industrial odpov\u011bdn\u00e1 za pr\u00e1vn\u00ed a procesn\u00ed podporu na\u0161\u00edch projekt\u016f a investi\u010dn\u00ed struktury. Jsem p\u0159esv\u011bd\u010den, \u017ee jej\u00ed pr\u00e1vn\u00ed pohled s byznysov\u00fdm p\u0159esahem n\u00e1m pom\u016f\u017ee v \u00fasp\u011b\u0161n\u00e9m r\u016fstu a napl\u0148ovan\u00ed zejm\u00e9na akvizi\u010dn\u00edch c\u00edl\u016f na\u0161ich fond\u016f.\u201c <\/i><\/p>\n","protected":false},"excerpt":{"rendered":"<p>Investi\u010dn\u00ed a nemovitostn\u00ed skupina ARETE, jej\u00ed\u017e sou\u010d\u00e1st\u00ed jsou fondy investuj\u00edc\u00ed do nemovitost\u00ed, postupn\u011b napl\u0148uje strategii a investi\u010dn\u00ed c\u00edle sv\u00e9ho t\u0159et\u00edho fondu ARETE Industrial, kter\u00e9 si stanovila pro tento rok. Z\u00e1rove\u0148 intenzivn\u011b zkvalit\u0148uje t\u00fdm skupiny. Z pozice \u010dlena dozor\u010d\u00ed rady fondu ARETE Industrial a mana\u017eera zodpov\u011bdn\u00e9ho za transakce skupiny pos\u00edlil t\u00fdm na konci z\u00e1\u0159\u00ed Miroslav Barn\u00e1\u0161, kter\u00fd v\u00edce jak 15 let p\u016fsobil ve skupin\u011b Jones Lang LaSalle (JLL), p\u0159i\u010dem\u017e posledn\u00ed 4 roky na pozici CEO Czech Republic &amp; Slovakia. Prvn\u00edho \u0159\u00edjna nastoupila na pozici Chief Legal Officer skupiny ARETE Alica Koblovsk\u00e1, kter\u00e1 dlouh\u00e1 l\u00e9ta p\u016fsobila v advok\u00e1tn\u00ed kancel\u00e1\u0159i Kocian \u0160olc Bala\u0161t\u00edk a naposledy se spolupod\u00edlela z pozice General Counsel na \u0159\u00edzen\u00ed family office BM Management. Alica se z\u00e1rove\u0148 stala \u010dlenkou dozor\u010d\u00ed rady fondu ARETE Industrial. \u201eNa tento rok jsme si dali za c\u00edl, \u017ee zrealizujeme celkem p\u011bt transakc\u00ed v celkov\u00e9 hodnot\u011b 1,5 miliardy \u010desk\u00fdch korun. Co do struktury obchod\u016f nyn\u00ed m\u00edrn\u011b p\u0159eva\u017euj\u00ed nov\u00e9 developersk\u00e9 projekty p\u0159ed v\u00fdnosov\u00fdmi aktivy, nicm\u00e9n\u011b pro akvizice v p\u0159\u00ed\u0161t\u00edm roce posuzujeme a prov\u00e1d\u00edme due diligence p\u0159ev\u00e1\u017en\u011b na v\u00fdnosov\u00e1 aktiva. Jsem optimista, investi\u010dn\u00ed c\u00edle stanoven\u00e9 na tento rok velmi pravd\u011bpodobn\u011b dodr\u017e\u00edme. Z\u00e1rove\u0148 jsme zaznamenali pozitivn\u00ed ohlas od investor\u016f na uzav\u0159en\u00ed na\u0161eho druh\u00e9ho podfondu. Z tohoto d\u016fvodu se n\u00e1m da\u0159\u00ed tak\u00e9 napl\u0148ovat c\u00edle v oblasti fundraisingu,\u201c uzav\u00edr\u00e1 pozitivn\u00ed hodnocen\u00ed rozvoje t\u0159et\u00edho fondu Robert Ides, spoluzakladatel skupiny ARETE. Lubor Svoboda, druh\u00fd spoluzakladatel skupiny ARETE navazuje: \u201eAbychom byli schopni napl\u0148ovat stanoven\u00e9 rozvojov\u00e9 c\u00edle skupiny a na\u0161ich fond\u016f, je nezbytn\u00e9, abychom st\u00e1le posilovali n\u00e1\u0161 t\u00fdm. M\u00e1m velkou radost, \u017ee nyn\u00ed na pozici \u010dlena dozor\u010d\u00ed rady fondu ARETE Industrial a mana\u017eera zodpov\u011bdn\u00e9ho za transakce skupiny ARETE nastupuje Miro Barn\u00e1\u0161, jeho\u017e zku\u0161enosti z \u0159\u00edzen\u00ed skupiny JLL v \u010cR a na Slovensku nepochybn\u011b budou napom\u00e1hat k formov\u00e1n\u00ed stabiln\u00edho a v\u00fdnosov\u00e9ho portfolia na\u0161eho t\u0159et\u00edho fondu. Miro m\u00e1 p\u0159es 15 let zku\u0161enost\u00ed v oblasti komer\u010dn\u00edch nemovitost\u00ed, zejm\u00e9na v oblasti investic, oce\u0148ov\u00e1n\u00ed, pron\u00e1jm\u016f, v\u00fdstavby a spr\u00e1vy nemovitost\u00ed. Vedl nebo se spolupod\u00edlel na cel\u00e9 \u0159ad\u011b akvizi\u010dn\u00edch nebo prodejn\u00edch transakc\u00edch na kapit\u00e1lov\u00fdch trz\u00edch v zem\u00edch st\u0159edn\u00ed a v\u00fdchodn\u00ed Evropy, zejm\u00e9na \u010cR a SR. V letech 2011 \u2013 2020 p\u016fsobil v mezin\u00e1rodn\u00ed realitn\u00ed poradensk\u00e9 spole\u010dnosti Jones Lang LaSalle, p\u0159i\u010dem\u017e zast\u00e1val r\u016fzn\u00e9 mana\u017eersk\u00e9 a \u0159\u00edd\u00edc\u00ed pozice (Managing Director, Head of Capital Markets, CEO). Vystudoval Ekonomickou univerzitu v Bratislav\u011b a od 2011 je \u010dlenem Kr\u00e1lovsk\u00e9ho institutu diplomovan\u00fdch znalc\u016f (RICS).\u201c Druhou v\u00fdznamnou posilou t\u00fdmu ARETE je Alica Koblovsk\u00e1. Alica p\u016fsobila p\u0159es 6 let v advok\u00e1tn\u00ed kancel\u00e1\u0159i Kocian \u0160olc Bala\u0161t\u00edk, p\u0159i\u010dem\u017e se zam\u011b\u0159ovala zejm\u00e9na na oblast nemovitost\u00ed a obchodn\u00edho pr\u00e1va. Do ARETE p\u0159ich\u00e1z\u00ed z family office BM Management, kde v posledn\u00edch v\u00edce jak 4 letech zast\u00e1vala pozici General Counsel. Pod\u00edlela se mezin\u00e1rodn\u00edch transakc\u00edch spole\u010dnosti v oblasti Venture Capital &amp; Private Equity. Lubor Svoboda dopl\u0148uje: \u201eAlica bude z pozice Chief Legal Officer skupiny a \u010dlena dozor\u010d\u00ed rady fondu ARETE Industrial odpov\u011bdn\u00e1 za pr\u00e1vn\u00ed a procesn\u00ed podporu na\u0161\u00edch projekt\u016f a investi\u010dn\u00ed struktury. Jsem p\u0159esv\u011bd\u010den, \u017ee jej\u00ed pr\u00e1vn\u00ed pohled s byznysov\u00fdm p\u0159esahem n\u00e1m pom\u016f\u017ee v \u00fasp\u011b\u0161n\u00e9m r\u016fstu a napl\u0148ovan\u00ed zejm\u00e9na akvizi\u010dn\u00edch c\u00edl\u016f na\u0161ich fond\u016f.\u201c<\/p>\n","protected":false},"author":6,"featured_media":14034,"comment_status":"open","ping_status":"open","sticky":false,"template":"@@single-custom-post.php","format":"standard","meta":{"_acf_changed":false,"footnotes":""},"categories":[63],"tags":[],"class_list":["post-14103","post","type-post","status-publish","format-standard","has-post-thumbnail","hentry","category-praha-cs","investment-clanky-esg","news-novinky"],"acf":[],"rttpg_featured_image_url":{"full":["https:\/\/www.arete.eu\/wp-content\/uploads\/2025\/02\/arete-velka-ida-022-1.webp",1200,750,false],"landscape":["https:\/\/www.arete.eu\/wp-content\/uploads\/2025\/02\/arete-velka-ida-022-1.webp",1200,750,false],"portraits":["https:\/\/www.arete.eu\/wp-content\/uploads\/2025\/02\/arete-velka-ida-022-1.webp",1200,750,false],"thumbnail":["https:\/\/www.arete.eu\/wp-content\/uploads\/2025\/02\/arete-velka-ida-022-1-150x150.webp",150,150,true],"medium":["https:\/\/www.arete.eu\/wp-content\/uploads\/2025\/02\/arete-velka-ida-022-1-300x188.webp",300,188,true],"large":["https:\/\/www.arete.eu\/wp-content\/uploads\/2025\/02\/arete-velka-ida-022-1-1024x640.webp",800,500,true],"1536x1536":["https:\/\/www.arete.eu\/wp-content\/uploads\/2025\/02\/arete-velka-ida-022-1.webp",1200,750,false],"2048x2048":["https:\/\/www.arete.eu\/wp-content\/uploads\/2025\/02\/arete-velka-ida-022-1.webp",1200,750,false]},"rttpg_author":{"display_name":"newadmin","author_link":"https:\/\/www.arete.eu\/cs\/author\/newadmin\/"},"rttpg_comment":0,"rttpg_category":"<a href=\"https:\/\/www.arete.eu\/cs\/category\/praha-cs\/\" rel=\"category tag\">Praha<\/a>","rttpg_excerpt":"Investi\u010dn\u00ed a nemovitostn\u00ed skupina ARETE, jej\u00ed\u017e sou\u010d\u00e1st\u00ed jsou fondy investuj\u00edc\u00ed do nemovitost\u00ed, postupn\u011b napl\u0148uje strategii a investi\u010dn\u00ed c\u00edle sv\u00e9ho t\u0159et\u00edho fondu ARETE Industrial, kter\u00e9 si stanovila pro tento rok. Z\u00e1rove\u0148 intenzivn\u011b zkvalit\u0148uje t\u00fdm skupiny. Z pozice \u010dlena dozor\u010d\u00ed rady fondu ARETE Industrial a mana\u017eera zodpov\u011bdn\u00e9ho za transakce skupiny pos\u00edlil t\u00fdm na konci z\u00e1\u0159\u00ed Miroslav Barn\u00e1\u0161,&hellip;","_links":{"self":[{"href":"https:\/\/www.arete.eu\/cs\/wp-json\/wp\/v2\/posts\/14103","targetHints":{"allow":["GET"]}}],"collection":[{"href":"https:\/\/www.arete.eu\/cs\/wp-json\/wp\/v2\/posts"}],"about":[{"href":"https:\/\/www.arete.eu\/cs\/wp-json\/wp\/v2\/types\/post"}],"author":[{"embeddable":true,"href":"https:\/\/www.arete.eu\/cs\/wp-json\/wp\/v2\/users\/6"}],"replies":[{"embeddable":true,"href":"https:\/\/www.arete.eu\/cs\/wp-json\/wp\/v2\/comments?post=14103"}],"version-history":[{"count":0,"href":"https:\/\/www.arete.eu\/cs\/wp-json\/wp\/v2\/posts\/14103\/revisions"}],"wp:featuredmedia":[{"embeddable":true,"href":"https:\/\/www.arete.eu\/cs\/wp-json\/wp\/v2\/media\/14034"}],"wp:attachment":[{"href":"https:\/\/www.arete.eu\/cs\/wp-json\/wp\/v2\/media?parent=14103"}],"wp:term":[{"taxonomy":"category","embeddable":true,"href":"https:\/\/www.arete.eu\/cs\/wp-json\/wp\/v2\/categories?post=14103"},{"taxonomy":"post_tag","embeddable":true,"href":"https:\/\/www.arete.eu\/cs\/wp-json\/wp\/v2\/tags?post=14103"}],"curies":[{"name":"wp","href":"https:\/\/api.w.org\/{rel}","templated":true}]}}