{"id":14100,"date":"2021-04-30T10:07:55","date_gmt":"2021-04-30T10:07:55","guid":{"rendered":"https:\/\/www.arete.eu\/my-v-arete-jsme-jeho-hrdym-partnerem\/"},"modified":"2025-03-18T05:58:17","modified_gmt":"2025-03-18T05:58:17","slug":"my-v-arete-jsme-jeho-hrdym-partnerem","status":"publish","type":"post","link":"https:\/\/www.arete.eu\/cs\/my-v-arete-jsme-jeho-hrdym-partnerem\/","title":{"rendered":"My v ARETE jsme jeho hrd\u00fdm partnerem."},"content":{"rendered":"<p>St\u00e1le pro\u017e\u00edv\u00e1 v\u00fdrazn\u00fd progres v kari\u00e9\u0159e. Lo\u0148sk\u00fd rok golfista Ond\u0159ej Lieser kon\u010dil po skoku na 179. m\u00edst\u011b sv\u011btov\u00e9ho \u017eeb\u0159\u00ed\u010dku. Po triumfu na Challenge Tour si zajistil letos start na nejpresti\u017en\u011bj\u0161\u00ed tour star\u00e9ho kontinentu, European Tour, a co v\u00edc, v \u010dervenci by m\u011bl h\u00e1jit \u010desk\u00e9 barvy i na olympijsk\u00fdch hr\u00e1ch v Tokiu.  <\/p>\n<p>Co v\u0161echno stoj\u00ed za jeho zlep\u0161en\u00edm, sd\u011blil pro Sportovn\u00ed zpr\u00e1vy. Na cel\u00fd videorozhovor s Ond\u0159ejem se m\u016f\u017eete pod\u00edvat na tomto odkaze: <a href=\"https:\/\/lnkd.in\/gGjeEnd\" target=\"_blank\" rel=\"noopener\">https:\/\/lnkd.in\/gGjeEnd<\/a> <\/p>\n","protected":false},"excerpt":{"rendered":"<p>St\u00e1le pro\u017e\u00edv\u00e1 v\u00fdrazn\u00fd progres v kari\u00e9\u0159e. Lo\u0148sk\u00fd rok golfista Ond\u0159ej Lieser kon\u010dil po skoku na 179. m\u00edst\u011b sv\u011btov\u00e9ho \u017eeb\u0159\u00ed\u010dku. Po triumfu na Challenge Tour si zajistil letos start na nejpresti\u017en\u011bj\u0161\u00ed tour star\u00e9ho kontinentu, European Tour, a co v\u00edc, v \u010dervenci by m\u011bl h\u00e1jit \u010desk\u00e9 barvy i na olympijsk\u00fdch hr\u00e1ch v Tokiu. Co v\u0161echno stoj\u00ed za jeho zlep\u0161en\u00edm, sd\u011blil pro Sportovn\u00ed zpr\u00e1vy. Na cel\u00fd videorozhovor s Ond\u0159ejem se m\u016f\u017eete pod\u00edvat na tomto odkaze: https:\/\/lnkd.in\/gGjeEnd<\/p>\n","protected":false},"author":6,"featured_media":10007,"comment_status":"open","ping_status":"open","sticky":false,"template":"@@single-custom-post.php","format":"standard","meta":{"_acf_changed":false,"footnotes":""},"categories":[63],"tags":[],"class_list":["post-14100","post","type-post","status-publish","format-standard","has-post-thumbnail","hentry","category-praha-cs","investment-clanky-esg","news-rozhovory"],"acf":[],"rttpg_featured_image_url":{"full":["https:\/\/www.arete.eu\/wp-content\/uploads\/2025\/02\/1a0a0230.webp",2048,1365,false],"landscape":["https:\/\/www.arete.eu\/wp-content\/uploads\/2025\/02\/1a0a0230.webp",2048,1365,false],"portraits":["https:\/\/www.arete.eu\/wp-content\/uploads\/2025\/02\/1a0a0230.webp",2048,1365,false],"thumbnail":["https:\/\/www.arete.eu\/wp-content\/uploads\/2025\/02\/1a0a0230-150x150.webp",150,150,true],"medium":["https:\/\/www.arete.eu\/wp-content\/uploads\/2025\/02\/1a0a0230-300x200.webp",300,200,true],"large":["https:\/\/www.arete.eu\/wp-content\/uploads\/2025\/02\/1a0a0230-1024x683.webp",800,534,true],"1536x1536":["https:\/\/www.arete.eu\/wp-content\/uploads\/2025\/02\/1a0a0230-1536x1024.webp",1536,1024,true],"2048x2048":["https:\/\/www.arete.eu\/wp-content\/uploads\/2025\/02\/1a0a0230.webp",2048,1365,false]},"rttpg_author":{"display_name":"newadmin","author_link":"https:\/\/www.arete.eu\/cs\/author\/newadmin\/"},"rttpg_comment":0,"rttpg_category":"<a href=\"https:\/\/www.arete.eu\/cs\/category\/praha-cs\/\" rel=\"category tag\">Praha<\/a>","rttpg_excerpt":"St\u00e1le pro\u017e\u00edv\u00e1 v\u00fdrazn\u00fd progres v kari\u00e9\u0159e. Lo\u0148sk\u00fd rok golfista Ond\u0159ej Lieser kon\u010dil po skoku na 179. m\u00edst\u011b sv\u011btov\u00e9ho \u017eeb\u0159\u00ed\u010dku. Po triumfu na Challenge Tour si zajistil letos start na nejpresti\u017en\u011bj\u0161\u00ed tour star\u00e9ho kontinentu, European Tour, a co v\u00edc, v \u010dervenci by m\u011bl h\u00e1jit \u010desk\u00e9 barvy i na olympijsk\u00fdch hr\u00e1ch v Tokiu. Co v\u0161echno stoj\u00ed za&hellip;","_links":{"self":[{"href":"https:\/\/www.arete.eu\/cs\/wp-json\/wp\/v2\/posts\/14100","targetHints":{"allow":["GET"]}}],"collection":[{"href":"https:\/\/www.arete.eu\/cs\/wp-json\/wp\/v2\/posts"}],"about":[{"href":"https:\/\/www.arete.eu\/cs\/wp-json\/wp\/v2\/types\/post"}],"author":[{"embeddable":true,"href":"https:\/\/www.arete.eu\/cs\/wp-json\/wp\/v2\/users\/6"}],"replies":[{"embeddable":true,"href":"https:\/\/www.arete.eu\/cs\/wp-json\/wp\/v2\/comments?post=14100"}],"version-history":[{"count":1,"href":"https:\/\/www.arete.eu\/cs\/wp-json\/wp\/v2\/posts\/14100\/revisions"}],"predecessor-version":[{"id":15555,"href":"https:\/\/www.arete.eu\/cs\/wp-json\/wp\/v2\/posts\/14100\/revisions\/15555"}],"wp:featuredmedia":[{"embeddable":true,"href":"https:\/\/www.arete.eu\/cs\/wp-json\/wp\/v2\/media\/10007"}],"wp:attachment":[{"href":"https:\/\/www.arete.eu\/cs\/wp-json\/wp\/v2\/media?parent=14100"}],"wp:term":[{"taxonomy":"category","embeddable":true,"href":"https:\/\/www.arete.eu\/cs\/wp-json\/wp\/v2\/categories?post=14100"},{"taxonomy":"post_tag","embeddable":true,"href":"https:\/\/www.arete.eu\/cs\/wp-json\/wp\/v2\/tags?post=14100"}],"curies":[{"name":"wp","href":"https:\/\/api.w.org\/{rel}","templated":true}]}}