{"id":14095,"date":"2021-10-08T10:03:23","date_gmt":"2021-10-08T10:03:23","guid":{"rendered":"https:\/\/www.arete.eu\/treti-fond-skupiny-arete-zaznamenal-mimoradny-uspech-a-dokoncil-akvizici-vyrobniho-a-skladovaci-arealu-s-rozvojovym-potencialem-v-prumyslove-zone-plzen-borska-pole-investice-v-plzni-dosahno\/"},"modified":"2025-03-05T10:06:05","modified_gmt":"2025-03-05T10:06:05","slug":"treti-fond-skupiny-arete-zaznamenal-mimoradny-uspech-a-dokoncil-akvizici-vyrobniho-a-skladovaci-arealu-s-rozvojovym-potencialem-v-prumyslove-zone-plzen-borska-pole-investice-v-plzni-dosahno","status":"publish","type":"post","link":"https:\/\/www.arete.eu\/cs\/treti-fond-skupiny-arete-zaznamenal-mimoradny-uspech-a-dokoncil-akvizici-vyrobniho-a-skladovaci-arealu-s-rozvojovym-potencialem-v-prumyslove-zone-plzen-borska-pole-investice-v-plzni-dosahno\/","title":{"rendered":"T\u0159et\u00ed fond skupiny ARETE zaznamenal mimo\u0159\u00e1dn\u00fd \u00fasp\u011bch a dokon\u010dil akvizici v\u00fdrobn\u00edho a skladovac\u00ed are\u00e1lu s rozvojov\u00fdm potenci\u00e1lem v pr\u016fmyslov\u00e9 z\u00f3n\u011b Plze\u0148 \u2013 Borsk\u00e1 pole. Investice v Plzni dos\u00e1hnou t\u00e9m\u011b\u0159 20 mili\u00f3n\u016f EUR"},"content":{"rendered":"&#13;\n<p>T\u0159et\u00ed fond skupiny ARETE zam\u011b\u0159en\u00fd na kvalitn\u00ed pr\u016fmyslov\u00e1 a logistick\u00e1 aktiva v regionu st\u0159edn\u00ed a v\u00fdchodn\u00ed Evropy dokon\u010dil v \u0159\u00edjnu jednu z kl\u00ed\u010dov\u00fdch akvizic tohoto roku &#8211; v\u00fdrobn\u00ed a skladovac\u00ed are\u00e1l v pr\u016fmyslov\u00e9 z\u00f3n\u011b Plze\u0148 \u2013 Borsk\u00e1 pole. Po dokon\u010den\u00ed v\u0161ech f\u00e1z\u00ed developmentu poskytne nov\u00fd ARETE PARK Plze\u0148 Borsk\u00e1 pole celkem 18.202 m2 pr\u00e9miov\u00fdch ploch pro lehkou v\u00fdrobu, mont\u00e1\u017e a logistiku. Fond ARETE pl\u00e1nuje proinvestovat v nov\u00e9m parku t\u00e9m\u011b\u0159 20 mili\u00f3n\u016f EUR.   <i>\u201eAkvizice v pr\u016fmyslov\u00e9 z\u00f3n\u011b Plze\u0148 \u2013 Borsk\u00e1 pole byla jednou z nejvy\u0161\u0161\u00edch priorit, kterou jsme si pro leto\u0161n\u00ed rok v r\u00e1mci investi\u010dn\u00ed strategie na\u0161eho t\u0159et\u00edho fondu stanovili a m\u00e1me velkou radost, \u017ee se poda\u0159ilo akvizici dokon\u010dit. Lokalita Borsk\u00fdch pol\u00ed je historicky centrem v\u00fdroby a logistiky v regionu a je dlouhodob\u011b pova\u017eov\u00e1na za pr\u00e9miovou v r\u00e1mci cel\u00e9 \u010cesk\u00e9 republiky. Nejedn\u00e1 se pouze o logistiku a v\u00fdrobu, ale p\u0159edev\u0161\u00edm o high-tech v\u00fdzkumn\u00e1 a v\u00fdvojov\u00e1 centra a dal\u0161\u00ed vysoce kvalifikovan\u00e9 \u010dinnosti. Napojen\u00ed pr\u016fmyslov\u00e9 z\u00f3ny Borsk\u00e1 pole je zaji\u0161t\u011bno dv\u011bma d\u00e1lni\u010dn\u00edmi p\u0159evad\u011b\u010di v dostupnosti 5 minut na d\u00e1lnici D5 spojuj\u00edc\u00ed Prahu a N\u011bmecko,\u201c<\/i> uvedl Lubor Svoboda, spoluzakladatel skupiny ARETE. <i>\u201eV are\u00e1lu je okam\u017eit\u011b k dispozici 6.000 m2 n\u00e1jemn\u00edch ploch pro kr\u00e1tkodob\u00fd a\u017e st\u0159edn\u011bdob\u00fd pron\u00e1jem. Strategick\u00fdm z\u00e1m\u011brem je v\u0161ak development cel\u00e9ho parku, kter\u00fd poskytne v\u00edce jak 18.000 m2 pr\u00e9miov\u00fdch ploch pro lehkou v\u00fdrobu, mont\u00e1\u017e a logistiku. Specifikace v\u00fdrobn\u00edch a skladovac\u00edch ploch spl\u0148uje nejnov\u011bj\u0161\u00ed standardy, jako jsou nap\u0159\u00edklad LED osv\u011btlen\u00ed, 10,5 m skladovac\u00ed v\u00fd\u0161ku, vynikaj\u00edc\u00ed tepeln\u011b izola\u010dn\u00ed parametry, betonov\u00e9 venkovn\u00ed povrchy apod.. Ve\u0161ker\u00e9 konstruk\u010dn\u00ed specifikace si kladou za c\u00edl minimalizovat provozn\u00ed n\u00e1klady pro koncov\u00e9 u\u017eivatele parku. V r\u00e1mci nov\u00e9 v\u00fdstavby budou aplikov\u00e1ny principy dlouhodob\u00e9 udr\u017eitelnosti cel\u00e9ho projektu, vyu\u017e\u00edv\u00e1n\u00ed obnoviteln\u00fdch zdroj\u016f energie a samoz\u0159ejmost\u00ed bude tak\u00e9 certifikace BREEAM. \u00dapln\u00e9 dokon\u010den\u00ed parku pl\u00e1nujeme na konec roku 2022,\u201c     <\/i> up\u0159es\u0148uje Robert Ides, druh\u00fd spoluzakladatel skupiny ARETE. <i>&#8222;Dokon\u010den\u00ed t\u00e9to transakce je t\u0159et\u00ed z celkem p\u011bti o\u010dek\u00e1van\u00fdch transakc\u00ed v leto\u0161n\u00edm roce. Do konce roku 2021 bychom cht\u011bli ocenit aktiva ve spr\u00e1v\u011b ve v\u00fd\u0161i 1,5 miliardy korun, sest\u00e1vaj\u00edc\u00ed z v\u00fdnosov\u00fdch aktiv a na\u0161eho nov\u00e9ho v\u00fdvoje,&#8220; dodal.  <\/i>uzav\u00edr\u00e1 Lubor Svoboda velmi kladn\u00e9 hodnocen\u00ed t\u00e9to transakce a dosavadn\u00edho v\u00fdvoje t\u0159et\u00edho fondu ARETE.<\/p>","protected":false},"excerpt":{"rendered":"<p>&#13; T\u0159et\u00ed fond skupiny ARETE zam\u011b\u0159en\u00fd na kvalitn\u00ed pr\u016fmyslov\u00e1 a logistick\u00e1 aktiva v regionu st\u0159edn\u00ed a v\u00fdchodn\u00ed Evropy dokon\u010dil v \u0159\u00edjnu jednu z kl\u00ed\u010dov\u00fdch akvizic tohoto roku &#8211; v\u00fdrobn\u00ed a skladovac\u00ed are\u00e1l v pr\u016fmyslov\u00e9 z\u00f3n\u011b Plze\u0148 \u2013 Borsk\u00e1 pole. Po dokon\u010den\u00ed v\u0161ech f\u00e1z\u00ed developmentu poskytne nov\u00fd ARETE PARK Plze\u0148 Borsk\u00e1 pole celkem 18.202 m2 pr\u00e9miov\u00fdch ploch pro lehkou v\u00fdrobu, mont\u00e1\u017e a logistiku. Fond ARETE pl\u00e1nuje proinvestovat v nov\u00e9m parku t\u00e9m\u011b\u0159 20 mili\u00f3n\u016f EUR. \u201eAkvizice v pr\u016fmyslov\u00e9 z\u00f3n\u011b Plze\u0148 \u2013 Borsk\u00e1 pole byla jednou z nejvy\u0161\u0161\u00edch priorit, kterou jsme si pro leto\u0161n\u00ed rok v r\u00e1mci investi\u010dn\u00ed strategie na\u0161eho t\u0159et\u00edho fondu stanovili a m\u00e1me velkou radost, \u017ee se poda\u0159ilo akvizici dokon\u010dit. Lokalita Borsk\u00fdch pol\u00ed je historicky centrem v\u00fdroby a logistiky v regionu a je dlouhodob\u011b pova\u017eov\u00e1na za pr\u00e9miovou v r\u00e1mci cel\u00e9 \u010cesk\u00e9 republiky. Nejedn\u00e1 se pouze o logistiku a v\u00fdrobu, ale p\u0159edev\u0161\u00edm o high-tech v\u00fdzkumn\u00e1 a v\u00fdvojov\u00e1 centra a dal\u0161\u00ed vysoce kvalifikovan\u00e9 \u010dinnosti. Napojen\u00ed pr\u016fmyslov\u00e9 z\u00f3ny Borsk\u00e1 pole je zaji\u0161t\u011bno dv\u011bma d\u00e1lni\u010dn\u00edmi p\u0159evad\u011b\u010di v dostupnosti 5 minut na d\u00e1lnici D5 spojuj\u00edc\u00ed Prahu a N\u011bmecko,\u201c uvedl Lubor Svoboda, spoluzakladatel skupiny ARETE. \u201eV are\u00e1lu je okam\u017eit\u011b k dispozici 6.000 m2 n\u00e1jemn\u00edch ploch pro kr\u00e1tkodob\u00fd a\u017e st\u0159edn\u011bdob\u00fd pron\u00e1jem. Strategick\u00fdm z\u00e1m\u011brem je v\u0161ak development cel\u00e9ho parku, kter\u00fd poskytne v\u00edce jak 18.000 m2 pr\u00e9miov\u00fdch ploch pro lehkou v\u00fdrobu, mont\u00e1\u017e a logistiku. Specifikace v\u00fdrobn\u00edch a skladovac\u00edch ploch spl\u0148uje nejnov\u011bj\u0161\u00ed standardy, jako jsou nap\u0159\u00edklad LED osv\u011btlen\u00ed, 10,5 m skladovac\u00ed v\u00fd\u0161ku, vynikaj\u00edc\u00ed tepeln\u011b izola\u010dn\u00ed parametry, betonov\u00e9 venkovn\u00ed povrchy apod.. Ve\u0161ker\u00e9 konstruk\u010dn\u00ed specifikace si kladou za c\u00edl minimalizovat provozn\u00ed n\u00e1klady pro koncov\u00e9 u\u017eivatele parku. V r\u00e1mci nov\u00e9 v\u00fdstavby budou aplikov\u00e1ny principy dlouhodob\u00e9 udr\u017eitelnosti cel\u00e9ho projektu, vyu\u017e\u00edv\u00e1n\u00ed obnoviteln\u00fdch zdroj\u016f energie a samoz\u0159ejmost\u00ed bude tak\u00e9 certifikace BREEAM. \u00dapln\u00e9 dokon\u010den\u00ed parku pl\u00e1nujeme na konec roku 2022,\u201c up\u0159es\u0148uje Robert Ides, druh\u00fd spoluzakladatel skupiny ARETE. &#8222;Dokon\u010den\u00ed t\u00e9to transakce je t\u0159et\u00ed z celkem p\u011bti o\u010dek\u00e1van\u00fdch transakc\u00ed v leto\u0161n\u00edm roce. Do konce roku 2021 bychom cht\u011bli ocenit aktiva ve spr\u00e1v\u011b ve v\u00fd\u0161i 1,5 miliardy korun, sest\u00e1vaj\u00edc\u00ed z v\u00fdnosov\u00fdch aktiv a na\u0161eho nov\u00e9ho v\u00fdvoje,&#8220; dodal. uzav\u00edr\u00e1 Lubor Svoboda velmi kladn\u00e9 hodnocen\u00ed t\u00e9to transakce a dosavadn\u00edho v\u00fdvoje t\u0159et\u00edho fondu ARETE.<\/p>\n","protected":false},"author":6,"featured_media":9952,"comment_status":"open","ping_status":"open","sticky":false,"template":"@@single-custom-post.php","format":"standard","meta":{"_acf_changed":false,"footnotes":""},"categories":[63],"tags":[],"class_list":["post-14095","post","type-post","status-publish","format-standard","has-post-thumbnail","hentry","category-praha-cs","investment-clanky-esg","news-novinky"],"acf":[],"rttpg_featured_image_url":{"full":["https:\/\/www.arete.eu\/wp-content\/uploads\/2025\/02\/001-perspektiva-ulice-1-scaled.webp",2560,1811,false],"landscape":["https:\/\/www.arete.eu\/wp-content\/uploads\/2025\/02\/001-perspektiva-ulice-1-scaled.webp",2560,1811,false],"portraits":["https:\/\/www.arete.eu\/wp-content\/uploads\/2025\/02\/001-perspektiva-ulice-1-scaled.webp",2560,1811,false],"thumbnail":["https:\/\/www.arete.eu\/wp-content\/uploads\/2025\/02\/001-perspektiva-ulice-1-150x150.webp",150,150,true],"medium":["https:\/\/www.arete.eu\/wp-content\/uploads\/2025\/02\/001-perspektiva-ulice-1-300x212.webp",300,212,true],"large":["https:\/\/www.arete.eu\/wp-content\/uploads\/2025\/02\/001-perspektiva-ulice-1-1024x724.webp",800,566,true],"1536x1536":["https:\/\/www.arete.eu\/wp-content\/uploads\/2025\/02\/001-perspektiva-ulice-1-1536x1086.webp",1536,1086,true],"2048x2048":["https:\/\/www.arete.eu\/wp-content\/uploads\/2025\/02\/001-perspektiva-ulice-1-2048x1448.webp",2048,1448,true]},"rttpg_author":{"display_name":"newadmin","author_link":"https:\/\/www.arete.eu\/cs\/author\/newadmin\/"},"rttpg_comment":0,"rttpg_category":"<a href=\"https:\/\/www.arete.eu\/cs\/category\/praha-cs\/\" rel=\"category tag\">Praha<\/a>","rttpg_excerpt":"&#13; T\u0159et\u00ed fond skupiny ARETE zam\u011b\u0159en\u00fd na kvalitn\u00ed pr\u016fmyslov\u00e1 a logistick\u00e1 aktiva v regionu st\u0159edn\u00ed a v\u00fdchodn\u00ed Evropy dokon\u010dil v \u0159\u00edjnu jednu z kl\u00ed\u010dov\u00fdch akvizic tohoto roku &#8211; v\u00fdrobn\u00ed a skladovac\u00ed are\u00e1l v pr\u016fmyslov\u00e9 z\u00f3n\u011b Plze\u0148 \u2013 Borsk\u00e1 pole. Po dokon\u010den\u00ed v\u0161ech f\u00e1z\u00ed developmentu poskytne nov\u00fd ARETE PARK Plze\u0148 Borsk\u00e1 pole celkem 18.202 m2 pr\u00e9miov\u00fdch&hellip;","_links":{"self":[{"href":"https:\/\/www.arete.eu\/cs\/wp-json\/wp\/v2\/posts\/14095","targetHints":{"allow":["GET"]}}],"collection":[{"href":"https:\/\/www.arete.eu\/cs\/wp-json\/wp\/v2\/posts"}],"about":[{"href":"https:\/\/www.arete.eu\/cs\/wp-json\/wp\/v2\/types\/post"}],"author":[{"embeddable":true,"href":"https:\/\/www.arete.eu\/cs\/wp-json\/wp\/v2\/users\/6"}],"replies":[{"embeddable":true,"href":"https:\/\/www.arete.eu\/cs\/wp-json\/wp\/v2\/comments?post=14095"}],"version-history":[{"count":1,"href":"https:\/\/www.arete.eu\/cs\/wp-json\/wp\/v2\/posts\/14095\/revisions"}],"predecessor-version":[{"id":14096,"href":"https:\/\/www.arete.eu\/cs\/wp-json\/wp\/v2\/posts\/14095\/revisions\/14096"}],"wp:featuredmedia":[{"embeddable":true,"href":"https:\/\/www.arete.eu\/cs\/wp-json\/wp\/v2\/media\/9952"}],"wp:attachment":[{"href":"https:\/\/www.arete.eu\/cs\/wp-json\/wp\/v2\/media?parent=14095"}],"wp:term":[{"taxonomy":"category","embeddable":true,"href":"https:\/\/www.arete.eu\/cs\/wp-json\/wp\/v2\/categories?post=14095"},{"taxonomy":"post_tag","embeddable":true,"href":"https:\/\/www.arete.eu\/cs\/wp-json\/wp\/v2\/tags?post=14095"}],"curies":[{"name":"wp","href":"https:\/\/api.w.org\/{rel}","templated":true}]}}