{"id":14084,"date":"2022-02-25T09:41:12","date_gmt":"2022-02-25T09:41:12","guid":{"rendered":"https:\/\/www.arete.eu\/zahajili-jsme-vystavbu-logistickeho-arealu-ve-valasskem-mezirici\/"},"modified":"2022-02-25T09:41:12","modified_gmt":"2022-02-25T09:41:12","slug":"zahajili-jsme-vystavbu-logistickeho-arealu-ve-valasskem-mezirici","status":"publish","type":"post","link":"https:\/\/www.arete.eu\/cs\/zahajili-jsme-vystavbu-logistickeho-arealu-ve-valasskem-mezirici\/","title":{"rendered":"Zah\u00e1jili jsme v\u00fdstavbu logistick\u00e9ho are\u00e1lu ve Vala\u0161sk\u00e9m Mezi\u0159\u00ed\u010d\u00ed"},"content":{"rendered":"<div class=\"_cms-content art-u-mb-48\">\n<p>T\u0159et\u00ed fond skupiny ARETE zam\u011b\u0159en\u00fd na kvalitn\u00ed pr\u016fmyslov\u00e1 a logistick\u00e1 aktiva v regionu st\u0159edn\u00ed a v\u00fdchodn\u00ed Evropy zah\u00e1jil v\u00fdstavbu logistick\u00e9ho are\u00e1lu ve Vala\u0161sk\u00e9m Mezi\u0159\u00ed\u010d\u00ed. Modern\u00ed park p\u0159inese n\u00e1jemc\u016fm celkem 21.000 m2 pr\u00e9miov\u00fdch n\u00e1jemn\u00edch ploch a investice p\u0159es\u00e1hnou 15 mili\u00f3n\u016f EUR. Dokon\u010den\u00ed prvn\u00edch dvou f\u00e1z\u00ed v\u00fdstavby, kter\u00e9 jsou ji\u017e p\u0159ipravov\u00e1ny pro logistickou spole\u010dnost DB Schenker, je pl\u00e1nov\u00e1no je\u0161t\u011b do konce roku 2022.  <\/p>\n<p>Cel\u00fd \u010dl\u00e1nek <a href=\"https:\/\/lnkd.in\/dqHC2qfA\" target=\"_blank\" rel=\"noopener\">https:\/\/lnkd.in\/dqHC2qfA<\/a><\/p>\n<\/div>\n","protected":false},"excerpt":{"rendered":"<p>T\u0159et\u00ed fond skupiny ARETE zam\u011b\u0159en\u00fd na kvalitn\u00ed pr\u016fmyslov\u00e1 a logistick\u00e1 aktiva v regionu st\u0159edn\u00ed a v\u00fdchodn\u00ed Evropy zah\u00e1jil v\u00fdstavbu logistick\u00e9ho are\u00e1lu ve Vala\u0161sk\u00e9m Mezi\u0159\u00ed\u010d\u00ed. Modern\u00ed park p\u0159inese n\u00e1jemc\u016fm celkem 21.000 m2 pr\u00e9miov\u00fdch n\u00e1jemn\u00edch ploch a investice p\u0159es\u00e1hnou 15 mili\u00f3n\u016f EUR. Dokon\u010den\u00ed prvn\u00edch dvou f\u00e1z\u00ed v\u00fdstavby, kter\u00e9 jsou ji\u017e p\u0159ipravov\u00e1ny pro logistickou spole\u010dnost DB Schenker, je pl\u00e1nov\u00e1no je\u0161t\u011b do konce roku 2022. Cel\u00fd \u010dl\u00e1nek https:\/\/lnkd.in\/dqHC2qfA<\/p>\n","protected":false},"author":6,"featured_media":9878,"comment_status":"open","ping_status":"open","sticky":false,"template":"","format":"standard","meta":{"_acf_changed":false,"footnotes":""},"categories":[63],"tags":[],"class_list":["post-14084","post","type-post","status-publish","format-standard","has-post-thumbnail","hentry","category-praha-cs","investment-clanky-esg","news-novinky"],"acf":[],"rttpg_featured_image_url":{"full":["https:\/\/www.arete.eu\/wp-content\/uploads\/2025\/02\/valmez-vizualizace.webp",1981,1318,false],"landscape":["https:\/\/www.arete.eu\/wp-content\/uploads\/2025\/02\/valmez-vizualizace.webp",1981,1318,false],"portraits":["https:\/\/www.arete.eu\/wp-content\/uploads\/2025\/02\/valmez-vizualizace.webp",1981,1318,false],"thumbnail":["https:\/\/www.arete.eu\/wp-content\/uploads\/2025\/02\/valmez-vizualizace-150x150.webp",150,150,true],"medium":["https:\/\/www.arete.eu\/wp-content\/uploads\/2025\/02\/valmez-vizualizace-300x200.webp",300,200,true],"large":["https:\/\/www.arete.eu\/wp-content\/uploads\/2025\/02\/valmez-vizualizace-1024x681.webp",800,532,true],"1536x1536":["https:\/\/www.arete.eu\/wp-content\/uploads\/2025\/02\/valmez-vizualizace-1536x1022.webp",1536,1022,true],"2048x2048":["https:\/\/www.arete.eu\/wp-content\/uploads\/2025\/02\/valmez-vizualizace.webp",1981,1318,false]},"rttpg_author":{"display_name":"newadmin","author_link":"https:\/\/www.arete.eu\/cs\/author\/newadmin\/"},"rttpg_comment":0,"rttpg_category":"<a href=\"https:\/\/www.arete.eu\/cs\/category\/praha-cs\/\" rel=\"category tag\">Praha<\/a>","rttpg_excerpt":"T\u0159et\u00ed fond skupiny ARETE zam\u011b\u0159en\u00fd na kvalitn\u00ed pr\u016fmyslov\u00e1 a logistick\u00e1 aktiva v regionu st\u0159edn\u00ed a v\u00fdchodn\u00ed Evropy zah\u00e1jil v\u00fdstavbu logistick\u00e9ho are\u00e1lu ve Vala\u0161sk\u00e9m Mezi\u0159\u00ed\u010d\u00ed. Modern\u00ed park p\u0159inese n\u00e1jemc\u016fm celkem 21.000 m2 pr\u00e9miov\u00fdch n\u00e1jemn\u00edch ploch a investice p\u0159es\u00e1hnou 15 mili\u00f3n\u016f EUR. Dokon\u010den\u00ed prvn\u00edch dvou f\u00e1z\u00ed v\u00fdstavby, kter\u00e9 jsou ji\u017e p\u0159ipravov\u00e1ny pro logistickou spole\u010dnost DB Schenker, je&hellip;","_links":{"self":[{"href":"https:\/\/www.arete.eu\/cs\/wp-json\/wp\/v2\/posts\/14084","targetHints":{"allow":["GET"]}}],"collection":[{"href":"https:\/\/www.arete.eu\/cs\/wp-json\/wp\/v2\/posts"}],"about":[{"href":"https:\/\/www.arete.eu\/cs\/wp-json\/wp\/v2\/types\/post"}],"author":[{"embeddable":true,"href":"https:\/\/www.arete.eu\/cs\/wp-json\/wp\/v2\/users\/6"}],"replies":[{"embeddable":true,"href":"https:\/\/www.arete.eu\/cs\/wp-json\/wp\/v2\/comments?post=14084"}],"version-history":[{"count":0,"href":"https:\/\/www.arete.eu\/cs\/wp-json\/wp\/v2\/posts\/14084\/revisions"}],"wp:featuredmedia":[{"embeddable":true,"href":"https:\/\/www.arete.eu\/cs\/wp-json\/wp\/v2\/media\/9878"}],"wp:attachment":[{"href":"https:\/\/www.arete.eu\/cs\/wp-json\/wp\/v2\/media?parent=14084"}],"wp:term":[{"taxonomy":"category","embeddable":true,"href":"https:\/\/www.arete.eu\/cs\/wp-json\/wp\/v2\/categories?post=14084"},{"taxonomy":"post_tag","embeddable":true,"href":"https:\/\/www.arete.eu\/cs\/wp-json\/wp\/v2\/tags?post=14084"}],"curies":[{"name":"wp","href":"https:\/\/api.w.org\/{rel}","templated":true}]}}