{"id":14057,"date":"2023-03-02T07:45:40","date_gmt":"2023-03-02T07:45:40","guid":{"rendered":"https:\/\/www.arete.eu\/dokoncili-jsme-vystavbu-nove-haly-v-ramci-prumysloveho-parku-arete-park-rokycany-i\/"},"modified":"2023-03-02T07:45:40","modified_gmt":"2023-03-02T07:45:40","slug":"dokoncili-jsme-vystavbu-nove-haly-v-ramci-prumysloveho-parku-arete-park-rokycany-i","status":"publish","type":"post","link":"https:\/\/www.arete.eu\/cs\/dokoncili-jsme-vystavbu-nove-haly-v-ramci-prumysloveho-parku-arete-park-rokycany-i\/","title":{"rendered":"Dokon\u010dili jsme v\u00fdstavbu nov\u00e9 haly v r\u00e1mci pr\u016fmyslov\u00e9ho parku ARETE Park Rokycany I"},"content":{"rendered":"<p>Dokon\u010dili jsme v\u00fdstavbu nov\u00e9 haly v r\u00e1mci pr\u016fmyslov\u00e9ho parku ARETE Park Rokycany I. Dlouhodob\u00fdm n\u00e1jemcem objektu bude firma Raben Logistics Czech s.r.o., kter\u00e1 je jedn\u00edm z p\u0159edn\u00edch sv\u011btov\u00fdch hr\u00e1\u010d\u016f na trhu logistiky. Celkov\u00e1 hodnota developmentu je 7 milion\u016f eur (v p\u0159epo\u010dtu zhruba 165 milion\u016f korun).  <\/p>\n<p>Do are\u00e1lu se st\u011bhuje spole\u010dnost Raben Logistics Czech, kter\u00e1 na \u010desk\u00e9m trhu p\u016fsob\u00ed u\u017e patn\u00e1ct let a nab\u00edz\u00ed komplexn\u00ed logistick\u00e9 slu\u017eby na m\u00edru.<\/p>\n<p>Nov\u00e1 hala o pronaj\u00edmateln\u00e9 plo\u0161e v\u00edce ne\u017e 6 700 m2 se m\u016f\u017ee pochlubit technick\u00fdmi specifikacemi, kter\u00e9 spl\u0148uj\u00ed nejvy\u0161\u0161\u00ed po\u017eadavky enviroment\u00e1ln\u00edch certifikac\u00ed. Cel\u00fd park je budov\u00e1n s ohledem na ESG strategii skupiny ARETE. Z\u00e1rove\u0148 je nov\u011b dokon\u010den\u00e1 hala prvn\u00edm objektem v r\u00e1mci portfolia fondu ARETE Industrial, kter\u00fd je kompletn\u011b vyt\u00e1p\u011bn za pomoci tepeln\u00fdch \u010derpadel.  <\/p>\n<p><i>uvedl Robert Ides, spoluzakladatel skupiny ARETE.\u201eN\u00e1\u0161 fond posiluje pod\u00edl nov\u00fdch logistick\u00fdch a skladovac\u00edch nemovitost\u00ed v portfoliu. Jsme r\u00e1di, \u017ee se n\u00e1m poda\u0159ilo dokon\u010dit v\u00fdstavbu nov\u00e9 modern\u00ed haly. Za to pat\u0159\u00ed d\u00edk na\u0161emu development t\u00fdmu, kter\u00fd v posledn\u00edch m\u011bs\u00edc\u00edch tvrd\u011b pracoval a prok\u00e1zal svou vysokou odbornost. Sou\u010dasn\u011b je ARETE Park Rokycany I atraktivn\u011b um\u00edst\u011bn p\u0159\u00edmo u d\u00e1lnice D5, kter\u00e1 je v\u00fdznamnou dopravn\u00ed tepnou spojuj\u00edc\u00ed Prahu a N\u011bmecko. Bl\u00edzkost m\u011bsta Rokycany z\u00e1rove\u0148 znamen\u00e1 dostate\u010dnou z\u00e1kladnu kvalifikovan\u00e9 pracovn\u00ed s\u00edly. V bl\u00edzk\u00e9 budoucnosti zah\u00e1j\u00edme v r\u00e1mci tohoto pr\u016fmyslov\u00e9ho parku dal\u0161\u00ed v\u00fdstavbu. Po \u00fapln\u00e9m dokon\u010den\u00ed nab\u00eddne pr\u016fmyslov\u00fd park n\u00e1jemc\u016fm plochu v\u00edce jak dvacet tis\u00edc\u00edch metr\u016f \u010dtvere\u010dn\u00edch,\u201c<\/i> uvedl Robert Ides, spoluzakladatel skupiny ARETE.<\/p>\n<p><i>\u201eJako n\u00e1jemce oce\u0148ujeme vysokou odbornost, kterou v uplynul\u00fdch m\u011bs\u00edc\u00edch prok\u00e1zal development t\u00fdm skupiny ARETE. Vize, s n\u00ed\u017e hodl\u00e1 ARETE nad\u00e1le spravovat nemovitost a rozv\u00edjet danou lokalitu, byla kl\u00ed\u010dov\u00fdm faktorem, pro\u010d jsme se rozhodli v Rokycanech postavit modern\u00ed p\u0159ekladi\u0161t\u011b, je\u017e v\u00fdznamn\u011b zrychl\u00ed spojen\u00ed mezi st\u0159edn\u00ed Evropou a N\u011bmeckem.\u201c,<\/i> doplnil George King, Lease &amp; Facility manager v Raben Logistics Czech s.r.o.<\/p>\n","protected":false},"excerpt":{"rendered":"<p>Dokon\u010dili jsme v\u00fdstavbu nov\u00e9 haly v r\u00e1mci pr\u016fmyslov\u00e9ho parku ARETE Park Rokycany I. Dlouhodob\u00fdm n\u00e1jemcem objektu bude firma Raben Logistics Czech s.r.o., kter\u00e1 je jedn\u00edm z p\u0159edn\u00edch sv\u011btov\u00fdch hr\u00e1\u010d\u016f na trhu logistiky. Celkov\u00e1 hodnota developmentu je 7 milion\u016f eur (v p\u0159epo\u010dtu zhruba 165 milion\u016f korun). Do are\u00e1lu se st\u011bhuje spole\u010dnost Raben Logistics Czech, kter\u00e1 na \u010desk\u00e9m trhu p\u016fsob\u00ed u\u017e patn\u00e1ct let a nab\u00edz\u00ed komplexn\u00ed logistick\u00e9 slu\u017eby na m\u00edru. Nov\u00e1 hala o pronaj\u00edmateln\u00e9 plo\u0161e v\u00edce ne\u017e 6 700 m2 se m\u016f\u017ee pochlubit technick\u00fdmi specifikacemi, kter\u00e9 spl\u0148uj\u00ed nejvy\u0161\u0161\u00ed po\u017eadavky enviroment\u00e1ln\u00edch certifikac\u00ed. Cel\u00fd park je budov\u00e1n s ohledem na ESG strategii skupiny ARETE. Z\u00e1rove\u0148 je nov\u011b dokon\u010den\u00e1 hala prvn\u00edm objektem v r\u00e1mci portfolia fondu ARETE Industrial, kter\u00fd je kompletn\u011b vyt\u00e1p\u011bn za pomoci tepeln\u00fdch \u010derpadel. uvedl Robert Ides, spoluzakladatel skupiny ARETE.\u201eN\u00e1\u0161 fond posiluje pod\u00edl nov\u00fdch logistick\u00fdch a skladovac\u00edch nemovitost\u00ed v portfoliu. Jsme r\u00e1di, \u017ee se n\u00e1m poda\u0159ilo dokon\u010dit v\u00fdstavbu nov\u00e9 modern\u00ed haly. Za to pat\u0159\u00ed d\u00edk na\u0161emu development t\u00fdmu, kter\u00fd v posledn\u00edch m\u011bs\u00edc\u00edch tvrd\u011b pracoval a prok\u00e1zal svou vysokou odbornost. Sou\u010dasn\u011b je ARETE Park Rokycany I atraktivn\u011b um\u00edst\u011bn p\u0159\u00edmo u d\u00e1lnice D5, kter\u00e1 je v\u00fdznamnou dopravn\u00ed tepnou spojuj\u00edc\u00ed Prahu a N\u011bmecko. Bl\u00edzkost m\u011bsta Rokycany z\u00e1rove\u0148 znamen\u00e1 dostate\u010dnou z\u00e1kladnu kvalifikovan\u00e9 pracovn\u00ed s\u00edly. V bl\u00edzk\u00e9 budoucnosti zah\u00e1j\u00edme v r\u00e1mci tohoto pr\u016fmyslov\u00e9ho parku dal\u0161\u00ed v\u00fdstavbu. Po \u00fapln\u00e9m dokon\u010den\u00ed nab\u00eddne pr\u016fmyslov\u00fd park n\u00e1jemc\u016fm plochu v\u00edce jak dvacet tis\u00edc\u00edch metr\u016f \u010dtvere\u010dn\u00edch,\u201c uvedl Robert Ides, spoluzakladatel skupiny ARETE. \u201eJako n\u00e1jemce oce\u0148ujeme vysokou odbornost, kterou v uplynul\u00fdch m\u011bs\u00edc\u00edch prok\u00e1zal development t\u00fdm skupiny ARETE. Vize, s n\u00ed\u017e hodl\u00e1 ARETE nad\u00e1le spravovat nemovitost a rozv\u00edjet danou lokalitu, byla kl\u00ed\u010dov\u00fdm faktorem, pro\u010d jsme se rozhodli v Rokycanech postavit modern\u00ed p\u0159ekladi\u0161t\u011b, je\u017e v\u00fdznamn\u011b zrychl\u00ed spojen\u00ed mezi st\u0159edn\u00ed Evropou a N\u011bmeckem.\u201c, doplnil George King, Lease &amp; Facility manager v Raben Logistics Czech s.r.o.<\/p>\n","protected":false},"author":6,"featured_media":9705,"comment_status":"open","ping_status":"open","sticky":false,"template":"","format":"standard","meta":{"_acf_changed":false,"footnotes":""},"categories":[63],"tags":[],"class_list":["post-14057","post","type-post","status-publish","format-standard","has-post-thumbnail","hentry","category-praha-cs","investment-clanky-esg","news-novinky"],"acf":[],"rttpg_featured_image_url":{"full":["https:\/\/www.arete.eu\/wp-content\/uploads\/2025\/02\/rokycany-ii.webp",1500,697,false],"landscape":["https:\/\/www.arete.eu\/wp-content\/uploads\/2025\/02\/rokycany-ii.webp",1500,697,false],"portraits":["https:\/\/www.arete.eu\/wp-content\/uploads\/2025\/02\/rokycany-ii.webp",1500,697,false],"thumbnail":["https:\/\/www.arete.eu\/wp-content\/uploads\/2025\/02\/rokycany-ii-150x150.webp",150,150,true],"medium":["https:\/\/www.arete.eu\/wp-content\/uploads\/2025\/02\/rokycany-ii-300x139.webp",300,139,true],"large":["https:\/\/www.arete.eu\/wp-content\/uploads\/2025\/02\/rokycany-ii-1024x476.webp",800,372,true],"1536x1536":["https:\/\/www.arete.eu\/wp-content\/uploads\/2025\/02\/rokycany-ii.webp",1500,697,false],"2048x2048":["https:\/\/www.arete.eu\/wp-content\/uploads\/2025\/02\/rokycany-ii.webp",1500,697,false]},"rttpg_author":{"display_name":"newadmin","author_link":"https:\/\/www.arete.eu\/cs\/author\/newadmin\/"},"rttpg_comment":0,"rttpg_category":"<a href=\"https:\/\/www.arete.eu\/cs\/category\/praha-cs\/\" rel=\"category tag\">Praha<\/a>","rttpg_excerpt":"Dokon\u010dili jsme v\u00fdstavbu nov\u00e9 haly v r\u00e1mci pr\u016fmyslov\u00e9ho parku ARETE Park Rokycany I. Dlouhodob\u00fdm n\u00e1jemcem objektu bude firma Raben Logistics Czech s.r.o., kter\u00e1 je jedn\u00edm z p\u0159edn\u00edch sv\u011btov\u00fdch hr\u00e1\u010d\u016f na trhu logistiky. Celkov\u00e1 hodnota developmentu je 7 milion\u016f eur (v p\u0159epo\u010dtu zhruba 165 milion\u016f korun). Do are\u00e1lu se st\u011bhuje spole\u010dnost Raben Logistics Czech, kter\u00e1 na&hellip;","_links":{"self":[{"href":"https:\/\/www.arete.eu\/cs\/wp-json\/wp\/v2\/posts\/14057","targetHints":{"allow":["GET"]}}],"collection":[{"href":"https:\/\/www.arete.eu\/cs\/wp-json\/wp\/v2\/posts"}],"about":[{"href":"https:\/\/www.arete.eu\/cs\/wp-json\/wp\/v2\/types\/post"}],"author":[{"embeddable":true,"href":"https:\/\/www.arete.eu\/cs\/wp-json\/wp\/v2\/users\/6"}],"replies":[{"embeddable":true,"href":"https:\/\/www.arete.eu\/cs\/wp-json\/wp\/v2\/comments?post=14057"}],"version-history":[{"count":0,"href":"https:\/\/www.arete.eu\/cs\/wp-json\/wp\/v2\/posts\/14057\/revisions"}],"wp:featuredmedia":[{"embeddable":true,"href":"https:\/\/www.arete.eu\/cs\/wp-json\/wp\/v2\/media\/9705"}],"wp:attachment":[{"href":"https:\/\/www.arete.eu\/cs\/wp-json\/wp\/v2\/media?parent=14057"}],"wp:term":[{"taxonomy":"category","embeddable":true,"href":"https:\/\/www.arete.eu\/cs\/wp-json\/wp\/v2\/categories?post=14057"},{"taxonomy":"post_tag","embeddable":true,"href":"https:\/\/www.arete.eu\/cs\/wp-json\/wp\/v2\/tags?post=14057"}],"curies":[{"name":"wp","href":"https:\/\/api.w.org\/{rel}","templated":true}]}}