{"id":14038,"date":"2017-04-07T09:54:00","date_gmt":"2017-04-07T09:54:00","guid":{"rendered":"https:\/\/www.arete.eu\/cesky-fond-oznamil-nakupy-na-slovensku-ochotny-utratit-desitky-milionu\/"},"modified":"2025-03-05T06:47:12","modified_gmt":"2025-03-05T06:47:12","slug":"cesky-fond-oznamil-nakupy-na-slovensku-ochotny-utratit-desitky-milionu","status":"publish","type":"post","link":"https:\/\/www.arete.eu\/cs\/cesky-fond-oznamil-nakupy-na-slovensku-ochotny-utratit-desitky-milionu\/","title":{"rendered":"\u010cesk\u00fd fond ozn\u00e1mil n\u00e1kupy na Slovensku, ochotn\u00fd utratit des\u00edtky milion\u016f"},"content":{"rendered":"&#13;\n<p>\u010cesk\u00fd investi\u010dn\u00ed fond Arete Invest ozn\u00e1mil velk\u00e9 n\u00e1kupy na realitn\u00edm trhu. V p\u0159\u00ed\u0161t\u00edch m\u011bs\u00edc\u00edch je v pl\u00e1nu investovat na slovensk\u00e9m a \u010desk\u00e9m trhu zhruba 60 milion\u016f eur. Zam\u011b\u0159en\u00ed p\u0159edev\u0161\u00edm na pr\u016fmyslov\u00e9 a logistick\u00e9 haly.  <\/p>&#13;\n&#13;\n<p><a href=\"https:\/\/reality.etrend.sk\/realitny-biznis\/cesky-fond-ohlasil-nakupy-na-slovensku-min%C3%BA%C5%A5-chce-desiatky-milionov.html\">https:\/\/reality.etrend.sk\/realitny-biznis\/cesky-fond-ohlasil-nakupy-na-slovensku-min%C3%BA%C5%A5-chce-desiatky-milionov.html<\/a><\/p>&#13;\n&#13;\n<p>\u00a0<\/p>&#13;\n&#13;\n<p>\u00a0<\/p>&#13;\n&#13;\n<p>\u00a0<\/p>&#13;\n&#13;\n<p>\u00a0<\/p>&#13;\n&#13;\n<p>\u00a0<\/p>&#13;\n","protected":false},"excerpt":{"rendered":"<p>&#13; \u010cesk\u00fd investi\u010dn\u00ed fond Arete Invest ozn\u00e1mil velk\u00e9 n\u00e1kupy na realitn\u00edm trhu. V p\u0159\u00ed\u0161t\u00edch m\u011bs\u00edc\u00edch je v pl\u00e1nu investovat na slovensk\u00e9m a \u010desk\u00e9m trhu zhruba 60 milion\u016f eur. Zam\u011b\u0159en\u00ed p\u0159edev\u0161\u00edm na pr\u016fmyslov\u00e9 a logistick\u00e9 haly. &#13; &#13; https:\/\/reality.etrend.sk\/realitny-biznis\/cesky-fond-ohlasil-nakupy-na-slovensku-min%C3%BA%C5%A5-chce-desiatky-milionov.html &#13; &#13; \u00a0 &#13; &#13; \u00a0 &#13; &#13; \u00a0 &#13; &#13; \u00a0 &#13; &#13; \u00a0 &#13;<\/p>\n","protected":false},"author":6,"featured_media":7332,"comment_status":"open","ping_status":"open","sticky":false,"template":"@@single-custom-post.php","format":"standard","meta":{"_acf_changed":false,"footnotes":""},"categories":[63],"tags":[],"class_list":["post-14038","post","type-post","status-publish","format-standard","has-post-thumbnail","hentry","category-praha-cs","investment-clanky-esg","news-novinky"],"acf":[],"rttpg_featured_image_url":{"full":["https:\/\/www.arete.eu\/wp-content\/uploads\/2025\/01\/small-arete-zilina-078-1.webp",1200,750,false],"landscape":["https:\/\/www.arete.eu\/wp-content\/uploads\/2025\/01\/small-arete-zilina-078-1.webp",1200,750,false],"portraits":["https:\/\/www.arete.eu\/wp-content\/uploads\/2025\/01\/small-arete-zilina-078-1.webp",1200,750,false],"thumbnail":["https:\/\/www.arete.eu\/wp-content\/uploads\/2025\/01\/small-arete-zilina-078-1-150x150.webp",150,150,true],"medium":["https:\/\/www.arete.eu\/wp-content\/uploads\/2025\/01\/small-arete-zilina-078-1-300x188.webp",300,188,true],"large":["https:\/\/www.arete.eu\/wp-content\/uploads\/2025\/01\/small-arete-zilina-078-1-1024x640.webp",800,500,true],"1536x1536":["https:\/\/www.arete.eu\/wp-content\/uploads\/2025\/01\/small-arete-zilina-078-1.webp",1200,750,false],"2048x2048":["https:\/\/www.arete.eu\/wp-content\/uploads\/2025\/01\/small-arete-zilina-078-1.webp",1200,750,false]},"rttpg_author":{"display_name":"newadmin","author_link":"https:\/\/www.arete.eu\/cs\/author\/newadmin\/"},"rttpg_comment":0,"rttpg_category":"<a href=\"https:\/\/www.arete.eu\/cs\/category\/praha-cs\/\" rel=\"category tag\">Praha<\/a>","rttpg_excerpt":"&#13; \u010cesk\u00fd investi\u010dn\u00ed fond Arete Invest ozn\u00e1mil velk\u00e9 n\u00e1kupy na realitn\u00edm trhu. V p\u0159\u00ed\u0161t\u00edch m\u011bs\u00edc\u00edch je v pl\u00e1nu investovat na slovensk\u00e9m a \u010desk\u00e9m trhu zhruba 60 milion\u016f eur. Zam\u011b\u0159en\u00ed p\u0159edev\u0161\u00edm na pr\u016fmyslov\u00e9 a logistick\u00e9 haly. &#13; &#13; https:\/\/reality.etrend.sk\/realitny-biznis\/cesky-fond-ohlasil-nakupy-na-slovensku-min%C3%BA%C5%A5-chce-desiatky-milionov.html &#13; &#13; \u00a0 &#13; &#13; \u00a0 &#13; &#13; \u00a0 &#13; &#13; \u00a0 &#13; &#13; \u00a0 &#13;","_links":{"self":[{"href":"https:\/\/www.arete.eu\/cs\/wp-json\/wp\/v2\/posts\/14038","targetHints":{"allow":["GET"]}}],"collection":[{"href":"https:\/\/www.arete.eu\/cs\/wp-json\/wp\/v2\/posts"}],"about":[{"href":"https:\/\/www.arete.eu\/cs\/wp-json\/wp\/v2\/types\/post"}],"author":[{"embeddable":true,"href":"https:\/\/www.arete.eu\/cs\/wp-json\/wp\/v2\/users\/6"}],"replies":[{"embeddable":true,"href":"https:\/\/www.arete.eu\/cs\/wp-json\/wp\/v2\/comments?post=14038"}],"version-history":[{"count":1,"href":"https:\/\/www.arete.eu\/cs\/wp-json\/wp\/v2\/posts\/14038\/revisions"}],"predecessor-version":[{"id":14039,"href":"https:\/\/www.arete.eu\/cs\/wp-json\/wp\/v2\/posts\/14038\/revisions\/14039"}],"wp:featuredmedia":[{"embeddable":true,"href":"https:\/\/www.arete.eu\/cs\/wp-json\/wp\/v2\/media\/7332"}],"wp:attachment":[{"href":"https:\/\/www.arete.eu\/cs\/wp-json\/wp\/v2\/media?parent=14038"}],"wp:term":[{"taxonomy":"category","embeddable":true,"href":"https:\/\/www.arete.eu\/cs\/wp-json\/wp\/v2\/categories?post=14038"},{"taxonomy":"post_tag","embeddable":true,"href":"https:\/\/www.arete.eu\/cs\/wp-json\/wp\/v2\/tags?post=14038"}],"curies":[{"name":"wp","href":"https:\/\/api.w.org\/{rel}","templated":true}]}}