{"id":14036,"date":"2017-05-25T07:53:59","date_gmt":"2017-05-25T07:53:59","guid":{"rendered":"https:\/\/www.arete.eu\/hruby-prijem-arete-invest-dosahl-257\/"},"modified":"2025-03-05T06:46:23","modified_gmt":"2025-03-05T06:46:23","slug":"hruby-prijem-arete-invest-dosahl-257","status":"publish","type":"post","link":"https:\/\/www.arete.eu\/cs\/hruby-prijem-arete-invest-dosahl-257\/","title":{"rendered":"Hrub\u00fd p\u0159\u00edjem Arete Invest dos\u00e1hl 25,7 %"},"content":{"rendered":"&#13;\n<p>Arete Invest ozn\u00e1mila, \u017ee loni dos\u00e1hla zisku 92 milion\u016f K\u010d a hrub\u00e9ho v\u00fdnosu 25,7 procenta v aktu\u00e1ln\u011b otev\u0159en\u00e9m podfondu Arete Invest CEE II. V\u00fdsledky byly auditov\u00e1ny spole\u010dnost\u00ed Deloitte. Fond vznikl v roce 2014 a p\u0159edseda p\u0159edstavenstva Lubor Svoboda uvedl, \u017ee se zam\u011b\u0159uje na Slovensko, kter\u00e9 nab\u00edz\u00ed vy\u0161\u0161\u00ed v\u00fdnosy ne\u017e rostouc\u00ed \u010desk\u00e1 ekonomika s prudce rostouc\u00edmi cenami.  <br\/> <\/p>&#13;\n<p><a href=\"http:\/\/cijeurope.com\/cz\/encompassme-europe\/25528\/story\/hruby-vynos-arete-invest-dosahl-loni-25-7\" target=\"_blank\" rel=\"noopener\">http:\/\/cijeurope.com\/cz\/encompassme-europe\/25528\/story\/hruby-vynos-arete-invest-dosahl-loni-25-7<\/a><\/p>&#13;\n","protected":false},"excerpt":{"rendered":"<p>&#13; Arete Invest ozn\u00e1mila, \u017ee loni dos\u00e1hla zisku 92 milion\u016f K\u010d a hrub\u00e9ho v\u00fdnosu 25,7 procenta v aktu\u00e1ln\u011b otev\u0159en\u00e9m podfondu Arete Invest CEE II. V\u00fdsledky byly auditov\u00e1ny spole\u010dnost\u00ed Deloitte. Fond vznikl v roce 2014 a p\u0159edseda p\u0159edstavenstva Lubor Svoboda uvedl, \u017ee se zam\u011b\u0159uje na Slovensko, kter\u00e9 nab\u00edz\u00ed vy\u0161\u0161\u00ed v\u00fdnosy ne\u017e rostouc\u00ed \u010desk\u00e1 ekonomika s prudce rostouc\u00edmi cenami. &#13; http:\/\/cijeurope.com\/cz\/encompassme-europe\/25528\/story\/hruby-vynos-arete-invest-dosahl-loni-25-7 &#13;<\/p>\n","protected":false},"author":6,"featured_media":7441,"comment_status":"open","ping_status":"open","sticky":false,"template":"@@single-custom-post.php","format":"standard","meta":{"_acf_changed":false,"footnotes":""},"categories":[63],"tags":[],"class_list":["post-14036","post","type-post","status-publish","format-standard","has-post-thumbnail","hentry","category-praha-cs","investment-clanky-esg","news-novinky"],"acf":[],"rttpg_featured_image_url":{"full":["https:\/\/www.arete.eu\/wp-content\/uploads\/2025\/01\/small-arete-vyskov-024.webp",1200,750,false],"landscape":["https:\/\/www.arete.eu\/wp-content\/uploads\/2025\/01\/small-arete-vyskov-024.webp",1200,750,false],"portraits":["https:\/\/www.arete.eu\/wp-content\/uploads\/2025\/01\/small-arete-vyskov-024.webp",1200,750,false],"thumbnail":["https:\/\/www.arete.eu\/wp-content\/uploads\/2025\/01\/small-arete-vyskov-024-150x150.webp",150,150,true],"medium":["https:\/\/www.arete.eu\/wp-content\/uploads\/2025\/01\/small-arete-vyskov-024-300x188.webp",300,188,true],"large":["https:\/\/www.arete.eu\/wp-content\/uploads\/2025\/01\/small-arete-vyskov-024-1024x640.webp",800,500,true],"1536x1536":["https:\/\/www.arete.eu\/wp-content\/uploads\/2025\/01\/small-arete-vyskov-024.webp",1200,750,false],"2048x2048":["https:\/\/www.arete.eu\/wp-content\/uploads\/2025\/01\/small-arete-vyskov-024.webp",1200,750,false]},"rttpg_author":{"display_name":"newadmin","author_link":"https:\/\/www.arete.eu\/cs\/author\/newadmin\/"},"rttpg_comment":0,"rttpg_category":"<a href=\"https:\/\/www.arete.eu\/cs\/category\/praha-cs\/\" rel=\"category tag\">Praha<\/a>","rttpg_excerpt":"&#13; Arete Invest ozn\u00e1mila, \u017ee loni dos\u00e1hla zisku 92 milion\u016f K\u010d a hrub\u00e9ho v\u00fdnosu 25,7 procenta v aktu\u00e1ln\u011b otev\u0159en\u00e9m podfondu Arete Invest CEE II. V\u00fdsledky byly auditov\u00e1ny spole\u010dnost\u00ed Deloitte. Fond vznikl v roce 2014 a p\u0159edseda p\u0159edstavenstva Lubor Svoboda uvedl, \u017ee se zam\u011b\u0159uje na Slovensko, kter\u00e9 nab\u00edz\u00ed vy\u0161\u0161\u00ed v\u00fdnosy ne\u017e rostouc\u00ed \u010desk\u00e1 ekonomika s prudce&hellip;","_links":{"self":[{"href":"https:\/\/www.arete.eu\/cs\/wp-json\/wp\/v2\/posts\/14036","targetHints":{"allow":["GET"]}}],"collection":[{"href":"https:\/\/www.arete.eu\/cs\/wp-json\/wp\/v2\/posts"}],"about":[{"href":"https:\/\/www.arete.eu\/cs\/wp-json\/wp\/v2\/types\/post"}],"author":[{"embeddable":true,"href":"https:\/\/www.arete.eu\/cs\/wp-json\/wp\/v2\/users\/6"}],"replies":[{"embeddable":true,"href":"https:\/\/www.arete.eu\/cs\/wp-json\/wp\/v2\/comments?post=14036"}],"version-history":[{"count":1,"href":"https:\/\/www.arete.eu\/cs\/wp-json\/wp\/v2\/posts\/14036\/revisions"}],"predecessor-version":[{"id":14037,"href":"https:\/\/www.arete.eu\/cs\/wp-json\/wp\/v2\/posts\/14036\/revisions\/14037"}],"wp:featuredmedia":[{"embeddable":true,"href":"https:\/\/www.arete.eu\/cs\/wp-json\/wp\/v2\/media\/7441"}],"wp:attachment":[{"href":"https:\/\/www.arete.eu\/cs\/wp-json\/wp\/v2\/media?parent=14036"}],"wp:term":[{"taxonomy":"category","embeddable":true,"href":"https:\/\/www.arete.eu\/cs\/wp-json\/wp\/v2\/categories?post=14036"},{"taxonomy":"post_tag","embeddable":true,"href":"https:\/\/www.arete.eu\/cs\/wp-json\/wp\/v2\/tags?post=14036"}],"curies":[{"name":"wp","href":"https:\/\/api.w.org\/{rel}","templated":true}]}}