{"id":14033,"date":"2018-06-10T07:14:12","date_gmt":"2018-06-10T07:14:12","guid":{"rendered":"https:\/\/www.arete.eu\/arete-invest-se-stal-jako-prvni-nemovitostni-fond-pridruzenym-clenem-asociace-pro-kapitalovy-trh-2\/"},"modified":"2025-03-05T06:45:09","modified_gmt":"2025-03-05T06:45:09","slug":"arete-invest-se-stal-jako-prvni-nemovitostni-fond-pridruzenym-clenem-asociace-pro-kapitalovy-trh-2","status":"publish","type":"post","link":"https:\/\/www.arete.eu\/cs\/arete-invest-se-stal-jako-prvni-nemovitostni-fond-pridruzenym-clenem-asociace-pro-kapitalovy-trh-2\/","title":{"rendered":"Arete Invest se stal jako prvn\u00ed nemovitostn\u00ed fond p\u0159idru\u017een\u00fdm \u010dlenem Asociace pro kapit\u00e1lov\u00fd trh"},"content":{"rendered":"&#13;\n<p>Arete Invest, \u010desk\u00fd rychle rostouc\u00ed fond zam\u011b\u0159en\u00fd na investice v oblasti nemovitost\u00ed, se stal v \u010dervnu jako prvn\u00ed nemovitostn\u00ed fond p\u0159idru\u017een\u00fdm \u010dlenem Asociace pro kapit\u00e1lov\u00fd trh \u010cesk\u00e9 republiky. Po ji\u017e n\u011bkolikalet\u00e9m \u010dlenstv\u00ed v renomovan\u00e9 glob\u00e1ln\u00ed Asociaci alternativn\u00edch investi\u010dn\u00edch fond\u016f AIMA je tak nov\u011b sou\u010d\u00e1st\u00ed i lok\u00e1ln\u00edho profesn\u00edho sdru\u017een\u00ed. <\/p>&#13;\n<p>&#8222;S Asociac\u00ed pro kapit\u00e1lov\u00fd trh sd\u00edl\u00edme spole\u010dn\u00e9 hodnoty &#8211; bojujeme za rozvoj a transparentnost kapit\u00e1lov\u00e9ho trhu a klademe d\u016fraz na ochranu investor\u016f a d\u016fv\u011bryhodnost. Proto jsme se rozhodli st\u00e1t se \u010dlenem,&#8220; \u0159\u00edk\u00e1 Lubor Svoboda, spoluzakladatel a p\u0159edseda p\u0159edstavenstva Arete Invest.<\/p>&#13;\n<p><a href=\"https:\/\/www.hypoindex.cz\/tiskove-zpravy\/arete-invest-se-stal-jako-prvni-nemovitostni-fond-pridruzenym-clenem-asociace-pro-kapitalovy-trh\/\" target=\"_blank\" rel=\"noopener\">https:\/\/www.hypoindex.cz\/tiskove-zpravy\/arete-invest-se-stal-jako-prvni-nemovitostni-fond-pridruzenym-clenem-asociace-pro-kapitalovy-trh\/\n <\/a><\/p>&#13;\n<p><a href=\"https:\/\/www.parlamentnilisty.cz\/zpravy\/tiskovezpravy\/Arete-Invest-se-stal-jako-prvni-nemovitostni-fond-pridruzenym-clenem-Asociace-pro-kapitalovy-trh-543317\" target=\"_blank\" rel=\"noopener\">https:\/\/www.parlamentnilisty.cz\/zpravy\/tiskovezpravy\/Arete-Invest-se-stal-jako-prvni-nemovitostni-fond-pridruzenym-clenem-Asociace-pro-kapitalovy-trh-543317<\/a><\/p>","protected":false},"excerpt":{"rendered":"<p>&#13; Arete Invest, \u010desk\u00fd rychle rostouc\u00ed fond zam\u011b\u0159en\u00fd na investice v oblasti nemovitost\u00ed, se stal v \u010dervnu jako prvn\u00ed nemovitostn\u00ed fond p\u0159idru\u017een\u00fdm \u010dlenem Asociace pro kapit\u00e1lov\u00fd trh \u010cesk\u00e9 republiky. Po ji\u017e n\u011bkolikalet\u00e9m \u010dlenstv\u00ed v renomovan\u00e9 glob\u00e1ln\u00ed Asociaci alternativn\u00edch investi\u010dn\u00edch fond\u016f AIMA je tak nov\u011b sou\u010d\u00e1st\u00ed i lok\u00e1ln\u00edho profesn\u00edho sdru\u017een\u00ed. &#13; &#8222;S Asociac\u00ed pro kapit\u00e1lov\u00fd trh sd\u00edl\u00edme spole\u010dn\u00e9 hodnoty &#8211; bojujeme za rozvoj a transparentnost kapit\u00e1lov\u00e9ho trhu a klademe d\u016fraz na ochranu investor\u016f a d\u016fv\u011bryhodnost. Proto jsme se rozhodli st\u00e1t se \u010dlenem,&#8220; \u0159\u00edk\u00e1 Lubor Svoboda, spoluzakladatel a p\u0159edseda p\u0159edstavenstva Arete Invest. &#13; https:\/\/www.hypoindex.cz\/tiskove-zpravy\/arete-invest-se-stal-jako-prvni-nemovitostni-fond-pridruzenym-clenem-asociace-pro-kapitalovy-trh\/ &#13; https:\/\/www.parlamentnilisty.cz\/zpravy\/tiskovezpravy\/Arete-Invest-se-stal-jako-prvni-nemovitostni-fond-pridruzenym-clenem-Asociace-pro-kapitalovy-trh-543317<\/p>\n","protected":false},"author":6,"featured_media":14034,"comment_status":"open","ping_status":"open","sticky":false,"template":"@@single-custom-post.php","format":"standard","meta":{"_acf_changed":false,"footnotes":""},"categories":[63],"tags":[],"class_list":["post-14033","post","type-post","status-publish","format-standard","has-post-thumbnail","hentry","category-praha-cs","investment-clanky-esg","news-tiskove-zpravy"],"acf":[],"rttpg_featured_image_url":{"full":["https:\/\/www.arete.eu\/wp-content\/uploads\/2025\/02\/arete-velka-ida-022-1.webp",1200,750,false],"landscape":["https:\/\/www.arete.eu\/wp-content\/uploads\/2025\/02\/arete-velka-ida-022-1.webp",1200,750,false],"portraits":["https:\/\/www.arete.eu\/wp-content\/uploads\/2025\/02\/arete-velka-ida-022-1.webp",1200,750,false],"thumbnail":["https:\/\/www.arete.eu\/wp-content\/uploads\/2025\/02\/arete-velka-ida-022-1-150x150.webp",150,150,true],"medium":["https:\/\/www.arete.eu\/wp-content\/uploads\/2025\/02\/arete-velka-ida-022-1-300x188.webp",300,188,true],"large":["https:\/\/www.arete.eu\/wp-content\/uploads\/2025\/02\/arete-velka-ida-022-1-1024x640.webp",800,500,true],"1536x1536":["https:\/\/www.arete.eu\/wp-content\/uploads\/2025\/02\/arete-velka-ida-022-1.webp",1200,750,false],"2048x2048":["https:\/\/www.arete.eu\/wp-content\/uploads\/2025\/02\/arete-velka-ida-022-1.webp",1200,750,false]},"rttpg_author":{"display_name":"newadmin","author_link":"https:\/\/www.arete.eu\/cs\/author\/newadmin\/"},"rttpg_comment":0,"rttpg_category":"<a href=\"https:\/\/www.arete.eu\/cs\/category\/praha-cs\/\" rel=\"category tag\">Praha<\/a>","rttpg_excerpt":"&#13; Arete Invest, \u010desk\u00fd rychle rostouc\u00ed fond zam\u011b\u0159en\u00fd na investice v oblasti nemovitost\u00ed, se stal v \u010dervnu jako prvn\u00ed nemovitostn\u00ed fond p\u0159idru\u017een\u00fdm \u010dlenem Asociace pro kapit\u00e1lov\u00fd trh \u010cesk\u00e9 republiky. Po ji\u017e n\u011bkolikalet\u00e9m \u010dlenstv\u00ed v renomovan\u00e9 glob\u00e1ln\u00ed Asociaci alternativn\u00edch investi\u010dn\u00edch fond\u016f AIMA je tak nov\u011b sou\u010d\u00e1st\u00ed i lok\u00e1ln\u00edho profesn\u00edho sdru\u017een\u00ed. &#13; &#8222;S Asociac\u00ed pro kapit\u00e1lov\u00fd trh&hellip;","_links":{"self":[{"href":"https:\/\/www.arete.eu\/cs\/wp-json\/wp\/v2\/posts\/14033","targetHints":{"allow":["GET"]}}],"collection":[{"href":"https:\/\/www.arete.eu\/cs\/wp-json\/wp\/v2\/posts"}],"about":[{"href":"https:\/\/www.arete.eu\/cs\/wp-json\/wp\/v2\/types\/post"}],"author":[{"embeddable":true,"href":"https:\/\/www.arete.eu\/cs\/wp-json\/wp\/v2\/users\/6"}],"replies":[{"embeddable":true,"href":"https:\/\/www.arete.eu\/cs\/wp-json\/wp\/v2\/comments?post=14033"}],"version-history":[{"count":1,"href":"https:\/\/www.arete.eu\/cs\/wp-json\/wp\/v2\/posts\/14033\/revisions"}],"predecessor-version":[{"id":14035,"href":"https:\/\/www.arete.eu\/cs\/wp-json\/wp\/v2\/posts\/14033\/revisions\/14035"}],"wp:featuredmedia":[{"embeddable":true,"href":"https:\/\/www.arete.eu\/cs\/wp-json\/wp\/v2\/media\/14034"}],"wp:attachment":[{"href":"https:\/\/www.arete.eu\/cs\/wp-json\/wp\/v2\/media?parent=14033"}],"wp:term":[{"taxonomy":"category","embeddable":true,"href":"https:\/\/www.arete.eu\/cs\/wp-json\/wp\/v2\/categories?post=14033"},{"taxonomy":"post_tag","embeddable":true,"href":"https:\/\/www.arete.eu\/cs\/wp-json\/wp\/v2\/tags?post=14033"}],"curies":[{"name":"wp","href":"https:\/\/api.w.org\/{rel}","templated":true}]}}