{"id":14027,"date":"2018-07-10T07:11:54","date_gmt":"2018-07-10T07:11:54","guid":{"rendered":"https:\/\/www.arete.eu\/fond-arete-invest-investuje-temer-3-miliony-do-rozsireni-arealu-v-uherskem-hradisti-najemni-smlouva-s-najemcem-prodlouzena-o-11-let\/"},"modified":"2025-03-05T06:42:33","modified_gmt":"2025-03-05T06:42:33","slug":"fond-arete-invest-investuje-temer-3-miliony-do-rozsireni-arealu-v-uherskem-hradisti-najemni-smlouva-s-najemcem-prodlouzena-o-11-let","status":"publish","type":"post","link":"https:\/\/www.arete.eu\/cs\/fond-arete-invest-investuje-temer-3-miliony-do-rozsireni-arealu-v-uherskem-hradisti-najemni-smlouva-s-najemcem-prodlouzena-o-11-let\/","title":{"rendered":"Fond Arete Invest investuje t\u00e9m\u011b\u0159 3 miliony do roz\u0161\u00ed\u0159en\u00ed are\u00e1lu v Uhersk\u00e9m Hradi\u0161ti, n\u00e1jemn\u00ed smlouva s n\u00e1jemcem prodlou\u017eena o 11 let"},"content":{"rendered":"&#13;\n<p>Arete Invest, rychle rostouc\u00ed \u010desk\u00fd realitn\u00ed investi\u010dn\u00ed fond, podepsal v kv\u011btnu se spole\u010dnost\u00ed Forschner novou n\u00e1jemn\u00ed smlouvu s platnost\u00ed do roku 2029. V\u00fdrobn\u00ed kapacita Forschneru v are\u00e1lu parku Uhersk\u00e9 Hradi\u0161t\u011b se tak v p\u0159\u00ed\u0161t\u00edm roce roz\u0161\u00ed\u0159\u00ed o dal\u0161\u00edch 5000 m2 na 12 300 m2. Celkov\u00e1 investice do nov\u00e9 v\u00fdstavby se odhaduje na 75 milion\u016f korun (zhruba 2,9 milionu eur).  <\/p>&#13;\n<p>&#8222;Jsme r\u00e1di, \u017ee m\u016f\u017eeme podpo\u0159it dal\u0161\u00ed rozvoj na\u0161eho n\u00e1jemce. D\u00edky roz\u0161\u00ed\u0159en\u00ed prostor v Uhersk\u00e9m Hradi\u0161ti a v\u00fdrazn\u00e9mu prodlou\u017een\u00ed smlouvy d\u00e1le stabilizujeme a zvy\u0161ujeme hodnotu portfolia na\u0161eho Podfondu,&#8220; \u0159ekl Tom\u00e1\u0161 Novotn\u00fd, \u010dlen Investi\u010dn\u00edho fondu podfondu Arete Invest CEE II, zodpov\u011bdn\u00fd za spr\u00e1vu aktiv.<\/p>&#13;\n<p><a href=\"http:\/\/www.informuje.com\/mediamedia\/fond-arete-invest-investuje-takmer-3-miliony-do-rozsirenia-arealu-v-uherskom-hradisti-s-n\" target=\"_blank\" rel=\"noopener\">http:\/\/www.informuje.com\/mediamedia\/fond-arete-invest-investuje-takmer-3-miliony-do-rozsirenia-arealu-v-uherskom-hradisti-s-n<\/a><\/p>","protected":false},"excerpt":{"rendered":"<p>&#13; Arete Invest, rychle rostouc\u00ed \u010desk\u00fd realitn\u00ed investi\u010dn\u00ed fond, podepsal v kv\u011btnu se spole\u010dnost\u00ed Forschner novou n\u00e1jemn\u00ed smlouvu s platnost\u00ed do roku 2029. V\u00fdrobn\u00ed kapacita Forschneru v are\u00e1lu parku Uhersk\u00e9 Hradi\u0161t\u011b se tak v p\u0159\u00ed\u0161t\u00edm roce roz\u0161\u00ed\u0159\u00ed o dal\u0161\u00edch 5000 m2 na 12 300 m2. Celkov\u00e1 investice do nov\u00e9 v\u00fdstavby se odhaduje na 75 milion\u016f korun (zhruba 2,9 milionu eur). &#13; &#8222;Jsme r\u00e1di, \u017ee m\u016f\u017eeme podpo\u0159it dal\u0161\u00ed rozvoj na\u0161eho n\u00e1jemce. D\u00edky roz\u0161\u00ed\u0159en\u00ed prostor v Uhersk\u00e9m Hradi\u0161ti a v\u00fdrazn\u00e9mu prodlou\u017een\u00ed smlouvy d\u00e1le stabilizujeme a zvy\u0161ujeme hodnotu portfolia na\u0161eho Podfondu,&#8220; \u0159ekl Tom\u00e1\u0161 Novotn\u00fd, \u010dlen Investi\u010dn\u00edho fondu podfondu Arete Invest CEE II, zodpov\u011bdn\u00fd za spr\u00e1vu aktiv. &#13; http:\/\/www.informuje.com\/mediamedia\/fond-arete-invest-investuje-takmer-3-miliony-do-rozsirenia-arealu-v-uherskom-hradisti-s-n<\/p>\n","protected":false},"author":6,"featured_media":14028,"comment_status":"open","ping_status":"open","sticky":false,"template":"@@single-custom-post.php","format":"standard","meta":{"_acf_changed":false,"footnotes":""},"categories":[63,82],"tags":[],"class_list":["post-14027","post","type-post","status-publish","format-standard","has-post-thumbnail","hentry","category-praha-cs","category-uherske-hradiste-cs","investment-clanky-esg","news-novinky"],"acf":[],"rttpg_featured_image_url":{"full":["https:\/\/www.arete.eu\/wp-content\/uploads\/2025\/02\/small-arete-uherske-hradiste-066.webp",1200,750,false],"landscape":["https:\/\/www.arete.eu\/wp-content\/uploads\/2025\/02\/small-arete-uherske-hradiste-066.webp",1200,750,false],"portraits":["https:\/\/www.arete.eu\/wp-content\/uploads\/2025\/02\/small-arete-uherske-hradiste-066.webp",1200,750,false],"thumbnail":["https:\/\/www.arete.eu\/wp-content\/uploads\/2025\/02\/small-arete-uherske-hradiste-066-150x150.webp",150,150,true],"medium":["https:\/\/www.arete.eu\/wp-content\/uploads\/2025\/02\/small-arete-uherske-hradiste-066-300x188.webp",300,188,true],"large":["https:\/\/www.arete.eu\/wp-content\/uploads\/2025\/02\/small-arete-uherske-hradiste-066-1024x640.webp",800,500,true],"1536x1536":["https:\/\/www.arete.eu\/wp-content\/uploads\/2025\/02\/small-arete-uherske-hradiste-066.webp",1200,750,false],"2048x2048":["https:\/\/www.arete.eu\/wp-content\/uploads\/2025\/02\/small-arete-uherske-hradiste-066.webp",1200,750,false]},"rttpg_author":{"display_name":"newadmin","author_link":"https:\/\/www.arete.eu\/cs\/author\/newadmin\/"},"rttpg_comment":0,"rttpg_category":"<a href=\"https:\/\/www.arete.eu\/cs\/category\/praha-cs\/\" rel=\"category tag\">Praha<\/a> <a href=\"https:\/\/www.arete.eu\/cs\/category\/uherske-hradiste-cs\/\" rel=\"category tag\">Uhersk\u00e9 Hradi\u0161t\u011b<\/a>","rttpg_excerpt":"&#13; Arete Invest, rychle rostouc\u00ed \u010desk\u00fd realitn\u00ed investi\u010dn\u00ed fond, podepsal v kv\u011btnu se spole\u010dnost\u00ed Forschner novou n\u00e1jemn\u00ed smlouvu s platnost\u00ed do roku 2029. V\u00fdrobn\u00ed kapacita Forschneru v are\u00e1lu parku Uhersk\u00e9 Hradi\u0161t\u011b se tak v p\u0159\u00ed\u0161t\u00edm roce roz\u0161\u00ed\u0159\u00ed o dal\u0161\u00edch 5000 m2 na 12 300 m2. Celkov\u00e1 investice do nov\u00e9 v\u00fdstavby se odhaduje na 75 milion\u016f&hellip;","_links":{"self":[{"href":"https:\/\/www.arete.eu\/cs\/wp-json\/wp\/v2\/posts\/14027","targetHints":{"allow":["GET"]}}],"collection":[{"href":"https:\/\/www.arete.eu\/cs\/wp-json\/wp\/v2\/posts"}],"about":[{"href":"https:\/\/www.arete.eu\/cs\/wp-json\/wp\/v2\/types\/post"}],"author":[{"embeddable":true,"href":"https:\/\/www.arete.eu\/cs\/wp-json\/wp\/v2\/users\/6"}],"replies":[{"embeddable":true,"href":"https:\/\/www.arete.eu\/cs\/wp-json\/wp\/v2\/comments?post=14027"}],"version-history":[{"count":1,"href":"https:\/\/www.arete.eu\/cs\/wp-json\/wp\/v2\/posts\/14027\/revisions"}],"predecessor-version":[{"id":14029,"href":"https:\/\/www.arete.eu\/cs\/wp-json\/wp\/v2\/posts\/14027\/revisions\/14029"}],"wp:featuredmedia":[{"embeddable":true,"href":"https:\/\/www.arete.eu\/cs\/wp-json\/wp\/v2\/media\/14028"}],"wp:attachment":[{"href":"https:\/\/www.arete.eu\/cs\/wp-json\/wp\/v2\/media?parent=14027"}],"wp:term":[{"taxonomy":"category","embeddable":true,"href":"https:\/\/www.arete.eu\/cs\/wp-json\/wp\/v2\/categories?post=14027"},{"taxonomy":"post_tag","embeddable":true,"href":"https:\/\/www.arete.eu\/cs\/wp-json\/wp\/v2\/tags?post=14027"}],"curies":[{"name":"wp","href":"https:\/\/api.w.org\/{rel}","templated":true}]}}