{"id":14025,"date":"2021-02-02T12:20:07","date_gmt":"2021-02-02T12:20:07","guid":{"rendered":"https:\/\/www.arete.eu\/prumyslove-parky-vydelavaji-penize-i-behem-pandemie\/"},"modified":"2025-03-05T07:07:23","modified_gmt":"2025-03-05T07:07:23","slug":"prumyslove-parky-vydelavaji-penize-i-behem-pandemie","status":"publish","type":"post","link":"https:\/\/www.arete.eu\/cs\/prumyslove-parky-vydelavaji-penize-i-behem-pandemie\/","title":{"rendered":"Pr\u016fmyslov\u00e9 parky vyd\u011bl\u00e1vaj\u00ed pen\u00edze i b\u011bhem pandemie"},"content":{"rendered":"&#13;\n<p>\u010cesk\u00e9 fondy p\u0159ed\u010d\u00ed zahrani\u010dn\u00ed<\/p>&#13;\n<p>Op\u011bt se potvrdilo, \u017ee investice do pr\u016fmyslov\u00fdch nemovitost\u00ed je t\u00e9m\u011b\u0159 s\u00e1zkou na jistotu. Podle realitn\u00ed poradensk\u00e9 spole\u010dnosti Savills byly loni v kontinent\u00e1ln\u00ed Evrop\u011b tr\u017eby z pr\u00e9miov\u00fdch pr\u016fmyslov\u00fdch nemovitost\u00ed a pr\u00e9miov\u00fdch n\u00e1kupn\u00edch center poprv\u00e9 v historii t\u00e9m\u011b\u0159 stejn\u00e9, proto\u017ee prudce rostla popt\u00e1vka po logistice. O n\u00e1s, jako l\u00eddrech trhu v oblasti pr\u016fmyslov\u00fdch nemovitost\u00ed s hrub\u00fdm v\u00fdnosem p\u0159esahuj\u00edc\u00edm 17 % p.a., o jedn\u00e9 z nejv\u011bt\u0161\u00edch transakc\u00ed minul\u00e9ho roku a o nov\u00e9 akvizici v na\u0161em t\u0159et\u00edm fondu se do\u010dtete v p\u0159ilo\u017een\u00e9m \u010dl\u00e1nku den\u00edku Pr\u00e1vo pouze v \u010de\u0161tin\u011b.  <\/p>","protected":false},"excerpt":{"rendered":"<p>&#13; \u010cesk\u00e9 fondy p\u0159ed\u010d\u00ed zahrani\u010dn\u00ed &#13; Op\u011bt se potvrdilo, \u017ee investice do pr\u016fmyslov\u00fdch nemovitost\u00ed je t\u00e9m\u011b\u0159 s\u00e1zkou na jistotu. Podle realitn\u00ed poradensk\u00e9 spole\u010dnosti Savills byly loni v kontinent\u00e1ln\u00ed Evrop\u011b tr\u017eby z pr\u00e9miov\u00fdch pr\u016fmyslov\u00fdch nemovitost\u00ed a pr\u00e9miov\u00fdch n\u00e1kupn\u00edch center poprv\u00e9 v historii t\u00e9m\u011b\u0159 stejn\u00e9, proto\u017ee prudce rostla popt\u00e1vka po logistice. O n\u00e1s, jako l\u00eddrech trhu v oblasti pr\u016fmyslov\u00fdch nemovitost\u00ed s hrub\u00fdm v\u00fdnosem p\u0159esahuj\u00edc\u00edm 17 % p.a., o jedn\u00e9 z nejv\u011bt\u0161\u00edch transakc\u00ed minul\u00e9ho roku a o nov\u00e9 akvizici v na\u0161em t\u0159et\u00edm fondu se do\u010dtete v p\u0159ilo\u017een\u00e9m \u010dl\u00e1nku den\u00edku Pr\u00e1vo pouze v \u010de\u0161tin\u011b.<\/p>\n","protected":false},"author":6,"featured_media":10064,"comment_status":"open","ping_status":"open","sticky":false,"template":"@@single-custom-post.php","format":"standard","meta":{"_acf_changed":false,"footnotes":""},"categories":[63],"tags":[],"class_list":["post-14025","post","type-post","status-publish","format-standard","has-post-thumbnail","hentry","category-praha-cs","investment-clanky-esg","news-tiskove-zpravy"],"acf":[],"rttpg_featured_image_url":{"full":["https:\/\/www.arete.eu\/wp-content\/uploads\/2025\/02\/industry-pravo.webp",1017,549,false],"landscape":["https:\/\/www.arete.eu\/wp-content\/uploads\/2025\/02\/industry-pravo.webp",1017,549,false],"portraits":["https:\/\/www.arete.eu\/wp-content\/uploads\/2025\/02\/industry-pravo.webp",1017,549,false],"thumbnail":["https:\/\/www.arete.eu\/wp-content\/uploads\/2025\/02\/industry-pravo-150x150.webp",150,150,true],"medium":["https:\/\/www.arete.eu\/wp-content\/uploads\/2025\/02\/industry-pravo-300x162.webp",300,162,true],"large":["https:\/\/www.arete.eu\/wp-content\/uploads\/2025\/02\/industry-pravo.webp",800,432,false],"1536x1536":["https:\/\/www.arete.eu\/wp-content\/uploads\/2025\/02\/industry-pravo.webp",1017,549,false],"2048x2048":["https:\/\/www.arete.eu\/wp-content\/uploads\/2025\/02\/industry-pravo.webp",1017,549,false]},"rttpg_author":{"display_name":"newadmin","author_link":"https:\/\/www.arete.eu\/cs\/author\/newadmin\/"},"rttpg_comment":0,"rttpg_category":"<a href=\"https:\/\/www.arete.eu\/cs\/category\/praha-cs\/\" rel=\"category tag\">Praha<\/a>","rttpg_excerpt":"&#13; \u010cesk\u00e9 fondy p\u0159ed\u010d\u00ed zahrani\u010dn\u00ed &#13; Op\u011bt se potvrdilo, \u017ee investice do pr\u016fmyslov\u00fdch nemovitost\u00ed je t\u00e9m\u011b\u0159 s\u00e1zkou na jistotu. Podle realitn\u00ed poradensk\u00e9 spole\u010dnosti Savills byly loni v kontinent\u00e1ln\u00ed Evrop\u011b tr\u017eby z pr\u00e9miov\u00fdch pr\u016fmyslov\u00fdch nemovitost\u00ed a pr\u00e9miov\u00fdch n\u00e1kupn\u00edch center poprv\u00e9 v historii t\u00e9m\u011b\u0159 stejn\u00e9, proto\u017ee prudce rostla popt\u00e1vka po logistice. O n\u00e1s, jako l\u00eddrech trhu v&hellip;","_links":{"self":[{"href":"https:\/\/www.arete.eu\/cs\/wp-json\/wp\/v2\/posts\/14025","targetHints":{"allow":["GET"]}}],"collection":[{"href":"https:\/\/www.arete.eu\/cs\/wp-json\/wp\/v2\/posts"}],"about":[{"href":"https:\/\/www.arete.eu\/cs\/wp-json\/wp\/v2\/types\/post"}],"author":[{"embeddable":true,"href":"https:\/\/www.arete.eu\/cs\/wp-json\/wp\/v2\/users\/6"}],"replies":[{"embeddable":true,"href":"https:\/\/www.arete.eu\/cs\/wp-json\/wp\/v2\/comments?post=14025"}],"version-history":[{"count":3,"href":"https:\/\/www.arete.eu\/cs\/wp-json\/wp\/v2\/posts\/14025\/revisions"}],"predecessor-version":[{"id":14043,"href":"https:\/\/www.arete.eu\/cs\/wp-json\/wp\/v2\/posts\/14025\/revisions\/14043"}],"wp:featuredmedia":[{"embeddable":true,"href":"https:\/\/www.arete.eu\/cs\/wp-json\/wp\/v2\/media\/10064"}],"wp:attachment":[{"href":"https:\/\/www.arete.eu\/cs\/wp-json\/wp\/v2\/media?parent=14025"}],"wp:term":[{"taxonomy":"category","embeddable":true,"href":"https:\/\/www.arete.eu\/cs\/wp-json\/wp\/v2\/categories?post=14025"},{"taxonomy":"post_tag","embeddable":true,"href":"https:\/\/www.arete.eu\/cs\/wp-json\/wp\/v2\/tags?post=14025"}],"curies":[{"name":"wp","href":"https:\/\/api.w.org\/{rel}","templated":true}]}}