{"id":14015,"date":"2022-04-04T10:40:53","date_gmt":"2022-04-04T10:40:53","guid":{"rendered":"https:\/\/www.arete.eu\/treti-fond-skupiny-arete-dokoncil-akvizici-vyrobniho-arealu-ve-slovenske-belusi-ktery-ma-v-pronajmu-booster-precision-components-hodnota-transakce-presahla-10-milionu-eur\/"},"modified":"2025-03-05T06:30:30","modified_gmt":"2025-03-05T06:30:30","slug":"treti-fond-skupiny-arete-dokoncil-akvizici-vyrobniho-arealu-ve-slovenske-belusi-ktery-ma-v-pronajmu-booster-precision-components-hodnota-transakce-presahla-10-milionu-eur","status":"publish","type":"post","link":"https:\/\/www.arete.eu\/cs\/treti-fond-skupiny-arete-dokoncil-akvizici-vyrobniho-arealu-ve-slovenske-belusi-ktery-ma-v-pronajmu-booster-precision-components-hodnota-transakce-presahla-10-milionu-eur\/","title":{"rendered":"T\u0159et\u00ed fond skupiny ARETE dokon\u010dil akvizici v\u00fdrobn\u00edho are\u00e1lu ve slovensk\u00e9 Belu\u0161i, kter\u00fd m\u00e1 v pron\u00e1jmu Booster Precision Components. Hodnota transakce p\u0159es\u00e1hla 10 milion\u016f EUR"},"content":{"rendered":"<p>\n&#13;\n<p>T\u0159et\u00ed fond skupiny ARETE zam\u011b\u0159en\u00fd na kvalitn\u00ed pr\u016fmyslov\u00e1 a logistick\u00e1 aktiva v regionu st\u0159edn\u00ed a v\u00fdchodn\u00ed Evropy dokon\u010dil akvizici v\u00fdrobn\u00edho are\u00e1lu Booster Precision Components formou prodeje a zp\u011btn\u00e9ho leasingu. Dlouhodob\u00fdm n\u00e1jemcem are\u00e1lu z\u016fst\u00e1v\u00e1 Booster Precision Components, spole\u010dnost pat\u0159\u00edc\u00ed do n\u011bmeck\u00e9 skupiny Booster Group, kter\u00e1 p\u016fsob\u00ed na 3 kontinentech a zab\u00fdv\u00e1 se p\u0159edev\u0161\u00edm p\u0159esn\u00fdm obr\u00e1b\u011bn\u00edm. V Belu\u0161i na Slovensku je modern\u00ed Centrum excelence pro variabiln\u00ed geometrii turb\u00edn.  <\/p>&#13;\n<p><i>&#8222;Dokon\u010den\u00ed akvizice v\u00fdrobn\u00edho z\u00e1vodu v Belu\u0161i, 40 km od \u017diliny, posiluje pozici na\u0161eho t\u0159et\u00edho fondu na slovensk\u00e9m trhu. N\u00e1jemce s nejmodern\u011bj\u0161\u00ed technologi\u00ed p\u0159edstavuje pro n\u00e1\u0161 fond dlouhodob\u00e9ho a stabiln\u00edho partnera. Skupina Booster se od roku 1986 zam\u011b\u0159uje na p\u0159esn\u00e9 obr\u00e1b\u011bn\u00ed, komplexn\u00ed mont\u00e1\u017ee a poskytuje \u0161pi\u010dkov\u00e1 v\u00fdrobn\u00ed \u0159e\u0161en\u00ed po cel\u00e9m sv\u011bt\u011b nejen pro oblast Geometrie Group, specializace Centra Turbine v Excellence Group. p\u0159esn\u00e9 obr\u00e1b\u011bn\u00ed speci\u00e1ln\u00edch slitin a komplexn\u00edch sestav, bude pokra\u010dovat v na\u0161ich prostor\u00e1ch V\u00edtejte v Booster Precision Components v na\u0161em portfoliu pr\u00e9miov\u00fdch n\u00e1jemc\u016f.<\/i> uvedl Lubor Svoboda, spoluzakladatel skupiny ARETE.<\/p>&#13;\n<p>Roland Grijpma, gener\u00e1ln\u00ed \u0159editel spole\u010dnosti Booster Precision Components, dod\u00e1v\u00e1: <i>&#8222;Se skupinou ARETE jsme na\u0161li \u0161pi\u010dkov\u00e9ho hr\u00e1\u010de v oblasti spr\u00e1vy pr\u016fmyslov\u00fdch nemovitost\u00ed, kter\u00fd n\u00e1m umo\u017e\u0148uje soust\u0159edit se na na\u0161e provozn\u00ed aktivity. Booster Belu\u0161a stoj\u00ed na pokraji v\u00fdznamn\u00fdch zm\u011bn a roz\u0161i\u0159uje svou stopu v automobilov\u00e9m pr\u016fmyslu t\u00edm, \u017ee se zam\u011b\u0159uje na elektrickou mobilitu, ale tak\u00e9 na hydrauliku, l\u00e9ka\u0159stv\u00ed a dal\u0161\u00ed siln\u00e9 trhy, kde je kl\u00ed\u010dov\u00e9 vysoce p\u0159esn\u00e9 obr\u00e1b\u011bn\u00ed speci\u00e1ln\u00edch slitin a komplexn\u00edch sestav.&#8220; <\/i><\/p>&#13;\n<p><i>\u201eModern\u00ed v\u00fdrobn\u00ed are\u00e1l s t\u00e9m\u011b\u0159 12 000 m2 pronaj\u00edmateln\u00e9 plochy je pln\u011b v souladu s na\u0161\u00ed strategi\u00ed diverzifikovan\u00e9ho portfolia nemovitost\u00ed. Stabilizuj\u00edc\u00edm prvkem jsou v\u00fdrobn\u00ed podniky s dlouhodob\u00fdm pron\u00e1jmem. Pl\u00e1nujeme postupn\u00e9 zav\u00e1d\u011bn\u00ed obnoviteln\u00fdch zdroj\u016f energie a samoz\u0159ejmost\u00ed bude certifikace BREEAM. Tyto aktivity ji\u017e pova\u017eujeme za z\u00e1sadn\u00ed pro dosa\u017een\u00ed dlouhodob\u00e9 udr\u017eitelnosti a pln\u011bn\u00ed ekologick\u00fdch standard\u016f,\u201c<\/i> uzav\u00edr\u00e1 Robert Ides, druh\u00fd spoluzakladatel skupiny ARETE.<\/p>","protected":false},"excerpt":{"rendered":"<p>&#13; T\u0159et\u00ed fond skupiny ARETE zam\u011b\u0159en\u00fd na kvalitn\u00ed pr\u016fmyslov\u00e1 a logistick\u00e1 aktiva v regionu st\u0159edn\u00ed a v\u00fdchodn\u00ed Evropy dokon\u010dil akvizici v\u00fdrobn\u00edho are\u00e1lu Booster Precision Components formou prodeje a zp\u011btn\u00e9ho leasingu. Dlouhodob\u00fdm n\u00e1jemcem are\u00e1lu z\u016fst\u00e1v\u00e1 Booster Precision Components, spole\u010dnost pat\u0159\u00edc\u00ed do n\u011bmeck\u00e9 skupiny Booster Group, kter\u00e1 p\u016fsob\u00ed na 3 kontinentech a zab\u00fdv\u00e1 se p\u0159edev\u0161\u00edm p\u0159esn\u00fdm obr\u00e1b\u011bn\u00edm. V Belu\u0161i na Slovensku je modern\u00ed Centrum excelence pro variabiln\u00ed geometrii turb\u00edn. &#13; &#8222;Dokon\u010den\u00ed akvizice v\u00fdrobn\u00edho z\u00e1vodu v Belu\u0161i, 40 km od \u017diliny, posiluje pozici na\u0161eho t\u0159et\u00edho fondu na slovensk\u00e9m trhu. N\u00e1jemce s nejmodern\u011bj\u0161\u00ed technologi\u00ed p\u0159edstavuje pro n\u00e1\u0161 fond dlouhodob\u00e9ho a stabiln\u00edho partnera. Skupina Booster se od roku 1986 zam\u011b\u0159uje na p\u0159esn\u00e9 obr\u00e1b\u011bn\u00ed, komplexn\u00ed mont\u00e1\u017ee a poskytuje \u0161pi\u010dkov\u00e1 v\u00fdrobn\u00ed \u0159e\u0161en\u00ed po cel\u00e9m sv\u011bt\u011b nejen pro oblast Geometrie Group, specializace Centra Turbine v Excellence Group. p\u0159esn\u00e9 obr\u00e1b\u011bn\u00ed speci\u00e1ln\u00edch slitin a komplexn\u00edch sestav, bude pokra\u010dovat v na\u0161ich prostor\u00e1ch V\u00edtejte v Booster Precision Components v na\u0161em portfoliu pr\u00e9miov\u00fdch n\u00e1jemc\u016f. uvedl Lubor Svoboda, spoluzakladatel skupiny ARETE. &#13; Roland Grijpma, gener\u00e1ln\u00ed \u0159editel spole\u010dnosti Booster Precision Components, dod\u00e1v\u00e1: &#8222;Se skupinou ARETE jsme na\u0161li \u0161pi\u010dkov\u00e9ho hr\u00e1\u010de v oblasti spr\u00e1vy pr\u016fmyslov\u00fdch nemovitost\u00ed, kter\u00fd n\u00e1m umo\u017e\u0148uje soust\u0159edit se na na\u0161e provozn\u00ed aktivity. Booster Belu\u0161a stoj\u00ed na pokraji v\u00fdznamn\u00fdch zm\u011bn a roz\u0161i\u0159uje svou stopu v automobilov\u00e9m pr\u016fmyslu t\u00edm, \u017ee se zam\u011b\u0159uje na elektrickou mobilitu, ale tak\u00e9 na hydrauliku, l\u00e9ka\u0159stv\u00ed a dal\u0161\u00ed siln\u00e9 trhy, kde je kl\u00ed\u010dov\u00e9 vysoce p\u0159esn\u00e9 obr\u00e1b\u011bn\u00ed speci\u00e1ln\u00edch slitin a komplexn\u00edch sestav.&#8220; &#13; \u201eModern\u00ed v\u00fdrobn\u00ed are\u00e1l s t\u00e9m\u011b\u0159 12 000 m2 pronaj\u00edmateln\u00e9 plochy je pln\u011b v souladu s na\u0161\u00ed strategi\u00ed diverzifikovan\u00e9ho portfolia nemovitost\u00ed. Stabilizuj\u00edc\u00edm prvkem jsou v\u00fdrobn\u00ed podniky s dlouhodob\u00fdm pron\u00e1jmem. Pl\u00e1nujeme postupn\u00e9 zav\u00e1d\u011bn\u00ed obnoviteln\u00fdch zdroj\u016f energie a samoz\u0159ejmost\u00ed bude certifikace BREEAM. Tyto aktivity ji\u017e pova\u017eujeme za z\u00e1sadn\u00ed pro dosa\u017een\u00ed dlouhodob\u00e9 udr\u017eitelnosti a pln\u011bn\u00ed ekologick\u00fdch standard\u016f,\u201c uzav\u00edr\u00e1 Robert Ides, druh\u00fd spoluzakladatel skupiny ARETE.<\/p>\n","protected":false},"author":6,"featured_media":9873,"comment_status":"open","ping_status":"open","sticky":false,"template":"@@single-custom-post.php","format":"standard","meta":{"_acf_changed":false,"footnotes":""},"categories":[63],"tags":[],"class_list":["post-14015","post","type-post","status-publish","format-standard","has-post-thumbnail","hentry","category-praha-cs","investment-clanky-esg","news-novinky"],"acf":[],"rttpg_featured_image_url":{"full":["https:\/\/www.arete.eu\/wp-content\/uploads\/2025\/02\/dji-0081.webp",1024,576,false],"landscape":["https:\/\/www.arete.eu\/wp-content\/uploads\/2025\/02\/dji-0081.webp",1024,576,false],"portraits":["https:\/\/www.arete.eu\/wp-content\/uploads\/2025\/02\/dji-0081.webp",1024,576,false],"thumbnail":["https:\/\/www.arete.eu\/wp-content\/uploads\/2025\/02\/dji-0081-150x150.webp",150,150,true],"medium":["https:\/\/www.arete.eu\/wp-content\/uploads\/2025\/02\/dji-0081-300x169.webp",300,169,true],"large":["https:\/\/www.arete.eu\/wp-content\/uploads\/2025\/02\/dji-0081.webp",800,450,false],"1536x1536":["https:\/\/www.arete.eu\/wp-content\/uploads\/2025\/02\/dji-0081.webp",1024,576,false],"2048x2048":["https:\/\/www.arete.eu\/wp-content\/uploads\/2025\/02\/dji-0081.webp",1024,576,false]},"rttpg_author":{"display_name":"newadmin","author_link":"https:\/\/www.arete.eu\/cs\/author\/newadmin\/"},"rttpg_comment":0,"rttpg_category":"<a href=\"https:\/\/www.arete.eu\/cs\/category\/praha-cs\/\" rel=\"category tag\">Praha<\/a>","rttpg_excerpt":"&#13; T\u0159et\u00ed fond skupiny ARETE zam\u011b\u0159en\u00fd na kvalitn\u00ed pr\u016fmyslov\u00e1 a logistick\u00e1 aktiva v regionu st\u0159edn\u00ed a v\u00fdchodn\u00ed Evropy dokon\u010dil akvizici v\u00fdrobn\u00edho are\u00e1lu Booster Precision Components formou prodeje a zp\u011btn\u00e9ho leasingu. Dlouhodob\u00fdm n\u00e1jemcem are\u00e1lu z\u016fst\u00e1v\u00e1 Booster Precision Components, spole\u010dnost pat\u0159\u00edc\u00ed do n\u011bmeck\u00e9 skupiny Booster Group, kter\u00e1 p\u016fsob\u00ed na 3 kontinentech a zab\u00fdv\u00e1 se p\u0159edev\u0161\u00edm p\u0159esn\u00fdm obr\u00e1b\u011bn\u00edm.&hellip;","_links":{"self":[{"href":"https:\/\/www.arete.eu\/cs\/wp-json\/wp\/v2\/posts\/14015","targetHints":{"allow":["GET"]}}],"collection":[{"href":"https:\/\/www.arete.eu\/cs\/wp-json\/wp\/v2\/posts"}],"about":[{"href":"https:\/\/www.arete.eu\/cs\/wp-json\/wp\/v2\/types\/post"}],"author":[{"embeddable":true,"href":"https:\/\/www.arete.eu\/cs\/wp-json\/wp\/v2\/users\/6"}],"replies":[{"embeddable":true,"href":"https:\/\/www.arete.eu\/cs\/wp-json\/wp\/v2\/comments?post=14015"}],"version-history":[{"count":1,"href":"https:\/\/www.arete.eu\/cs\/wp-json\/wp\/v2\/posts\/14015\/revisions"}],"predecessor-version":[{"id":14016,"href":"https:\/\/www.arete.eu\/cs\/wp-json\/wp\/v2\/posts\/14015\/revisions\/14016"}],"wp:featuredmedia":[{"embeddable":true,"href":"https:\/\/www.arete.eu\/cs\/wp-json\/wp\/v2\/media\/9873"}],"wp:attachment":[{"href":"https:\/\/www.arete.eu\/cs\/wp-json\/wp\/v2\/media?parent=14015"}],"wp:term":[{"taxonomy":"category","embeddable":true,"href":"https:\/\/www.arete.eu\/cs\/wp-json\/wp\/v2\/categories?post=14015"},{"taxonomy":"post_tag","embeddable":true,"href":"https:\/\/www.arete.eu\/cs\/wp-json\/wp\/v2\/tags?post=14015"}],"curies":[{"name":"wp","href":"https:\/\/api.w.org\/{rel}","templated":true}]}}