{"id":13981,"date":"2017-03-28T09:33:00","date_gmt":"2017-03-28T09:33:00","guid":{"rendered":"https:\/\/www.arete.eu\/cesky-fond-arete-invest-vstupuje-na-slovensky-realitni-trh-akvizici-za-temer-pet-milionu-eur\/"},"modified":"2025-03-05T04:39:04","modified_gmt":"2025-03-05T04:39:04","slug":"cesky-fond-arete-invest-vstupuje-na-slovensky-realitni-trh-akvizici-za-temer-pet-milionu-eur","status":"publish","type":"post","link":"https:\/\/www.arete.eu\/cs\/cesky-fond-arete-invest-vstupuje-na-slovensky-realitni-trh-akvizici-za-temer-pet-milionu-eur\/","title":{"rendered":"\u010cesk\u00fd fond Arete Invest vstupuje na slovensk\u00fd realitn\u00ed trh akvizic\u00ed za t\u00e9m\u011b\u0159 p\u011bt milion\u016f EUR"},"content":{"rendered":"&#13;\n<p>Arete Invest, rychle rostouc\u00ed fond zam\u011b\u0159en\u00fd na investice v oblasti nemovitost\u00ed, dokon\u010dil v prvn\u00edm \u010dtvrtlet\u00ed tohoto roku svou prvn\u00ed akvizici na slovensk\u00e9m trhu. Jedn\u00e1 se o n\u00e1kup pr\u016fmyslov\u00e9ho are\u00e1lu v t\u011bsn\u00e9 bl\u00edzkosti automobilky KIA v \u017dilin\u011b, kter\u00fd je kompletn\u011b pronajat\u00fd dodavateli automobilov\u00fdch komponent spole\u010dnosti Grupo Antolin. Finan\u010dn\u00ed objem transakce \u010dinil 4,7 milion\u016f EUR.  <\/p>&#13;\n&#13;\n<p><a href=\"https:\/\/www.investujeme.cz\/tiskove-zpravy\/cesky-fond-arete-invest-vstupuje-slovensky-realitni-trh-akvizici-za-temer-pet-milionu-eur\/\">https:\/\/www.investujeme.cz\/tiskove-zpravy\/cesky-fond-arete-invest-vstupuje-slovensky-realitni-trh-akvizici-za-temer-pet-milionu-eur\/<\/a><\/p>&#13;\n&#13;\n<p>\u00a0<\/p>&#13;\n&#13;\n<p>\u00a0<\/p>&#13;\n&#13;\n<p>\u00a0<\/p>&#13;\n&#13;\n<p>\u00a0<\/p>&#13;\n","protected":false},"excerpt":{"rendered":"<p>&#13; Arete Invest, rychle rostouc\u00ed fond zam\u011b\u0159en\u00fd na investice v oblasti nemovitost\u00ed, dokon\u010dil v prvn\u00edm \u010dtvrtlet\u00ed tohoto roku svou prvn\u00ed akvizici na slovensk\u00e9m trhu. Jedn\u00e1 se o n\u00e1kup pr\u016fmyslov\u00e9ho are\u00e1lu v t\u011bsn\u00e9 bl\u00edzkosti automobilky KIA v \u017dilin\u011b, kter\u00fd je kompletn\u011b pronajat\u00fd dodavateli automobilov\u00fdch komponent spole\u010dnosti Grupo Antolin. Finan\u010dn\u00ed objem transakce \u010dinil 4,7 milion\u016f EUR. &#13; &#13; https:\/\/www.investujeme.cz\/tiskove-zpravy\/cesky-fond-arete-invest-vstupuje-slovensky-realitni-trh-akvizici-za-temer-pet-milionu-eur\/ &#13; &#13; \u00a0 &#13; &#13; \u00a0 &#13; &#13; \u00a0 &#13; &#13; \u00a0 &#13;<\/p>\n","protected":false},"author":6,"featured_media":7322,"comment_status":"open","ping_status":"open","sticky":false,"template":"@@single-custom-post.php","format":"standard","meta":{"_acf_changed":false,"footnotes":""},"categories":[63,85],"tags":[],"class_list":["post-13981","post","type-post","status-publish","format-standard","has-post-thumbnail","hentry","category-praha-cs","category-zilina-cs","investment-clanky-esg","news-novinky"],"acf":[],"rttpg_featured_image_url":{"full":["https:\/\/www.arete.eu\/wp-content\/uploads\/2025\/01\/small-arete-zilina-047.webp",1200,750,false],"landscape":["https:\/\/www.arete.eu\/wp-content\/uploads\/2025\/01\/small-arete-zilina-047.webp",1200,750,false],"portraits":["https:\/\/www.arete.eu\/wp-content\/uploads\/2025\/01\/small-arete-zilina-047.webp",1200,750,false],"thumbnail":["https:\/\/www.arete.eu\/wp-content\/uploads\/2025\/01\/small-arete-zilina-047-150x150.webp",150,150,true],"medium":["https:\/\/www.arete.eu\/wp-content\/uploads\/2025\/01\/small-arete-zilina-047-300x188.webp",300,188,true],"large":["https:\/\/www.arete.eu\/wp-content\/uploads\/2025\/01\/small-arete-zilina-047-1024x640.webp",800,500,true],"1536x1536":["https:\/\/www.arete.eu\/wp-content\/uploads\/2025\/01\/small-arete-zilina-047.webp",1200,750,false],"2048x2048":["https:\/\/www.arete.eu\/wp-content\/uploads\/2025\/01\/small-arete-zilina-047.webp",1200,750,false]},"rttpg_author":{"display_name":"newadmin","author_link":"https:\/\/www.arete.eu\/cs\/author\/newadmin\/"},"rttpg_comment":0,"rttpg_category":"<a href=\"https:\/\/www.arete.eu\/cs\/category\/praha-cs\/\" rel=\"category tag\">Praha<\/a> <a href=\"https:\/\/www.arete.eu\/cs\/category\/zilina-cs\/\" rel=\"category tag\">\u017dilina<\/a>","rttpg_excerpt":"&#13; Arete Invest, rychle rostouc\u00ed fond zam\u011b\u0159en\u00fd na investice v oblasti nemovitost\u00ed, dokon\u010dil v prvn\u00edm \u010dtvrtlet\u00ed tohoto roku svou prvn\u00ed akvizici na slovensk\u00e9m trhu. Jedn\u00e1 se o n\u00e1kup pr\u016fmyslov\u00e9ho are\u00e1lu v t\u011bsn\u00e9 bl\u00edzkosti automobilky KIA v \u017dilin\u011b, kter\u00fd je kompletn\u011b pronajat\u00fd dodavateli automobilov\u00fdch komponent spole\u010dnosti Grupo Antolin. Finan\u010dn\u00ed objem transakce \u010dinil 4,7 milion\u016f EUR. &#13;&hellip;","_links":{"self":[{"href":"https:\/\/www.arete.eu\/cs\/wp-json\/wp\/v2\/posts\/13981","targetHints":{"allow":["GET"]}}],"collection":[{"href":"https:\/\/www.arete.eu\/cs\/wp-json\/wp\/v2\/posts"}],"about":[{"href":"https:\/\/www.arete.eu\/cs\/wp-json\/wp\/v2\/types\/post"}],"author":[{"embeddable":true,"href":"https:\/\/www.arete.eu\/cs\/wp-json\/wp\/v2\/users\/6"}],"replies":[{"embeddable":true,"href":"https:\/\/www.arete.eu\/cs\/wp-json\/wp\/v2\/comments?post=13981"}],"version-history":[{"count":1,"href":"https:\/\/www.arete.eu\/cs\/wp-json\/wp\/v2\/posts\/13981\/revisions"}],"predecessor-version":[{"id":13982,"href":"https:\/\/www.arete.eu\/cs\/wp-json\/wp\/v2\/posts\/13981\/revisions\/13982"}],"wp:featuredmedia":[{"embeddable":true,"href":"https:\/\/www.arete.eu\/cs\/wp-json\/wp\/v2\/media\/7322"}],"wp:attachment":[{"href":"https:\/\/www.arete.eu\/cs\/wp-json\/wp\/v2\/media?parent=13981"}],"wp:term":[{"taxonomy":"category","embeddable":true,"href":"https:\/\/www.arete.eu\/cs\/wp-json\/wp\/v2\/categories?post=13981"},{"taxonomy":"post_tag","embeddable":true,"href":"https:\/\/www.arete.eu\/cs\/wp-json\/wp\/v2\/tags?post=13981"}],"curies":[{"name":"wp","href":"https:\/\/api.w.org\/{rel}","templated":true}]}}