{"id":13979,"date":"2017-03-28T09:37:00","date_gmt":"2017-03-28T09:37:00","guid":{"rendered":"https:\/\/www.arete.eu\/arete-invest-vstupuje-na-slovensky-trh\/"},"modified":"2025-03-05T04:37:42","modified_gmt":"2025-03-05T04:37:42","slug":"arete-invest-vstupuje-na-slovensky-trh","status":"publish","type":"post","link":"https:\/\/www.arete.eu\/cs\/arete-invest-vstupuje-na-slovensky-trh\/","title":{"rendered":"Arete Invest vstupuje na slovensk\u00fd trh"},"content":{"rendered":"&#13;\n<p>\u010cesk\u00fd fond Arete Invest zam\u011b\u0159en\u00fd na investice do nemovitost\u00ed dokon\u010dil svou prvn\u00ed akvizici na slovensk\u00e9m trhu. Jedn\u00e1 se o akvizici pr\u016fmyslov\u00e9ho are\u00e1lu v t\u011bsn\u00e9 bl\u00edzkosti automobilky KIA v \u017dilin\u011b, kter\u00fd je pln\u011b pronajat dodavateli automobilov\u00fdch komponent\u016f Grupo Antolin. Finan\u010dn\u00ed objem transakce \u010dinil 4,7 mil. EUR.<\/p>&#13;\n&#13;\n<p><a href=\"http:\/\/www.stavebni-forum.cz\/cs\/newsroom\/arete-invest-vstupuje-na-slovensky-trh\/\" target=\"_blank\" rel=\"noreferrer noopener\">http:\/\/www.stavebni-forum.cz\/cs\/newsroom\/arete-invest-vstupuje-na-slovensky-trh\/<\/a><\/p>&#13;\n&#13;\n<p>\u00a0<\/p>&#13;\n&#13;\n<p>\u00a0<\/p>&#13;\n&#13;\n<p>\u00a0<\/p>&#13;\n&#13;\n<p>\u00a0<\/p>&#13;\n","protected":false},"excerpt":{"rendered":"<p>&#13; \u010cesk\u00fd fond Arete Invest zam\u011b\u0159en\u00fd na investice do nemovitost\u00ed dokon\u010dil svou prvn\u00ed akvizici na slovensk\u00e9m trhu. Jedn\u00e1 se o akvizici pr\u016fmyslov\u00e9ho are\u00e1lu v t\u011bsn\u00e9 bl\u00edzkosti automobilky KIA v \u017dilin\u011b, kter\u00fd je pln\u011b pronajat dodavateli automobilov\u00fdch komponent\u016f Grupo Antolin. Finan\u010dn\u00ed objem transakce \u010dinil 4,7 mil. EUR. &#13; &#13; http:\/\/www.stavebni-forum.cz\/cs\/newsroom\/arete-invest-vstupuje-na-slovensky-trh\/ &#13; &#13; \u00a0 &#13; &#13; \u00a0 &#13; &#13; \u00a0 &#13; &#13; \u00a0 &#13;<\/p>\n","protected":false},"author":6,"featured_media":7324,"comment_status":"open","ping_status":"open","sticky":false,"template":"@@single-custom-post.php","format":"standard","meta":{"_acf_changed":false,"footnotes":""},"categories":[63],"tags":[],"class_list":["post-13979","post","type-post","status-publish","format-standard","has-post-thumbnail","hentry","category-praha-cs","investment-clanky-esg","news-novinky"],"acf":[],"rttpg_featured_image_url":{"full":["https:\/\/www.arete.eu\/wp-content\/uploads\/2025\/01\/small-arete-zilina-091.webp",1200,750,false],"landscape":["https:\/\/www.arete.eu\/wp-content\/uploads\/2025\/01\/small-arete-zilina-091.webp",1200,750,false],"portraits":["https:\/\/www.arete.eu\/wp-content\/uploads\/2025\/01\/small-arete-zilina-091.webp",1200,750,false],"thumbnail":["https:\/\/www.arete.eu\/wp-content\/uploads\/2025\/01\/small-arete-zilina-091-150x150.webp",150,150,true],"medium":["https:\/\/www.arete.eu\/wp-content\/uploads\/2025\/01\/small-arete-zilina-091-300x188.webp",300,188,true],"large":["https:\/\/www.arete.eu\/wp-content\/uploads\/2025\/01\/small-arete-zilina-091-1024x640.webp",800,500,true],"1536x1536":["https:\/\/www.arete.eu\/wp-content\/uploads\/2025\/01\/small-arete-zilina-091.webp",1200,750,false],"2048x2048":["https:\/\/www.arete.eu\/wp-content\/uploads\/2025\/01\/small-arete-zilina-091.webp",1200,750,false]},"rttpg_author":{"display_name":"newadmin","author_link":"https:\/\/www.arete.eu\/cs\/author\/newadmin\/"},"rttpg_comment":0,"rttpg_category":"<a href=\"https:\/\/www.arete.eu\/cs\/category\/praha-cs\/\" rel=\"category tag\">Praha<\/a>","rttpg_excerpt":"&#13; \u010cesk\u00fd fond Arete Invest zam\u011b\u0159en\u00fd na investice do nemovitost\u00ed dokon\u010dil svou prvn\u00ed akvizici na slovensk\u00e9m trhu. Jedn\u00e1 se o akvizici pr\u016fmyslov\u00e9ho are\u00e1lu v t\u011bsn\u00e9 bl\u00edzkosti automobilky KIA v \u017dilin\u011b, kter\u00fd je pln\u011b pronajat dodavateli automobilov\u00fdch komponent\u016f Grupo Antolin. Finan\u010dn\u00ed objem transakce \u010dinil 4,7 mil. EUR. &#13; &#13; http:\/\/www.stavebni-forum.cz\/cs\/newsroom\/arete-invest-vstupuje-na-slovensky-trh\/ &#13; &#13; \u00a0 &#13; &#13; \u00a0&hellip;","_links":{"self":[{"href":"https:\/\/www.arete.eu\/cs\/wp-json\/wp\/v2\/posts\/13979","targetHints":{"allow":["GET"]}}],"collection":[{"href":"https:\/\/www.arete.eu\/cs\/wp-json\/wp\/v2\/posts"}],"about":[{"href":"https:\/\/www.arete.eu\/cs\/wp-json\/wp\/v2\/types\/post"}],"author":[{"embeddable":true,"href":"https:\/\/www.arete.eu\/cs\/wp-json\/wp\/v2\/users\/6"}],"replies":[{"embeddable":true,"href":"https:\/\/www.arete.eu\/cs\/wp-json\/wp\/v2\/comments?post=13979"}],"version-history":[{"count":1,"href":"https:\/\/www.arete.eu\/cs\/wp-json\/wp\/v2\/posts\/13979\/revisions"}],"predecessor-version":[{"id":13980,"href":"https:\/\/www.arete.eu\/cs\/wp-json\/wp\/v2\/posts\/13979\/revisions\/13980"}],"wp:featuredmedia":[{"embeddable":true,"href":"https:\/\/www.arete.eu\/cs\/wp-json\/wp\/v2\/media\/7324"}],"wp:attachment":[{"href":"https:\/\/www.arete.eu\/cs\/wp-json\/wp\/v2\/media?parent=13979"}],"wp:term":[{"taxonomy":"category","embeddable":true,"href":"https:\/\/www.arete.eu\/cs\/wp-json\/wp\/v2\/categories?post=13979"},{"taxonomy":"post_tag","embeddable":true,"href":"https:\/\/www.arete.eu\/cs\/wp-json\/wp\/v2\/tags?post=13979"}],"curies":[{"name":"wp","href":"https:\/\/api.w.org\/{rel}","templated":true}]}}