{"id":13975,"date":"2017-03-29T09:45:00","date_gmt":"2017-03-29T09:45:00","guid":{"rendered":"https:\/\/www.arete.eu\/arete-invest-na-slovensku-ziskava-nemovitosti-za-47-milionu-eur\/"},"modified":"2025-03-05T04:34:37","modified_gmt":"2025-03-05T04:34:37","slug":"arete-invest-na-slovensku-ziskava-nemovitosti-za-47-milionu-eur","status":"publish","type":"post","link":"https:\/\/www.arete.eu\/cs\/arete-invest-na-slovensku-ziskava-nemovitosti-za-47-milionu-eur\/","title":{"rendered":"Arete Invest na Slovensku z\u00edsk\u00e1v\u00e1 nemovitosti za 4,7 milionu EUR"},"content":{"rendered":"&#13;\n<p>Investi\u010dn\u00ed fond Arete Invest z\u00edskal v 1. \u010dtvrtlet\u00ed roku 2017 pr\u016fmyslov\u00fd are\u00e1l v bl\u00edzkosti v\u00fdrobn\u00edho z\u00e1vodu automobilky KIA v \u017dilin\u011b. Objekt s celkovou rozlohou 5 000 m2 je pln\u011b pronajat dodavateli automobilov\u00fdch komponent Grupo Antolin na dobu \u010dty\u0159 let. Transakce \u010din\u00ed 4,7 milionu EUR. Are\u00e1l prodal belgick\u00fd developer ILD. Arete Invest koupil od ILD i pr\u016fmyslov\u00fd are\u00e1l v Uhersk\u00e9m Hradi\u0161ti za 7,5 mil. EUR.    <\/p>&#13;\n&#13;\n<p><a href=\"http:\/\/praguemonitor.com\/2017\/03\/29\/arete-invest-acquires-facility-slovakia-eur-47m\">http:\/\/praguemonitor.com\/2017\/03\/29\/arete-invest-acquires-facility-slovakia-eur-47m<\/a><\/p>&#13;\n&#13;\n<p>\u00a0<\/p>&#13;\n&#13;\n<p>\u00a0<\/p>&#13;\n&#13;\n<p>\u00a0<\/p>&#13;\n&#13;\n<p>\u00a0<\/p>&#13;\n&#13;\n<p>\u00a0<\/p>&#13;\n","protected":false},"excerpt":{"rendered":"<p>&#13; Investi\u010dn\u00ed fond Arete Invest z\u00edskal v 1. \u010dtvrtlet\u00ed roku 2017 pr\u016fmyslov\u00fd are\u00e1l v bl\u00edzkosti v\u00fdrobn\u00edho z\u00e1vodu automobilky KIA v \u017dilin\u011b. Objekt s celkovou rozlohou 5 000 m2 je pln\u011b pronajat dodavateli automobilov\u00fdch komponent Grupo Antolin na dobu \u010dty\u0159 let. Transakce \u010din\u00ed 4,7 milionu EUR. Are\u00e1l prodal belgick\u00fd developer ILD. Arete Invest koupil od ILD i pr\u016fmyslov\u00fd are\u00e1l v Uhersk\u00e9m Hradi\u0161ti za 7,5 mil. EUR. &#13; &#13; http:\/\/praguemonitor.com\/2017\/03\/29\/arete-invest-acquires-facility-slovakia-eur-47m &#13; &#13; \u00a0 &#13; &#13; \u00a0 &#13; &#13; \u00a0 &#13; &#13; \u00a0 &#13; &#13; \u00a0 &#13;<\/p>\n","protected":false},"author":6,"featured_media":7328,"comment_status":"open","ping_status":"open","sticky":false,"template":"@@single-custom-post.php","format":"standard","meta":{"_acf_changed":false,"footnotes":""},"categories":[63],"tags":[],"class_list":["post-13975","post","type-post","status-publish","format-standard","has-post-thumbnail","hentry","category-praha-cs","investment-clanky-esg","news-novinky"],"acf":[],"rttpg_featured_image_url":{"full":["https:\/\/www.arete.eu\/wp-content\/uploads\/2025\/01\/small-arete-beckov-78.webp",1200,750,false],"landscape":["https:\/\/www.arete.eu\/wp-content\/uploads\/2025\/01\/small-arete-beckov-78.webp",1200,750,false],"portraits":["https:\/\/www.arete.eu\/wp-content\/uploads\/2025\/01\/small-arete-beckov-78.webp",1200,750,false],"thumbnail":["https:\/\/www.arete.eu\/wp-content\/uploads\/2025\/01\/small-arete-beckov-78-150x150.webp",150,150,true],"medium":["https:\/\/www.arete.eu\/wp-content\/uploads\/2025\/01\/small-arete-beckov-78-300x188.webp",300,188,true],"large":["https:\/\/www.arete.eu\/wp-content\/uploads\/2025\/01\/small-arete-beckov-78-1024x640.webp",800,500,true],"1536x1536":["https:\/\/www.arete.eu\/wp-content\/uploads\/2025\/01\/small-arete-beckov-78.webp",1200,750,false],"2048x2048":["https:\/\/www.arete.eu\/wp-content\/uploads\/2025\/01\/small-arete-beckov-78.webp",1200,750,false]},"rttpg_author":{"display_name":"newadmin","author_link":"https:\/\/www.arete.eu\/cs\/author\/newadmin\/"},"rttpg_comment":0,"rttpg_category":"<a href=\"https:\/\/www.arete.eu\/cs\/category\/praha-cs\/\" rel=\"category tag\">Praha<\/a>","rttpg_excerpt":"&#13; Investi\u010dn\u00ed fond Arete Invest z\u00edskal v 1. \u010dtvrtlet\u00ed roku 2017 pr\u016fmyslov\u00fd are\u00e1l v bl\u00edzkosti v\u00fdrobn\u00edho z\u00e1vodu automobilky KIA v \u017dilin\u011b. Objekt s celkovou rozlohou 5 000 m2 je pln\u011b pronajat dodavateli automobilov\u00fdch komponent Grupo Antolin na dobu \u010dty\u0159 let. Transakce \u010din\u00ed 4,7 milionu EUR. Are\u00e1l prodal belgick\u00fd developer ILD. Arete Invest koupil od ILD&hellip;","_links":{"self":[{"href":"https:\/\/www.arete.eu\/cs\/wp-json\/wp\/v2\/posts\/13975","targetHints":{"allow":["GET"]}}],"collection":[{"href":"https:\/\/www.arete.eu\/cs\/wp-json\/wp\/v2\/posts"}],"about":[{"href":"https:\/\/www.arete.eu\/cs\/wp-json\/wp\/v2\/types\/post"}],"author":[{"embeddable":true,"href":"https:\/\/www.arete.eu\/cs\/wp-json\/wp\/v2\/users\/6"}],"replies":[{"embeddable":true,"href":"https:\/\/www.arete.eu\/cs\/wp-json\/wp\/v2\/comments?post=13975"}],"version-history":[{"count":1,"href":"https:\/\/www.arete.eu\/cs\/wp-json\/wp\/v2\/posts\/13975\/revisions"}],"predecessor-version":[{"id":13976,"href":"https:\/\/www.arete.eu\/cs\/wp-json\/wp\/v2\/posts\/13975\/revisions\/13976"}],"wp:featuredmedia":[{"embeddable":true,"href":"https:\/\/www.arete.eu\/cs\/wp-json\/wp\/v2\/media\/7328"}],"wp:attachment":[{"href":"https:\/\/www.arete.eu\/cs\/wp-json\/wp\/v2\/media?parent=13975"}],"wp:term":[{"taxonomy":"category","embeddable":true,"href":"https:\/\/www.arete.eu\/cs\/wp-json\/wp\/v2\/categories?post=13975"},{"taxonomy":"post_tag","embeddable":true,"href":"https:\/\/www.arete.eu\/cs\/wp-json\/wp\/v2\/tags?post=13975"}],"curies":[{"name":"wp","href":"https:\/\/api.w.org\/{rel}","templated":true}]}}