{"id":13941,"date":"2017-04-21T07:30:10","date_gmt":"2017-04-21T07:30:10","guid":{"rendered":"https:\/\/www.arete.eu\/cesti-investori-objevili-sklady-laka-je-vyssi-vynos\/"},"modified":"2025-03-04T12:34:17","modified_gmt":"2025-03-04T12:34:17","slug":"cesti-investori-objevili-sklady-laka-je-vyssi-vynos","status":"publish","type":"post","link":"https:\/\/www.arete.eu\/cs\/cesti-investori-objevili-sklady-laka-je-vyssi-vynos\/","title":{"rendered":"\u010ce\u0161t\u00ed investo\u0159i objevili sklady, l\u00e1k\u00e1 je vy\u0161\u0161\u00ed v\u00fdnos"},"content":{"rendered":"&#13;\n<p>V\u00fdnos z pronajat\u00fdch nemovitost\u00ed nad osm procent ro\u010dn\u011b za\u010d\u00edn\u00e1 b\u00fdt kv\u016fli zdra\u017eov\u00e1n\u00ed realit nedosti\u017en\u00fdm p\u0159\u00e1n\u00edm investor\u016f. Posledn\u00ed z\u00e1chranou jsou pro n\u011b sklady a pr\u016fmyslov\u00e9 haly. <\/p>&#13;\n<p><a href=\"https:\/\/zpravy.e15.cz\/byznys\/reality-a-stavebnictvi\/cesti-investori-objevili-sklady-laka-je-vyssi-vynos-1331498\" target=\"_blank\" rel=\"noopener\">https:\/\/zpravy.e15.cz\/byznys\/reality-a-stavebnictvi\/cesti-investori-objevili-sklady-laka-je-vyssi-vynos-1331498<\/a><\/p>&#13;\n&#13;\n<p>\u00a0<\/p>&#13;\n&#13;\n<p>\u00a0<\/p>&#13;\n&#13;\n<p>\u00a0<\/p>&#13;\n","protected":false},"excerpt":{"rendered":"<p>&#13; V\u00fdnos z pronajat\u00fdch nemovitost\u00ed nad osm procent ro\u010dn\u011b za\u010d\u00edn\u00e1 b\u00fdt kv\u016fli zdra\u017eov\u00e1n\u00ed realit nedosti\u017en\u00fdm p\u0159\u00e1n\u00edm investor\u016f. Posledn\u00ed z\u00e1chranou jsou pro n\u011b sklady a pr\u016fmyslov\u00e9 haly. &#13; https:\/\/zpravy.e15.cz\/byznys\/reality-a-stavebnictvi\/cesti-investori-objevili-sklady-laka-je-vyssi-vynos-1331498 &#13; &#13; \u00a0 &#13; &#13; \u00a0 &#13; &#13; \u00a0 &#13;<\/p>\n","protected":false},"author":6,"featured_media":7422,"comment_status":"open","ping_status":"open","sticky":false,"template":"@@single-custom-post.php","format":"standard","meta":{"_acf_changed":false,"footnotes":""},"categories":[63],"tags":[],"class_list":["post-13941","post","type-post","status-publish","format-standard","has-post-thumbnail","hentry","category-praha-cs","investment-clanky-esg","news-novinky"],"acf":[],"rttpg_featured_image_url":{"full":["https:\/\/www.arete.eu\/wp-content\/uploads\/2025\/01\/small-arete-pisek-u-hrebcince-85.webp",1200,750,false],"landscape":["https:\/\/www.arete.eu\/wp-content\/uploads\/2025\/01\/small-arete-pisek-u-hrebcince-85.webp",1200,750,false],"portraits":["https:\/\/www.arete.eu\/wp-content\/uploads\/2025\/01\/small-arete-pisek-u-hrebcince-85.webp",1200,750,false],"thumbnail":["https:\/\/www.arete.eu\/wp-content\/uploads\/2025\/01\/small-arete-pisek-u-hrebcince-85-150x150.webp",150,150,true],"medium":["https:\/\/www.arete.eu\/wp-content\/uploads\/2025\/01\/small-arete-pisek-u-hrebcince-85-300x188.webp",300,188,true],"large":["https:\/\/www.arete.eu\/wp-content\/uploads\/2025\/01\/small-arete-pisek-u-hrebcince-85-1024x640.webp",800,500,true],"1536x1536":["https:\/\/www.arete.eu\/wp-content\/uploads\/2025\/01\/small-arete-pisek-u-hrebcince-85.webp",1200,750,false],"2048x2048":["https:\/\/www.arete.eu\/wp-content\/uploads\/2025\/01\/small-arete-pisek-u-hrebcince-85.webp",1200,750,false]},"rttpg_author":{"display_name":"newadmin","author_link":"https:\/\/www.arete.eu\/cs\/author\/newadmin\/"},"rttpg_comment":0,"rttpg_category":"<a href=\"https:\/\/www.arete.eu\/cs\/category\/praha-cs\/\" rel=\"category tag\">Praha<\/a>","rttpg_excerpt":"&#13; V\u00fdnos z pronajat\u00fdch nemovitost\u00ed nad osm procent ro\u010dn\u011b za\u010d\u00edn\u00e1 b\u00fdt kv\u016fli zdra\u017eov\u00e1n\u00ed realit nedosti\u017en\u00fdm p\u0159\u00e1n\u00edm investor\u016f. Posledn\u00ed z\u00e1chranou jsou pro n\u011b sklady a pr\u016fmyslov\u00e9 haly. &#13; https:\/\/zpravy.e15.cz\/byznys\/reality-a-stavebnictvi\/cesti-investori-objevili-sklady-laka-je-vyssi-vynos-1331498 &#13; &#13; \u00a0 &#13; &#13; \u00a0 &#13; &#13; \u00a0 &#13;","_links":{"self":[{"href":"https:\/\/www.arete.eu\/cs\/wp-json\/wp\/v2\/posts\/13941","targetHints":{"allow":["GET"]}}],"collection":[{"href":"https:\/\/www.arete.eu\/cs\/wp-json\/wp\/v2\/posts"}],"about":[{"href":"https:\/\/www.arete.eu\/cs\/wp-json\/wp\/v2\/types\/post"}],"author":[{"embeddable":true,"href":"https:\/\/www.arete.eu\/cs\/wp-json\/wp\/v2\/users\/6"}],"replies":[{"embeddable":true,"href":"https:\/\/www.arete.eu\/cs\/wp-json\/wp\/v2\/comments?post=13941"}],"version-history":[{"count":1,"href":"https:\/\/www.arete.eu\/cs\/wp-json\/wp\/v2\/posts\/13941\/revisions"}],"predecessor-version":[{"id":13942,"href":"https:\/\/www.arete.eu\/cs\/wp-json\/wp\/v2\/posts\/13941\/revisions\/13942"}],"wp:featuredmedia":[{"embeddable":true,"href":"https:\/\/www.arete.eu\/cs\/wp-json\/wp\/v2\/media\/7422"}],"wp:attachment":[{"href":"https:\/\/www.arete.eu\/cs\/wp-json\/wp\/v2\/media?parent=13941"}],"wp:term":[{"taxonomy":"category","embeddable":true,"href":"https:\/\/www.arete.eu\/cs\/wp-json\/wp\/v2\/categories?post=13941"},{"taxonomy":"post_tag","embeddable":true,"href":"https:\/\/www.arete.eu\/cs\/wp-json\/wp\/v2\/tags?post=13941"}],"curies":[{"name":"wp","href":"https:\/\/api.w.org\/{rel}","templated":true}]}}