{"id":13907,"date":"2017-09-16T10:49:23","date_gmt":"2017-09-16T10:49:23","guid":{"rendered":"https:\/\/www.arete.eu\/slovensko-je-singapur-v-strednej-europe\/"},"modified":"2025-03-04T11:56:30","modified_gmt":"2025-03-04T11:56:30","slug":"slovensko-je-singapur-v-strednej-europe","status":"publish","type":"post","link":"https:\/\/www.arete.eu\/cs\/slovensko-je-singapur-v-strednej-europe\/","title":{"rendered":"Slovensko je Singapur v strednej Eur\u00f3pe"},"content":{"rendered":"&#13;\n<p>Sam Shergill, priv\u00e1tny investor a \u010dlen spr\u00e1vnej rady investi\u010dn\u00e9ho fondu Arete Invest, pre Hospod\u00e1rske noviny.<br\/> <\/p>&#13;\n<p><a href=\"http:\/\/finweb.hnonline.sk\/financie-a-burzy\/1011102-slovensko-je-singapur-v-strednej-europe\" target=\"_blank\" rel=\"noopener\">http:\/\/finweb.hnonline.sk\/financie-a-burzy\/1011102-slovensko-je-singapur-v-strednej-europe<\/a><\/p>","protected":false},"excerpt":{"rendered":"<p>&#13; Sam Shergill, priv\u00e1tny investor a \u010dlen spr\u00e1vnej rady investi\u010dn\u00e9ho fondu Arete Invest, pre Hospod\u00e1rske noviny. &#13; http:\/\/finweb.hnonline.sk\/financie-a-burzy\/1011102-slovensko-je-singapur-v-strednej-europe<\/p>\n","protected":false},"author":6,"featured_media":13908,"comment_status":"open","ping_status":"open","sticky":false,"template":"@@single-custom-post.php","format":"standard","meta":{"_acf_changed":false,"footnotes":""},"categories":[63],"tags":[],"class_list":["post-13907","post","type-post","status-publish","format-standard","has-post-thumbnail","hentry","category-praha-cs","investment-clanky-esg","news-novinky"],"acf":[],"rttpg_featured_image_url":{"full":["https:\/\/www.arete.eu\/wp-content\/uploads\/2025\/02\/arete-velka-ida-140.webp",1200,750,false],"landscape":["https:\/\/www.arete.eu\/wp-content\/uploads\/2025\/02\/arete-velka-ida-140.webp",1200,750,false],"portraits":["https:\/\/www.arete.eu\/wp-content\/uploads\/2025\/02\/arete-velka-ida-140.webp",1200,750,false],"thumbnail":["https:\/\/www.arete.eu\/wp-content\/uploads\/2025\/02\/arete-velka-ida-140-150x150.webp",150,150,true],"medium":["https:\/\/www.arete.eu\/wp-content\/uploads\/2025\/02\/arete-velka-ida-140-300x188.webp",300,188,true],"large":["https:\/\/www.arete.eu\/wp-content\/uploads\/2025\/02\/arete-velka-ida-140-1024x640.webp",800,500,true],"1536x1536":["https:\/\/www.arete.eu\/wp-content\/uploads\/2025\/02\/arete-velka-ida-140.webp",1200,750,false],"2048x2048":["https:\/\/www.arete.eu\/wp-content\/uploads\/2025\/02\/arete-velka-ida-140.webp",1200,750,false]},"rttpg_author":{"display_name":"newadmin","author_link":"https:\/\/www.arete.eu\/cs\/author\/newadmin\/"},"rttpg_comment":0,"rttpg_category":"<a href=\"https:\/\/www.arete.eu\/cs\/category\/praha-cs\/\" rel=\"category tag\">Praha<\/a>","rttpg_excerpt":"&#13; Sam Shergill, priv\u00e1tny investor a \u010dlen spr\u00e1vnej rady investi\u010dn\u00e9ho fondu Arete Invest, pre Hospod\u00e1rske noviny. &#13; http:\/\/finweb.hnonline.sk\/financie-a-burzy\/1011102-slovensko-je-singapur-v-strednej-europe","_links":{"self":[{"href":"https:\/\/www.arete.eu\/cs\/wp-json\/wp\/v2\/posts\/13907","targetHints":{"allow":["GET"]}}],"collection":[{"href":"https:\/\/www.arete.eu\/cs\/wp-json\/wp\/v2\/posts"}],"about":[{"href":"https:\/\/www.arete.eu\/cs\/wp-json\/wp\/v2\/types\/post"}],"author":[{"embeddable":true,"href":"https:\/\/www.arete.eu\/cs\/wp-json\/wp\/v2\/users\/6"}],"replies":[{"embeddable":true,"href":"https:\/\/www.arete.eu\/cs\/wp-json\/wp\/v2\/comments?post=13907"}],"version-history":[{"count":1,"href":"https:\/\/www.arete.eu\/cs\/wp-json\/wp\/v2\/posts\/13907\/revisions"}],"predecessor-version":[{"id":13909,"href":"https:\/\/www.arete.eu\/cs\/wp-json\/wp\/v2\/posts\/13907\/revisions\/13909"}],"wp:featuredmedia":[{"embeddable":true,"href":"https:\/\/www.arete.eu\/cs\/wp-json\/wp\/v2\/media\/13908"}],"wp:attachment":[{"href":"https:\/\/www.arete.eu\/cs\/wp-json\/wp\/v2\/media?parent=13907"}],"wp:term":[{"taxonomy":"category","embeddable":true,"href":"https:\/\/www.arete.eu\/cs\/wp-json\/wp\/v2\/categories?post=13907"},{"taxonomy":"post_tag","embeddable":true,"href":"https:\/\/www.arete.eu\/cs\/wp-json\/wp\/v2\/tags?post=13907"}],"curies":[{"name":"wp","href":"https:\/\/api.w.org\/{rel}","templated":true}]}}