{"id":13902,"date":"2017-08-28T10:45:40","date_gmt":"2017-08-28T10:45:40","guid":{"rendered":"https:\/\/www.arete.eu\/novym-clenem-investicniho-vyboru-fondu-arete-invest-se-stal-bedrich-skalicky\/"},"modified":"2025-03-04T11:53:54","modified_gmt":"2025-03-04T11:53:54","slug":"novym-clenem-investicniho-vyboru-fondu-arete-invest-se-stal-bedrich-skalicky","status":"publish","type":"post","link":"https:\/\/www.arete.eu\/cs\/novym-clenem-investicniho-vyboru-fondu-arete-invest-se-stal-bedrich-skalicky\/","title":{"rendered":"Nov\u00fdm \u010dlenem investi\u010dn\u00edho v\u00fdboru fondu Arete Invest se stal Bed\u0159ich Skalick\u00fd"},"content":{"rendered":"&#13;\n<p>Nemovitostn\u00ed fond Arete Invest roz\u0161\u00ed\u0159il v srpnu sv\u016fj investi\u010dn\u00ed v\u00fdbor o dal\u0161\u00edho odborn\u00edka z oblasti nemovitost\u00ed a investic, Bed\u0159icha Skalick\u00e9ho. <\/p>&#13;\n<p><strong>Bed\u0159ich Skalick\u00fd<\/strong> z\u00e1rove\u0148 p\u016fsob\u00ed ve spole\u010dnosti Deloitte, kde je odpov\u011bdn\u00fd za oblast transakc\u00ed a investic do nemovitost\u00ed. Bed\u0159ich m\u00e1 v oblasti nemovitost\u00ed a investic v\u00edce ne\u017e 24 let praxe. Je prezidentem \u010cesk\u00e9 komory realitn\u00edch spole\u010dnost\u00ed a \u010dlenem \u010cesk\u00e9 komory architekt\u016f. M\u00e1 zku\u0161enosti z podnik\u00e1n\u00ed a investi\u010dn\u00edho poradenstv\u00ed v oblasti nemovitost\u00ed a fond\u016f. Pracoval pro \u010ceskou spo\u0159itelnu (Erste Group), kde zalo\u017eil novou realitn\u00ed dce\u0159inou spole\u010dnost a dva nemovitostn\u00ed fondy ve vlastnictv\u00ed \u010cesk\u00e9 spo\u0159itelny (CSIA, CSSG) s celkov\u00fdmi aktivy ve v\u00fd\u0161i 10 miliard K\u010d. Svou profesion\u00e1ln\u00ed kari\u00e9ru v oblasti nemovitost\u00ed zah\u00e1jil u McDonalds jako Real Estate Manager.     <\/p>&#13;\n<p>Bed\u0159ich dokon\u010dil <strong>studia ekonomie<\/strong> v Praze a na univerzit\u011b v Bostonu. Hovo\u0159\u00ed \u010desky, anglicky a rusky. <\/p>","protected":false},"excerpt":{"rendered":"<p>&#13; Nemovitostn\u00ed fond Arete Invest roz\u0161\u00ed\u0159il v srpnu sv\u016fj investi\u010dn\u00ed v\u00fdbor o dal\u0161\u00edho odborn\u00edka z oblasti nemovitost\u00ed a investic, Bed\u0159icha Skalick\u00e9ho. &#13; Bed\u0159ich Skalick\u00fd z\u00e1rove\u0148 p\u016fsob\u00ed ve spole\u010dnosti Deloitte, kde je odpov\u011bdn\u00fd za oblast transakc\u00ed a investic do nemovitost\u00ed. Bed\u0159ich m\u00e1 v oblasti nemovitost\u00ed a investic v\u00edce ne\u017e 24 let praxe. Je prezidentem \u010cesk\u00e9 komory realitn\u00edch spole\u010dnost\u00ed a \u010dlenem \u010cesk\u00e9 komory architekt\u016f. M\u00e1 zku\u0161enosti z podnik\u00e1n\u00ed a investi\u010dn\u00edho poradenstv\u00ed v oblasti nemovitost\u00ed a fond\u016f. Pracoval pro \u010ceskou spo\u0159itelnu (Erste Group), kde zalo\u017eil novou realitn\u00ed dce\u0159inou spole\u010dnost a dva nemovitostn\u00ed fondy ve vlastnictv\u00ed \u010cesk\u00e9 spo\u0159itelny (CSIA, CSSG) s celkov\u00fdmi aktivy ve v\u00fd\u0161i 10 miliard K\u010d. Svou profesion\u00e1ln\u00ed kari\u00e9ru v oblasti nemovitost\u00ed zah\u00e1jil u McDonalds jako Real Estate Manager. &#13; Bed\u0159ich dokon\u010dil studia ekonomie v Praze a na univerzit\u011b v Bostonu. Hovo\u0159\u00ed \u010desky, anglicky a rusky.<\/p>\n","protected":false},"author":6,"featured_media":13869,"comment_status":"open","ping_status":"open","sticky":false,"template":"@@single-custom-post.php","format":"standard","meta":{"_acf_changed":false,"footnotes":""},"categories":[63],"tags":[],"class_list":["post-13902","post","type-post","status-publish","format-standard","has-post-thumbnail","hentry","category-praha-cs","investment-clanky-esg","news-novinky"],"acf":[],"rttpg_featured_image_url":{"full":["https:\/\/www.arete.eu\/wp-content\/uploads\/2025\/02\/small-arete-beckov-78.webp",1200,750,false],"landscape":["https:\/\/www.arete.eu\/wp-content\/uploads\/2025\/02\/small-arete-beckov-78.webp",1200,750,false],"portraits":["https:\/\/www.arete.eu\/wp-content\/uploads\/2025\/02\/small-arete-beckov-78.webp",1200,750,false],"thumbnail":["https:\/\/www.arete.eu\/wp-content\/uploads\/2025\/02\/small-arete-beckov-78-150x150.webp",150,150,true],"medium":["https:\/\/www.arete.eu\/wp-content\/uploads\/2025\/02\/small-arete-beckov-78-300x188.webp",300,188,true],"large":["https:\/\/www.arete.eu\/wp-content\/uploads\/2025\/02\/small-arete-beckov-78-1024x640.webp",800,500,true],"1536x1536":["https:\/\/www.arete.eu\/wp-content\/uploads\/2025\/02\/small-arete-beckov-78.webp",1200,750,false],"2048x2048":["https:\/\/www.arete.eu\/wp-content\/uploads\/2025\/02\/small-arete-beckov-78.webp",1200,750,false]},"rttpg_author":{"display_name":"newadmin","author_link":"https:\/\/www.arete.eu\/cs\/author\/newadmin\/"},"rttpg_comment":0,"rttpg_category":"<a href=\"https:\/\/www.arete.eu\/cs\/category\/praha-cs\/\" rel=\"category tag\">Praha<\/a>","rttpg_excerpt":"&#13; Nemovitostn\u00ed fond Arete Invest roz\u0161\u00ed\u0159il v srpnu sv\u016fj investi\u010dn\u00ed v\u00fdbor o dal\u0161\u00edho odborn\u00edka z oblasti nemovitost\u00ed a investic, Bed\u0159icha Skalick\u00e9ho. &#13; Bed\u0159ich Skalick\u00fd z\u00e1rove\u0148 p\u016fsob\u00ed ve spole\u010dnosti Deloitte, kde je odpov\u011bdn\u00fd za oblast transakc\u00ed a investic do nemovitost\u00ed. Bed\u0159ich m\u00e1 v oblasti nemovitost\u00ed a investic v\u00edce ne\u017e 24 let praxe. Je prezidentem \u010cesk\u00e9 komory&hellip;","_links":{"self":[{"href":"https:\/\/www.arete.eu\/cs\/wp-json\/wp\/v2\/posts\/13902","targetHints":{"allow":["GET"]}}],"collection":[{"href":"https:\/\/www.arete.eu\/cs\/wp-json\/wp\/v2\/posts"}],"about":[{"href":"https:\/\/www.arete.eu\/cs\/wp-json\/wp\/v2\/types\/post"}],"author":[{"embeddable":true,"href":"https:\/\/www.arete.eu\/cs\/wp-json\/wp\/v2\/users\/6"}],"replies":[{"embeddable":true,"href":"https:\/\/www.arete.eu\/cs\/wp-json\/wp\/v2\/comments?post=13902"}],"version-history":[{"count":1,"href":"https:\/\/www.arete.eu\/cs\/wp-json\/wp\/v2\/posts\/13902\/revisions"}],"predecessor-version":[{"id":13903,"href":"https:\/\/www.arete.eu\/cs\/wp-json\/wp\/v2\/posts\/13902\/revisions\/13903"}],"wp:featuredmedia":[{"embeddable":true,"href":"https:\/\/www.arete.eu\/cs\/wp-json\/wp\/v2\/media\/13869"}],"wp:attachment":[{"href":"https:\/\/www.arete.eu\/cs\/wp-json\/wp\/v2\/media?parent=13902"}],"wp:term":[{"taxonomy":"category","embeddable":true,"href":"https:\/\/www.arete.eu\/cs\/wp-json\/wp\/v2\/categories?post=13902"},{"taxonomy":"post_tag","embeddable":true,"href":"https:\/\/www.arete.eu\/cs\/wp-json\/wp\/v2\/tags?post=13902"}],"curies":[{"name":"wp","href":"https:\/\/api.w.org\/{rel}","templated":true}]}}