{"id":13899,"date":"2017-08-29T10:43:12","date_gmt":"2017-08-29T10:43:12","guid":{"rendered":"https:\/\/www.arete.eu\/bedrich-skalicky-novy-clen-investicniho-vyboru-arete-invest\/"},"modified":"2025-03-04T11:50:55","modified_gmt":"2025-03-04T11:50:55","slug":"bedrich-skalicky-novy-clen-investicniho-vyboru-arete-invest","status":"publish","type":"post","link":"https:\/\/www.arete.eu\/cs\/bedrich-skalicky-novy-clen-investicniho-vyboru-arete-invest\/","title":{"rendered":"Bed\u0159ich Skalick\u00fd nov\u00fd \u010dlen investi\u010dn\u00edho v\u00fdboru Arete Invest"},"content":{"rendered":"&#13;\n<p>Bed\u0159ich Skalick\u00fd nastoupil do investi\u010dn\u00edho v\u00fdboru spole\u010dnosti Arete Invest. Skalick\u00fd pracuje pro spole\u010dnost Deloitte, kde je odpov\u011bdn\u00fd za transakce a investice do nemovitost\u00ed. Je tak\u00e9 p\u0159edsedou \u010cesk\u00e9 komory realitn\u00edch kancel\u00e1\u0159\u00ed a je \u010dlenem \u010cesk\u00e9 komory architekt\u016f.  <\/p>&#13;\n<p><a href=\"http:\/\/cijeurope.com\/en\/encompassme-europe\/26896\/story\/bedrich-skalicky-joins-arete-board-of-investors\" target=\"_blank\" rel=\"noopener\">http:\/\/cijeurope.com\/en\/encompassme-europe\/26896\/story\/bedrich-skalicky-joins-arete-board-of-investors<\/a><\/p>","protected":false},"excerpt":{"rendered":"<p>&#13; Bed\u0159ich Skalick\u00fd nastoupil do investi\u010dn\u00edho v\u00fdboru spole\u010dnosti Arete Invest. Skalick\u00fd pracuje pro spole\u010dnost Deloitte, kde je odpov\u011bdn\u00fd za transakce a investice do nemovitost\u00ed. Je tak\u00e9 p\u0159edsedou \u010cesk\u00e9 komory realitn\u00edch kancel\u00e1\u0159\u00ed a je \u010dlenem \u010cesk\u00e9 komory architekt\u016f. &#13; http:\/\/cijeurope.com\/en\/encompassme-europe\/26896\/story\/bedrich-skalicky-joins-arete-board-of-investors<\/p>\n","protected":false},"author":6,"featured_media":13900,"comment_status":"open","ping_status":"open","sticky":false,"template":"@@single-custom-post.php","format":"standard","meta":{"_acf_changed":false,"footnotes":""},"categories":[63],"tags":[],"class_list":["post-13899","post","type-post","status-publish","format-standard","has-post-thumbnail","hentry","category-praha-cs","investment-clanky-esg","news-novinky"],"acf":[],"rttpg_featured_image_url":{"full":["https:\/\/www.arete.eu\/wp-content\/uploads\/2025\/02\/small-arete-vyskov-078-1.webp",1200,750,false],"landscape":["https:\/\/www.arete.eu\/wp-content\/uploads\/2025\/02\/small-arete-vyskov-078-1.webp",1200,750,false],"portraits":["https:\/\/www.arete.eu\/wp-content\/uploads\/2025\/02\/small-arete-vyskov-078-1.webp",1200,750,false],"thumbnail":["https:\/\/www.arete.eu\/wp-content\/uploads\/2025\/02\/small-arete-vyskov-078-1-150x150.webp",150,150,true],"medium":["https:\/\/www.arete.eu\/wp-content\/uploads\/2025\/02\/small-arete-vyskov-078-1-300x188.webp",300,188,true],"large":["https:\/\/www.arete.eu\/wp-content\/uploads\/2025\/02\/small-arete-vyskov-078-1-1024x640.webp",800,500,true],"1536x1536":["https:\/\/www.arete.eu\/wp-content\/uploads\/2025\/02\/small-arete-vyskov-078-1.webp",1200,750,false],"2048x2048":["https:\/\/www.arete.eu\/wp-content\/uploads\/2025\/02\/small-arete-vyskov-078-1.webp",1200,750,false]},"rttpg_author":{"display_name":"newadmin","author_link":"https:\/\/www.arete.eu\/cs\/author\/newadmin\/"},"rttpg_comment":0,"rttpg_category":"<a href=\"https:\/\/www.arete.eu\/cs\/category\/praha-cs\/\" rel=\"category tag\">Praha<\/a>","rttpg_excerpt":"&#13; Bed\u0159ich Skalick\u00fd nastoupil do investi\u010dn\u00edho v\u00fdboru spole\u010dnosti Arete Invest. Skalick\u00fd pracuje pro spole\u010dnost Deloitte, kde je odpov\u011bdn\u00fd za transakce a investice do nemovitost\u00ed. Je tak\u00e9 p\u0159edsedou \u010cesk\u00e9 komory realitn\u00edch kancel\u00e1\u0159\u00ed a je \u010dlenem \u010cesk\u00e9 komory architekt\u016f. &#13; http:\/\/cijeurope.com\/en\/encompassme-europe\/26896\/story\/bedrich-skalicky-joins-arete-board-of-investors","_links":{"self":[{"href":"https:\/\/www.arete.eu\/cs\/wp-json\/wp\/v2\/posts\/13899","targetHints":{"allow":["GET"]}}],"collection":[{"href":"https:\/\/www.arete.eu\/cs\/wp-json\/wp\/v2\/posts"}],"about":[{"href":"https:\/\/www.arete.eu\/cs\/wp-json\/wp\/v2\/types\/post"}],"author":[{"embeddable":true,"href":"https:\/\/www.arete.eu\/cs\/wp-json\/wp\/v2\/users\/6"}],"replies":[{"embeddable":true,"href":"https:\/\/www.arete.eu\/cs\/wp-json\/wp\/v2\/comments?post=13899"}],"version-history":[{"count":1,"href":"https:\/\/www.arete.eu\/cs\/wp-json\/wp\/v2\/posts\/13899\/revisions"}],"predecessor-version":[{"id":13901,"href":"https:\/\/www.arete.eu\/cs\/wp-json\/wp\/v2\/posts\/13899\/revisions\/13901"}],"wp:featuredmedia":[{"embeddable":true,"href":"https:\/\/www.arete.eu\/cs\/wp-json\/wp\/v2\/media\/13900"}],"wp:attachment":[{"href":"https:\/\/www.arete.eu\/cs\/wp-json\/wp\/v2\/media?parent=13899"}],"wp:term":[{"taxonomy":"category","embeddable":true,"href":"https:\/\/www.arete.eu\/cs\/wp-json\/wp\/v2\/categories?post=13899"},{"taxonomy":"post_tag","embeddable":true,"href":"https:\/\/www.arete.eu\/cs\/wp-json\/wp\/v2\/tags?post=13899"}],"curies":[{"name":"wp","href":"https:\/\/api.w.org\/{rel}","templated":true}]}}