{"id":13893,"date":"2017-09-26T10:34:14","date_gmt":"2017-09-26T10:34:14","guid":{"rendered":"https:\/\/www.arete.eu\/ctvrtletni-vysledky-nemovitostniho-fondu-arete-invest-vynos-ctyrnasobne-prevysil-ocekavani\/"},"modified":"2025-03-04T11:44:28","modified_gmt":"2025-03-04T11:44:28","slug":"ctvrtletni-vysledky-nemovitostniho-fondu-arete-invest-vynos-ctyrnasobne-prevysil-ocekavani","status":"publish","type":"post","link":"https:\/\/www.arete.eu\/cs\/ctvrtletni-vysledky-nemovitostniho-fondu-arete-invest-vynos-ctyrnasobne-prevysil-ocekavani\/","title":{"rendered":"\u010ctvrtletn\u00ed v\u00fdsledky nemovitostn\u00edho fondu Arete Invest: v\u00fdnos \u010dty\u0159n\u00e1sobn\u011b p\u0159ev\u00fd\u0161il o\u010dek\u00e1v\u00e1n\u00ed"},"content":{"rendered":"&#13;\n<p>rete Invest, rychle rostouc\u00ed fond zam\u011b\u0159en\u00fd na investice v oblasti nemovitost\u00ed, zve\u0159ejnil sv\u00e9 v\u00fdsledky za druh\u00e9 \u010dtvrtlet\u00ed tohoto roku. Hodnota spravovan\u00fdch nemovitost\u00ed ve vlastnictv\u00ed fondu vzrostla na 53,5 milionu EUR. Hrub\u00fd \u010dtvrtletn\u00ed v\u00fdnos aktu\u00e1ln\u011b otev\u0159en\u00e9ho podfondu Arete Invest CEE II \u010dinil 9,8 % p.q. a \u010dty\u0159n\u00e1sobn\u011b tak p\u0159ev\u00fd\u0161il o\u010dek\u00e1v\u00e1n\u00ed.  <\/p>&#13;\n<p><em>\u201eV\u00fdsledky potvrzuj\u00ed potenci\u00e1l \u010desk\u00e9ho a slovensk\u00e9ho nemovitostn\u00edho investi\u010dn\u00edho prost\u0159ed\u00ed, dosa\u017een\u00fd hrub\u00fd \u010dtvrtletn\u00ed v\u00fdnos n\u00e1sobn\u011b p\u0159evy\u0161uje v\u00fdsledky trhu. Dodr\u017eeli jsme i slib na\u0161im investor\u016fm a \u010d\u00e1st v\u00fdnos\u016f jim vypl\u00e1c\u00edme na \u010dtvrtletn\u00ed b\u00e1zi,\u201c <\/em>uvedl Lubor Svoboda, spoluzakladatel a p\u0159edseda spr\u00e1vn\u00ed rady fondu Arete Invest.<em> \u201eHodnota na\u0161ich aktiv ve druh\u00e9m \u010dtvrtlet\u00ed d\u00e1le rostla, nav\u00edc pl\u00e1nujeme na posledn\u00ed \u010d\u00e1st tohoto roku nov\u00e9 akvizice. Do konce leto\u0161n\u00edho roku pl\u00e1nujeme proinvestovat na \u010desk\u00e9m i slovensk\u00e9m trhu dal\u0161\u00ed des\u00edtky milion\u016f EUR.\u201c<\/em><\/p>&#13;\n<p>O\u010dek\u00e1van\u00e1 hodnota spravovan\u00fdch aktiv Arete Invest CEE II v\u00a0pr\u016fb\u011bhu p\u0159edpokl\u00e1dan\u00e9ho p\u011btilet\u00e9ho investi\u010dn\u00edho cyklu je 200 milion\u016f EUR. Podfond c\u00edl\u00ed na pr\u016fb\u011b\u017en\u00e9 zhodnocov\u00e1n\u00ed vlo\u017een\u00fdch prost\u0159edk\u016f investor\u016f ve v\u00fd\u0161i 11 a\u017e 16 % ro\u010dn\u011b, p\u0159i\u010dem\u017e z\u00a0toho a\u017e 6 % ro\u010dn\u011b \u010din\u00ed pen\u011b\u017en\u00ed distribuce vypl\u00e1cen\u00e9 na \u010dtvrtletn\u00ed b\u00e1zi. Aktu\u00e1ln\u00ed v\u00fdnosnost tyto avizovan\u00e9 hodnoty daleko p\u0159evy\u0161uje.  <\/p>&#13;\n<p>Na konci druh\u00e9ho \u010dtvrtlet\u00ed z\u00edskal fond Arete Invest na slavnostn\u00edm ve\u010deru ve \u0160pan\u011blsk\u00e9m s\u00e1le Pra\u017esk\u00e9ho hradu presti\u017en\u00ed ocen\u011bn\u00ed Czech Top 100 \u2013 Zvl\u00e1\u0161tn\u00ed cenu za inovace a transparentnost na investi\u010dn\u00edm trhu \u010cesk\u00e9 republiky. D\u016fvodem ud\u011blen\u00ed zvl\u00e1\u0161tn\u00edho ocen\u011bn\u00ed ze strany Czech Top 100 byly p\u0159edev\u0161\u00edm z\u00e1sluhy o p\u0159iveden\u00ed zahrani\u010dn\u00edho kapit\u00e1lu do \u010cesk\u00e9 republiky, velmi transparentn\u00ed p\u0159\u00edstup k investor\u016fm s vyu\u017eit\u00edm mezin\u00e1rodn\u00edch standard\u016f, ale pod dohledem \u010cesk\u00e9 n\u00e1rodn\u00ed banky d\u00edky lok\u00e1ln\u00ed registraci fondu, d\u00e1le pak pr\u016fb\u011b\u017en\u00e9 pen\u011b\u017en\u00ed distribuce ve v\u00fd\u0161i 6 % ro\u010dn\u011b i kr\u00e1tk\u00fd investi\u010dn\u00ed cyklus prvn\u00edho podfondu s auditovan\u00fdm v\u00fdsledkem v\u00edce ne\u017e 100% zisku pro akcion\u00e1\u0159e za pouh\u00fdch 18 m\u011bs\u00edc\u016f. <\/p>","protected":false},"excerpt":{"rendered":"<p>&#13; rete Invest, rychle rostouc\u00ed fond zam\u011b\u0159en\u00fd na investice v oblasti nemovitost\u00ed, zve\u0159ejnil sv\u00e9 v\u00fdsledky za druh\u00e9 \u010dtvrtlet\u00ed tohoto roku. Hodnota spravovan\u00fdch nemovitost\u00ed ve vlastnictv\u00ed fondu vzrostla na 53,5 milionu EUR. Hrub\u00fd \u010dtvrtletn\u00ed v\u00fdnos aktu\u00e1ln\u011b otev\u0159en\u00e9ho podfondu Arete Invest CEE II \u010dinil 9,8 % p.q. a \u010dty\u0159n\u00e1sobn\u011b tak p\u0159ev\u00fd\u0161il o\u010dek\u00e1v\u00e1n\u00ed. &#13; \u201eV\u00fdsledky potvrzuj\u00ed potenci\u00e1l \u010desk\u00e9ho a slovensk\u00e9ho nemovitostn\u00edho investi\u010dn\u00edho prost\u0159ed\u00ed, dosa\u017een\u00fd hrub\u00fd \u010dtvrtletn\u00ed v\u00fdnos n\u00e1sobn\u011b p\u0159evy\u0161uje v\u00fdsledky trhu. Dodr\u017eeli jsme i slib na\u0161im investor\u016fm a \u010d\u00e1st v\u00fdnos\u016f jim vypl\u00e1c\u00edme na \u010dtvrtletn\u00ed b\u00e1zi,\u201c uvedl Lubor Svoboda, spoluzakladatel a p\u0159edseda spr\u00e1vn\u00ed rady fondu Arete Invest. \u201eHodnota na\u0161ich aktiv ve druh\u00e9m \u010dtvrtlet\u00ed d\u00e1le rostla, nav\u00edc pl\u00e1nujeme na posledn\u00ed \u010d\u00e1st tohoto roku nov\u00e9 akvizice. Do konce leto\u0161n\u00edho roku pl\u00e1nujeme proinvestovat na \u010desk\u00e9m i slovensk\u00e9m trhu dal\u0161\u00ed des\u00edtky milion\u016f EUR.\u201c &#13; O\u010dek\u00e1van\u00e1 hodnota spravovan\u00fdch aktiv Arete Invest CEE II v\u00a0pr\u016fb\u011bhu p\u0159edpokl\u00e1dan\u00e9ho p\u011btilet\u00e9ho investi\u010dn\u00edho cyklu je 200 milion\u016f EUR. Podfond c\u00edl\u00ed na pr\u016fb\u011b\u017en\u00e9 zhodnocov\u00e1n\u00ed vlo\u017een\u00fdch prost\u0159edk\u016f investor\u016f ve v\u00fd\u0161i 11 a\u017e 16 % ro\u010dn\u011b, p\u0159i\u010dem\u017e z\u00a0toho a\u017e 6 % ro\u010dn\u011b \u010din\u00ed pen\u011b\u017en\u00ed distribuce vypl\u00e1cen\u00e9 na \u010dtvrtletn\u00ed b\u00e1zi. Aktu\u00e1ln\u00ed v\u00fdnosnost tyto avizovan\u00e9 hodnoty daleko p\u0159evy\u0161uje. &#13; Na konci druh\u00e9ho \u010dtvrtlet\u00ed z\u00edskal fond Arete Invest na slavnostn\u00edm ve\u010deru ve \u0160pan\u011blsk\u00e9m s\u00e1le Pra\u017esk\u00e9ho hradu presti\u017en\u00ed ocen\u011bn\u00ed Czech Top 100 \u2013 Zvl\u00e1\u0161tn\u00ed cenu za inovace a transparentnost na investi\u010dn\u00edm trhu \u010cesk\u00e9 republiky. D\u016fvodem ud\u011blen\u00ed zvl\u00e1\u0161tn\u00edho ocen\u011bn\u00ed ze strany Czech Top 100 byly p\u0159edev\u0161\u00edm z\u00e1sluhy o p\u0159iveden\u00ed zahrani\u010dn\u00edho kapit\u00e1lu do \u010cesk\u00e9 republiky, velmi transparentn\u00ed p\u0159\u00edstup k investor\u016fm s vyu\u017eit\u00edm mezin\u00e1rodn\u00edch standard\u016f, ale pod dohledem \u010cesk\u00e9 n\u00e1rodn\u00ed banky d\u00edky lok\u00e1ln\u00ed registraci fondu, d\u00e1le pak pr\u016fb\u011b\u017en\u00e9 pen\u011b\u017en\u00ed distribuce ve v\u00fd\u0161i 6 % ro\u010dn\u011b i kr\u00e1tk\u00fd investi\u010dn\u00ed cyklus prvn\u00edho podfondu s auditovan\u00fdm v\u00fdsledkem v\u00edce ne\u017e 100% zisku pro akcion\u00e1\u0159e za pouh\u00fdch 18 m\u011bs\u00edc\u016f.<\/p>\n","protected":false},"author":6,"featured_media":13894,"comment_status":"open","ping_status":"open","sticky":false,"template":"@@single-custom-post.php","format":"standard","meta":{"_acf_changed":false,"footnotes":""},"categories":[63],"tags":[],"class_list":["post-13893","post","type-post","status-publish","format-standard","has-post-thumbnail","hentry","category-praha-cs","investment-clanky-esg","news-novinky"],"acf":[],"rttpg_featured_image_url":{"full":["https:\/\/www.arete.eu\/wp-content\/uploads\/2025\/02\/arete-velka-ida-042.webp",1200,750,false],"landscape":["https:\/\/www.arete.eu\/wp-content\/uploads\/2025\/02\/arete-velka-ida-042.webp",1200,750,false],"portraits":["https:\/\/www.arete.eu\/wp-content\/uploads\/2025\/02\/arete-velka-ida-042.webp",1200,750,false],"thumbnail":["https:\/\/www.arete.eu\/wp-content\/uploads\/2025\/02\/arete-velka-ida-042-150x150.webp",150,150,true],"medium":["https:\/\/www.arete.eu\/wp-content\/uploads\/2025\/02\/arete-velka-ida-042-300x188.webp",300,188,true],"large":["https:\/\/www.arete.eu\/wp-content\/uploads\/2025\/02\/arete-velka-ida-042-1024x640.webp",800,500,true],"1536x1536":["https:\/\/www.arete.eu\/wp-content\/uploads\/2025\/02\/arete-velka-ida-042.webp",1200,750,false],"2048x2048":["https:\/\/www.arete.eu\/wp-content\/uploads\/2025\/02\/arete-velka-ida-042.webp",1200,750,false]},"rttpg_author":{"display_name":"newadmin","author_link":"https:\/\/www.arete.eu\/cs\/author\/newadmin\/"},"rttpg_comment":0,"rttpg_category":"<a href=\"https:\/\/www.arete.eu\/cs\/category\/praha-cs\/\" rel=\"category tag\">Praha<\/a>","rttpg_excerpt":"&#13; rete Invest, rychle rostouc\u00ed fond zam\u011b\u0159en\u00fd na investice v oblasti nemovitost\u00ed, zve\u0159ejnil sv\u00e9 v\u00fdsledky za druh\u00e9 \u010dtvrtlet\u00ed tohoto roku. Hodnota spravovan\u00fdch nemovitost\u00ed ve vlastnictv\u00ed fondu vzrostla na 53,5 milionu EUR. Hrub\u00fd \u010dtvrtletn\u00ed v\u00fdnos aktu\u00e1ln\u011b otev\u0159en\u00e9ho podfondu Arete Invest CEE II \u010dinil 9,8 % p.q. a \u010dty\u0159n\u00e1sobn\u011b tak p\u0159ev\u00fd\u0161il o\u010dek\u00e1v\u00e1n\u00ed. &#13; \u201eV\u00fdsledky potvrzuj\u00ed potenci\u00e1l \u010desk\u00e9ho&hellip;","_links":{"self":[{"href":"https:\/\/www.arete.eu\/cs\/wp-json\/wp\/v2\/posts\/13893","targetHints":{"allow":["GET"]}}],"collection":[{"href":"https:\/\/www.arete.eu\/cs\/wp-json\/wp\/v2\/posts"}],"about":[{"href":"https:\/\/www.arete.eu\/cs\/wp-json\/wp\/v2\/types\/post"}],"author":[{"embeddable":true,"href":"https:\/\/www.arete.eu\/cs\/wp-json\/wp\/v2\/users\/6"}],"replies":[{"embeddable":true,"href":"https:\/\/www.arete.eu\/cs\/wp-json\/wp\/v2\/comments?post=13893"}],"version-history":[{"count":1,"href":"https:\/\/www.arete.eu\/cs\/wp-json\/wp\/v2\/posts\/13893\/revisions"}],"predecessor-version":[{"id":13895,"href":"https:\/\/www.arete.eu\/cs\/wp-json\/wp\/v2\/posts\/13893\/revisions\/13895"}],"wp:featuredmedia":[{"embeddable":true,"href":"https:\/\/www.arete.eu\/cs\/wp-json\/wp\/v2\/media\/13894"}],"wp:attachment":[{"href":"https:\/\/www.arete.eu\/cs\/wp-json\/wp\/v2\/media?parent=13893"}],"wp:term":[{"taxonomy":"category","embeddable":true,"href":"https:\/\/www.arete.eu\/cs\/wp-json\/wp\/v2\/categories?post=13893"},{"taxonomy":"post_tag","embeddable":true,"href":"https:\/\/www.arete.eu\/cs\/wp-json\/wp\/v2\/tags?post=13893"}],"curies":[{"name":"wp","href":"https:\/\/api.w.org\/{rel}","templated":true}]}}