{"id":13856,"date":"2018-01-10T10:06:18","date_gmt":"2018-01-10T10:06:18","guid":{"rendered":"https:\/\/www.arete.eu\/cesky-realitni-fond-arete-invest-podepsal-vyznamnou-smlouvu\/"},"modified":"2025-03-04T11:04:51","modified_gmt":"2025-03-04T11:04:51","slug":"cesky-realitni-fond-arete-invest-podepsal-vyznamnou-smlouvu","status":"publish","type":"post","link":"https:\/\/www.arete.eu\/cs\/cesky-realitni-fond-arete-invest-podepsal-vyznamnou-smlouvu\/","title":{"rendered":"\u010cesk\u00fd realitn\u00ed fond Arete Invest podepsal v\u00fdznamnou smlouvu"},"content":{"rendered":"&#13;\n<p>Arete Invest, \u010desk\u00fd rychle rostouc\u00ed fond zam\u011b\u0159en\u00fd na investice v oblasti nemovitost\u00ed, prodlou\u017eil n\u00e1jemn\u00ed smlouvu s od\u011bvn\u00edm \u0159et\u011bzcem C&amp;A v pr\u016fmyslov\u00e9m parku ve slovensk\u00e9m Nov\u00e9m Mest\u011b nad V\u00e1hom. C&amp;A si v n\u011bm bude pronaj\u00edmat sklady dal\u0161\u00edch nejm\u00e9n\u011b \u0161est let. C&amp;A provozuje v Nov\u00e9m Mest\u011b nad V\u00e1hom sv\u00e9 celoevropsk\u00e9 distribu\u010dn\u00ed centrum ji\u017e dev\u00e1t\u00fd rok, krom\u011b zm\u00edn\u011bn\u00e9 spole\u010dnosti v n\u011bm s\u00eddl\u00ed firmy Raben Logistics a Vetropak Nem\u0161ov\u00e1. Ve\u0161ker\u00e9 prostory v parku jsou obsazen\u00e9, a nav\u00edc prodlou\u017een\u00edm n\u00e1jemn\u00ed smlouvy s C&amp;A vzrostla pr\u016fm\u011brn\u00e1 d\u00e9lka n\u00e1jmu na 5,3 roku, co\u017e je na \u010dist\u011b logistickou lokalitu neobvykle dlouh\u00e1 doba. Arete Invest pl\u00e1nuje are\u00e1l postupn\u011b roz\u0161\u00ed\u0159it a\u017e o 49 000 metr\u016f \u010dtvere\u010dn\u00edch.     <\/p>&#13;\n<p><a href=\"https:\/\/archiv.ihned.cz\/c1-66012510-news\" target=\"_blank\" rel=\"noopener\">https:\/\/archiv.ihned.cz\/c1-66012510-news<\/a><\/p>","protected":false},"excerpt":{"rendered":"<p>&#13; Arete Invest, \u010desk\u00fd rychle rostouc\u00ed fond zam\u011b\u0159en\u00fd na investice v oblasti nemovitost\u00ed, prodlou\u017eil n\u00e1jemn\u00ed smlouvu s od\u011bvn\u00edm \u0159et\u011bzcem C&amp;A v pr\u016fmyslov\u00e9m parku ve slovensk\u00e9m Nov\u00e9m Mest\u011b nad V\u00e1hom. C&amp;A si v n\u011bm bude pronaj\u00edmat sklady dal\u0161\u00edch nejm\u00e9n\u011b \u0161est let. C&amp;A provozuje v Nov\u00e9m Mest\u011b nad V\u00e1hom sv\u00e9 celoevropsk\u00e9 distribu\u010dn\u00ed centrum ji\u017e dev\u00e1t\u00fd rok, krom\u011b zm\u00edn\u011bn\u00e9 spole\u010dnosti v n\u011bm s\u00eddl\u00ed firmy Raben Logistics a Vetropak Nem\u0161ov\u00e1. Ve\u0161ker\u00e9 prostory v parku jsou obsazen\u00e9, a nav\u00edc prodlou\u017een\u00edm n\u00e1jemn\u00ed smlouvy s C&amp;A vzrostla pr\u016fm\u011brn\u00e1 d\u00e9lka n\u00e1jmu na 5,3 roku, co\u017e je na \u010dist\u011b logistickou lokalitu neobvykle dlouh\u00e1 doba. Arete Invest pl\u00e1nuje are\u00e1l postupn\u011b roz\u0161\u00ed\u0159it a\u017e o 49 000 metr\u016f \u010dtvere\u010dn\u00edch. &#13; https:\/\/archiv.ihned.cz\/c1-66012510-news<\/p>\n","protected":false},"author":6,"featured_media":13857,"comment_status":"open","ping_status":"open","sticky":false,"template":"@@single-custom-post.php","format":"standard","meta":{"_acf_changed":false,"footnotes":""},"categories":[63],"tags":[],"class_list":["post-13856","post","type-post","status-publish","format-standard","has-post-thumbnail","hentry","category-praha-cs","investment-clanky-esg","news-novinky"],"acf":[],"rttpg_featured_image_url":{"full":["https:\/\/www.arete.eu\/wp-content\/uploads\/2025\/02\/small-arete-beckov-17-2.webp",1200,750,false],"landscape":["https:\/\/www.arete.eu\/wp-content\/uploads\/2025\/02\/small-arete-beckov-17-2.webp",1200,750,false],"portraits":["https:\/\/www.arete.eu\/wp-content\/uploads\/2025\/02\/small-arete-beckov-17-2.webp",1200,750,false],"thumbnail":["https:\/\/www.arete.eu\/wp-content\/uploads\/2025\/02\/small-arete-beckov-17-2-150x150.webp",150,150,true],"medium":["https:\/\/www.arete.eu\/wp-content\/uploads\/2025\/02\/small-arete-beckov-17-2-300x188.webp",300,188,true],"large":["https:\/\/www.arete.eu\/wp-content\/uploads\/2025\/02\/small-arete-beckov-17-2-1024x640.webp",800,500,true],"1536x1536":["https:\/\/www.arete.eu\/wp-content\/uploads\/2025\/02\/small-arete-beckov-17-2.webp",1200,750,false],"2048x2048":["https:\/\/www.arete.eu\/wp-content\/uploads\/2025\/02\/small-arete-beckov-17-2.webp",1200,750,false]},"rttpg_author":{"display_name":"newadmin","author_link":"https:\/\/www.arete.eu\/cs\/author\/newadmin\/"},"rttpg_comment":0,"rttpg_category":"<a href=\"https:\/\/www.arete.eu\/cs\/category\/praha-cs\/\" rel=\"category tag\">Praha<\/a>","rttpg_excerpt":"&#13; Arete Invest, \u010desk\u00fd rychle rostouc\u00ed fond zam\u011b\u0159en\u00fd na investice v oblasti nemovitost\u00ed, prodlou\u017eil n\u00e1jemn\u00ed smlouvu s od\u011bvn\u00edm \u0159et\u011bzcem C&amp;A v pr\u016fmyslov\u00e9m parku ve slovensk\u00e9m Nov\u00e9m Mest\u011b nad V\u00e1hom. C&amp;A si v n\u011bm bude pronaj\u00edmat sklady dal\u0161\u00edch nejm\u00e9n\u011b \u0161est let. C&amp;A provozuje v Nov\u00e9m Mest\u011b nad V\u00e1hom sv\u00e9 celoevropsk\u00e9 distribu\u010dn\u00ed centrum ji\u017e dev\u00e1t\u00fd rok, krom\u011b&hellip;","_links":{"self":[{"href":"https:\/\/www.arete.eu\/cs\/wp-json\/wp\/v2\/posts\/13856","targetHints":{"allow":["GET"]}}],"collection":[{"href":"https:\/\/www.arete.eu\/cs\/wp-json\/wp\/v2\/posts"}],"about":[{"href":"https:\/\/www.arete.eu\/cs\/wp-json\/wp\/v2\/types\/post"}],"author":[{"embeddable":true,"href":"https:\/\/www.arete.eu\/cs\/wp-json\/wp\/v2\/users\/6"}],"replies":[{"embeddable":true,"href":"https:\/\/www.arete.eu\/cs\/wp-json\/wp\/v2\/comments?post=13856"}],"version-history":[{"count":1,"href":"https:\/\/www.arete.eu\/cs\/wp-json\/wp\/v2\/posts\/13856\/revisions"}],"predecessor-version":[{"id":13858,"href":"https:\/\/www.arete.eu\/cs\/wp-json\/wp\/v2\/posts\/13856\/revisions\/13858"}],"wp:featuredmedia":[{"embeddable":true,"href":"https:\/\/www.arete.eu\/cs\/wp-json\/wp\/v2\/media\/13857"}],"wp:attachment":[{"href":"https:\/\/www.arete.eu\/cs\/wp-json\/wp\/v2\/media?parent=13856"}],"wp:term":[{"taxonomy":"category","embeddable":true,"href":"https:\/\/www.arete.eu\/cs\/wp-json\/wp\/v2\/categories?post=13856"},{"taxonomy":"post_tag","embeddable":true,"href":"https:\/\/www.arete.eu\/cs\/wp-json\/wp\/v2\/tags?post=13856"}],"curies":[{"name":"wp","href":"https:\/\/api.w.org\/{rel}","templated":true}]}}