{"id":13853,"date":"2018-01-10T10:09:06","date_gmt":"2018-01-10T10:09:06","guid":{"rendered":"https:\/\/www.arete.eu\/savills-partnerem-fondu-arete-invest-pri-pronajmu-prumyslovych-ploch-v-lovosicich\/"},"modified":"2025-03-04T11:03:35","modified_gmt":"2025-03-04T11:03:35","slug":"savills-partnerem-fondu-arete-invest-pri-pronajmu-prumyslovych-ploch-v-lovosicich","status":"publish","type":"post","link":"https:\/\/www.arete.eu\/cs\/savills-partnerem-fondu-arete-invest-pri-pronajmu-prumyslovych-ploch-v-lovosicich\/","title":{"rendered":"Savills partnerem fondu Arete Invest p\u0159i pron\u00e1jmu pr\u016fmyslov\u00fdch ploch v Lovosic\u00edch"},"content":{"rendered":"&#13;\n<p>Investi\u010dn\u00ed fond Arete Invest jmenoval mezin\u00e1rodn\u00ed realitn\u00ed poradenskou spole\u010dnost Savills jako sv\u00e9ho poradce p\u0159i pron\u00e1jmu pr\u016fmyslov\u00fdch a kancel\u00e1\u0159sk\u00fdch ploch v projektu business park Lovosice, s \u00fa\u010dinnost\u00ed od ledna 2018. Portfolio podfondu Arete Invest CEE II \u010d\u00edt\u00e1 aktu\u00e1ln\u011b 400 tis\u00edc m\u00b2 pozemk\u016f a 81 tis\u00edc m\u00b2 pronaj\u00edmateln\u00e9 plochy pr\u016fmyslov\u00fdch a logistick\u00fdch are\u00e1l\u016f. <br\/> <\/p>&#13;\n<p><a href=\"http:\/\/cijeurope.com\/cz\/encompassme-europe\/28903\/story\/savills-partnerem-fondu-arete-invest-pri-pronajmu-prumyslovych-ploch-v-lovosicich\" target=\"_blank\" rel=\"noopener\">http:\/\/cijeurope.com\/cz\/encompassme-europe\/28903\/story\/savills-partnerem-fondu-arete-invest-pri-pronajmu-prumyslovych-ploch-v-lovosicich<\/a><\/p>&#13;\n<p><a href=\"http:\/\/www.logisticnews.eu\/logistic-news\/savills-partnerem-fondu-arete-invest-pri-pronaj\" target=\"_blank\" rel=\"noopener\">http:\/\/www.logisticnews.eu\/logistic-news\/savills-partnerem-fondu-arete-invest-pri-pronaj<\/a><\/p>","protected":false},"excerpt":{"rendered":"<p>&#13; Investi\u010dn\u00ed fond Arete Invest jmenoval mezin\u00e1rodn\u00ed realitn\u00ed poradenskou spole\u010dnost Savills jako sv\u00e9ho poradce p\u0159i pron\u00e1jmu pr\u016fmyslov\u00fdch a kancel\u00e1\u0159sk\u00fdch ploch v projektu business park Lovosice, s \u00fa\u010dinnost\u00ed od ledna 2018. Portfolio podfondu Arete Invest CEE II \u010d\u00edt\u00e1 aktu\u00e1ln\u011b 400 tis\u00edc m\u00b2 pozemk\u016f a 81 tis\u00edc m\u00b2 pronaj\u00edmateln\u00e9 plochy pr\u016fmyslov\u00fdch a logistick\u00fdch are\u00e1l\u016f. &#13; http:\/\/cijeurope.com\/cz\/encompassme-europe\/28903\/story\/savills-partnerem-fondu-arete-invest-pri-pronajmu-prumyslovych-ploch-v-lovosicich &#13; http:\/\/www.logisticnews.eu\/logistic-news\/savills-partnerem-fondu-arete-invest-pri-pronaj<\/p>\n","protected":false},"author":6,"featured_media":13854,"comment_status":"open","ping_status":"open","sticky":false,"template":"@@single-custom-post.php","format":"standard","meta":{"_acf_changed":false,"footnotes":""},"categories":[86,63],"tags":[],"class_list":["post-13853","post","type-post","status-publish","format-standard","has-post-thumbnail","hentry","category-lovosice-cs","category-praha-cs","investment-clanky-esg","news-novinky"],"acf":[],"rttpg_featured_image_url":{"full":["https:\/\/www.arete.eu\/wp-content\/uploads\/2025\/02\/small-arete-lovosice-fukoku-022.webp",1200,806,false],"landscape":["https:\/\/www.arete.eu\/wp-content\/uploads\/2025\/02\/small-arete-lovosice-fukoku-022.webp",1200,806,false],"portraits":["https:\/\/www.arete.eu\/wp-content\/uploads\/2025\/02\/small-arete-lovosice-fukoku-022.webp",1200,806,false],"thumbnail":["https:\/\/www.arete.eu\/wp-content\/uploads\/2025\/02\/small-arete-lovosice-fukoku-022-150x150.webp",150,150,true],"medium":["https:\/\/www.arete.eu\/wp-content\/uploads\/2025\/02\/small-arete-lovosice-fukoku-022-300x202.webp",300,202,true],"large":["https:\/\/www.arete.eu\/wp-content\/uploads\/2025\/02\/small-arete-lovosice-fukoku-022-1024x688.webp",800,538,true],"1536x1536":["https:\/\/www.arete.eu\/wp-content\/uploads\/2025\/02\/small-arete-lovosice-fukoku-022.webp",1200,806,false],"2048x2048":["https:\/\/www.arete.eu\/wp-content\/uploads\/2025\/02\/small-arete-lovosice-fukoku-022.webp",1200,806,false]},"rttpg_author":{"display_name":"newadmin","author_link":"https:\/\/www.arete.eu\/cs\/author\/newadmin\/"},"rttpg_comment":0,"rttpg_category":"<a href=\"https:\/\/www.arete.eu\/cs\/category\/lovosice-cs\/\" rel=\"category tag\">Lovosice<\/a> <a href=\"https:\/\/www.arete.eu\/cs\/category\/praha-cs\/\" rel=\"category tag\">Praha<\/a>","rttpg_excerpt":"&#13; Investi\u010dn\u00ed fond Arete Invest jmenoval mezin\u00e1rodn\u00ed realitn\u00ed poradenskou spole\u010dnost Savills jako sv\u00e9ho poradce p\u0159i pron\u00e1jmu pr\u016fmyslov\u00fdch a kancel\u00e1\u0159sk\u00fdch ploch v projektu business park Lovosice, s \u00fa\u010dinnost\u00ed od ledna 2018. Portfolio podfondu Arete Invest CEE II \u010d\u00edt\u00e1 aktu\u00e1ln\u011b 400 tis\u00edc m\u00b2 pozemk\u016f a 81 tis\u00edc m\u00b2 pronaj\u00edmateln\u00e9 plochy pr\u016fmyslov\u00fdch a logistick\u00fdch are\u00e1l\u016f. &#13; http:\/\/cijeurope.com\/cz\/encompassme-europe\/28903\/story\/savills-partnerem-fondu-arete-invest-pri-pronajmu-prumyslovych-ploch-v-lovosicich &#13;&hellip;","_links":{"self":[{"href":"https:\/\/www.arete.eu\/cs\/wp-json\/wp\/v2\/posts\/13853","targetHints":{"allow":["GET"]}}],"collection":[{"href":"https:\/\/www.arete.eu\/cs\/wp-json\/wp\/v2\/posts"}],"about":[{"href":"https:\/\/www.arete.eu\/cs\/wp-json\/wp\/v2\/types\/post"}],"author":[{"embeddable":true,"href":"https:\/\/www.arete.eu\/cs\/wp-json\/wp\/v2\/users\/6"}],"replies":[{"embeddable":true,"href":"https:\/\/www.arete.eu\/cs\/wp-json\/wp\/v2\/comments?post=13853"}],"version-history":[{"count":1,"href":"https:\/\/www.arete.eu\/cs\/wp-json\/wp\/v2\/posts\/13853\/revisions"}],"predecessor-version":[{"id":13855,"href":"https:\/\/www.arete.eu\/cs\/wp-json\/wp\/v2\/posts\/13853\/revisions\/13855"}],"wp:featuredmedia":[{"embeddable":true,"href":"https:\/\/www.arete.eu\/cs\/wp-json\/wp\/v2\/media\/13854"}],"wp:attachment":[{"href":"https:\/\/www.arete.eu\/cs\/wp-json\/wp\/v2\/media?parent=13853"}],"wp:term":[{"taxonomy":"category","embeddable":true,"href":"https:\/\/www.arete.eu\/cs\/wp-json\/wp\/v2\/categories?post=13853"},{"taxonomy":"post_tag","embeddable":true,"href":"https:\/\/www.arete.eu\/cs\/wp-json\/wp\/v2\/tags?post=13853"}],"curies":[{"name":"wp","href":"https:\/\/api.w.org\/{rel}","templated":true}]}}