{"id":13850,"date":"2018-02-11T10:11:32","date_gmt":"2018-02-11T10:11:32","guid":{"rendered":"https:\/\/www.arete.eu\/ca-prodluzuje-smlouvu-v-arete-parku-na-slovensku\/"},"modified":"2025-03-04T11:00:14","modified_gmt":"2025-03-04T11:00:14","slug":"ca-prodluzuje-smlouvu-v-arete-parku-na-slovensku","status":"publish","type":"post","link":"https:\/\/www.arete.eu\/cs\/ca-prodluzuje-smlouvu-v-arete-parku-na-slovensku\/","title":{"rendered":"C&amp;A prodlu\u017euje smlouvu v Arete Parku na Slovensku"},"content":{"rendered":"&#13;\n<p>A prodlou\u017eilo n\u00e1jemn\u00ed smlouvu v Arete Parku Nov\u00e9 Mesto nad V\u00e1hom. Firma Arete Invest koupila park, kde C&amp;A na dal\u0161\u00edch p\u011bt let podepsalo smlouvu v roce 2017 od firmy Prologis, obchod byl jedn\u00edm z nejv\u011bt\u0161\u00edch na slovensk\u00e9m trhu. Cel\u00fd park u\u017e je pronajat\u00fd spole\u010dnostem C&amp;A, Vetropark Nem\u0161ov\u00e1 a Raben Logisitics. \u201eUzav\u0159en\u00edm obchodu a prodlou\u017een\u00edm n\u00e1jemn\u00ed smlouvy se potvrdila strategick\u00e1 pozice Arete Parku Nov\u00e9 Mesto nad V\u00e1hom.     <\/p>&#13;\n<p><a href=\"http:\/\/cijeurope.com\/cz\/encompassme-europe\/28938\/story\/c-amp-a-prodluzuje-smlouvu-v-arete-parku-na-slovensku\" target=\"_blank\" rel=\"noopener\">http:\/\/cijeurope.com\/cz\/encompassme-europe\/28938\/story\/c-amp-a-prodluzuje-smlouvu-v-arete-parku-na-slovensku<\/a><\/p>","protected":false},"excerpt":{"rendered":"<p>&#13; A prodlou\u017eilo n\u00e1jemn\u00ed smlouvu v Arete Parku Nov\u00e9 Mesto nad V\u00e1hom. Firma Arete Invest koupila park, kde C&amp;A na dal\u0161\u00edch p\u011bt let podepsalo smlouvu v roce 2017 od firmy Prologis, obchod byl jedn\u00edm z nejv\u011bt\u0161\u00edch na slovensk\u00e9m trhu. Cel\u00fd park u\u017e je pronajat\u00fd spole\u010dnostem C&amp;A, Vetropark Nem\u0161ov\u00e1 a Raben Logisitics. \u201eUzav\u0159en\u00edm obchodu a prodlou\u017een\u00edm n\u00e1jemn\u00ed smlouvy se potvrdila strategick\u00e1 pozice Arete Parku Nov\u00e9 Mesto nad V\u00e1hom. &#13; http:\/\/cijeurope.com\/cz\/encompassme-europe\/28938\/story\/c-amp-a-prodluzuje-smlouvu-v-arete-parku-na-slovensku<\/p>\n","protected":false},"author":6,"featured_media":13851,"comment_status":"open","ping_status":"open","sticky":false,"template":"@@single-custom-post.php","format":"standard","meta":{"_acf_changed":false,"footnotes":""},"categories":[84,63],"tags":[],"class_list":["post-13850","post","type-post","status-publish","format-standard","has-post-thumbnail","hentry","category-nove-mesto-nad-vahom-cs","category-praha-cs","investment-clanky-esg","news-novinky"],"acf":[],"rttpg_featured_image_url":{"full":["https:\/\/www.arete.eu\/wp-content\/uploads\/2025\/02\/small-arete-beckov-28-1.webp",1200,750,false],"landscape":["https:\/\/www.arete.eu\/wp-content\/uploads\/2025\/02\/small-arete-beckov-28-1.webp",1200,750,false],"portraits":["https:\/\/www.arete.eu\/wp-content\/uploads\/2025\/02\/small-arete-beckov-28-1.webp",1200,750,false],"thumbnail":["https:\/\/www.arete.eu\/wp-content\/uploads\/2025\/02\/small-arete-beckov-28-1-150x150.webp",150,150,true],"medium":["https:\/\/www.arete.eu\/wp-content\/uploads\/2025\/02\/small-arete-beckov-28-1-300x188.webp",300,188,true],"large":["https:\/\/www.arete.eu\/wp-content\/uploads\/2025\/02\/small-arete-beckov-28-1-1024x640.webp",800,500,true],"1536x1536":["https:\/\/www.arete.eu\/wp-content\/uploads\/2025\/02\/small-arete-beckov-28-1.webp",1200,750,false],"2048x2048":["https:\/\/www.arete.eu\/wp-content\/uploads\/2025\/02\/small-arete-beckov-28-1.webp",1200,750,false]},"rttpg_author":{"display_name":"newadmin","author_link":"https:\/\/www.arete.eu\/cs\/author\/newadmin\/"},"rttpg_comment":0,"rttpg_category":"<a href=\"https:\/\/www.arete.eu\/cs\/category\/nove-mesto-nad-vahom-cs\/\" rel=\"category tag\">Nov\u00e9 Mesto nad V\u00e1hom<\/a> <a href=\"https:\/\/www.arete.eu\/cs\/category\/praha-cs\/\" rel=\"category tag\">Praha<\/a>","rttpg_excerpt":"&#13; A prodlou\u017eilo n\u00e1jemn\u00ed smlouvu v Arete Parku Nov\u00e9 Mesto nad V\u00e1hom. Firma Arete Invest koupila park, kde C&amp;A na dal\u0161\u00edch p\u011bt let podepsalo smlouvu v roce 2017 od firmy Prologis, obchod byl jedn\u00edm z nejv\u011bt\u0161\u00edch na slovensk\u00e9m trhu. Cel\u00fd park u\u017e je pronajat\u00fd spole\u010dnostem C&amp;A, Vetropark Nem\u0161ov\u00e1 a Raben Logisitics. \u201eUzav\u0159en\u00edm obchodu a prodlou\u017een\u00edm&hellip;","_links":{"self":[{"href":"https:\/\/www.arete.eu\/cs\/wp-json\/wp\/v2\/posts\/13850","targetHints":{"allow":["GET"]}}],"collection":[{"href":"https:\/\/www.arete.eu\/cs\/wp-json\/wp\/v2\/posts"}],"about":[{"href":"https:\/\/www.arete.eu\/cs\/wp-json\/wp\/v2\/types\/post"}],"author":[{"embeddable":true,"href":"https:\/\/www.arete.eu\/cs\/wp-json\/wp\/v2\/users\/6"}],"replies":[{"embeddable":true,"href":"https:\/\/www.arete.eu\/cs\/wp-json\/wp\/v2\/comments?post=13850"}],"version-history":[{"count":1,"href":"https:\/\/www.arete.eu\/cs\/wp-json\/wp\/v2\/posts\/13850\/revisions"}],"predecessor-version":[{"id":13852,"href":"https:\/\/www.arete.eu\/cs\/wp-json\/wp\/v2\/posts\/13850\/revisions\/13852"}],"wp:featuredmedia":[{"embeddable":true,"href":"https:\/\/www.arete.eu\/cs\/wp-json\/wp\/v2\/media\/13851"}],"wp:attachment":[{"href":"https:\/\/www.arete.eu\/cs\/wp-json\/wp\/v2\/media?parent=13850"}],"wp:term":[{"taxonomy":"category","embeddable":true,"href":"https:\/\/www.arete.eu\/cs\/wp-json\/wp\/v2\/categories?post=13850"},{"taxonomy":"post_tag","embeddable":true,"href":"https:\/\/www.arete.eu\/cs\/wp-json\/wp\/v2\/tags?post=13850"}],"curies":[{"name":"wp","href":"https:\/\/api.w.org\/{rel}","templated":true}]}}