{"id":13834,"date":"2018-02-22T07:41:55","date_gmt":"2018-02-22T07:41:55","guid":{"rendered":"https:\/\/www.arete.eu\/cesky-fond-arete-invest-koupil-prumyslovy-areal-ve-vyskove\/"},"modified":"2025-03-04T10:35:48","modified_gmt":"2025-03-04T10:35:48","slug":"cesky-fond-arete-invest-koupil-prumyslovy-areal-ve-vyskove","status":"publish","type":"post","link":"https:\/\/www.arete.eu\/cs\/cesky-fond-arete-invest-koupil-prumyslovy-areal-ve-vyskove\/","title":{"rendered":"\u010cesk\u00fd fond Arete Invest koupil pr\u016fmyslov\u00fd are\u00e1l ve Vy\u0161kov\u011b"},"content":{"rendered":"&#13;\n<p>\u2026 \u201eUskute\u010dn\u011bn\u00ed t\u00e9to transakce n\u00e1m zabralo p\u0159es dva a p\u016fl roku, ale ve\u0161ker\u00e1 snaha se n\u00e1m a na\u0161im investor\u016fm bezpochyby vyplat\u00ed. Vy\u010di\u0161t\u011bn\u00ed historick\u00fdch spor\u016f a dal\u0161\u00ed chystan\u00e1 v\u00fdstavba by m\u011bly v\u00fdrazn\u011b zvednout hodnotu cel\u00e9ho are\u00e1lu, kter\u00fd je nov\u011b v na\u0161em portfoliu. P\u0159edpokl\u00e1d\u00e1me, \u017ee zhodnocen\u00ed ji\u017e nyn\u00ed po dokon\u010den\u00ed transakce dosahuje 20 procent,\u201c uvedl Lubor Svoboda, spoluzakladatel a p\u0159edseda spr\u00e1vn\u00ed rady fondu Arete Invest.  <\/p>&#13;\n<p><a href=\"https:\/\/www.buildingnews.cz\/investicni-trh\/cesky-fond-arete-invest-koupil-prumyslovy-areal-ve-vyskove.html\" target=\"_blank\" rel=\"noopener\">https:\/\/www.buildingnews.cz\/investicni-trh\/cesky-fond-arete-invest-koupil-prumyslovy-areal-ve-vyskove.html<\/a><\/p>","protected":false},"excerpt":{"rendered":"<p>&#13; \u2026 \u201eUskute\u010dn\u011bn\u00ed t\u00e9to transakce n\u00e1m zabralo p\u0159es dva a p\u016fl roku, ale ve\u0161ker\u00e1 snaha se n\u00e1m a na\u0161im investor\u016fm bezpochyby vyplat\u00ed. Vy\u010di\u0161t\u011bn\u00ed historick\u00fdch spor\u016f a dal\u0161\u00ed chystan\u00e1 v\u00fdstavba by m\u011bly v\u00fdrazn\u011b zvednout hodnotu cel\u00e9ho are\u00e1lu, kter\u00fd je nov\u011b v na\u0161em portfoliu. P\u0159edpokl\u00e1d\u00e1me, \u017ee zhodnocen\u00ed ji\u017e nyn\u00ed po dokon\u010den\u00ed transakce dosahuje 20 procent,\u201c uvedl Lubor Svoboda, spoluzakladatel a p\u0159edseda spr\u00e1vn\u00ed rady fondu Arete Invest. &#13; https:\/\/www.buildingnews.cz\/investicni-trh\/cesky-fond-arete-invest-koupil-prumyslovy-areal-ve-vyskove.html<\/p>\n","protected":false},"author":6,"featured_media":13836,"comment_status":"open","ping_status":"open","sticky":false,"template":"@@single-custom-post.php","format":"standard","meta":{"_acf_changed":false,"footnotes":""},"categories":[63,87],"tags":[],"class_list":["post-13834","post","type-post","status-publish","format-standard","has-post-thumbnail","hentry","category-praha-cs","category-vyskov-cs","investment-clanky-esg","news-novinky"],"acf":[],"rttpg_featured_image_url":{"full":["https:\/\/www.arete.eu\/wp-content\/uploads\/2025\/02\/small-arete-vyskov-078.webp",1200,750,false],"landscape":["https:\/\/www.arete.eu\/wp-content\/uploads\/2025\/02\/small-arete-vyskov-078.webp",1200,750,false],"portraits":["https:\/\/www.arete.eu\/wp-content\/uploads\/2025\/02\/small-arete-vyskov-078.webp",1200,750,false],"thumbnail":["https:\/\/www.arete.eu\/wp-content\/uploads\/2025\/02\/small-arete-vyskov-078-150x150.webp",150,150,true],"medium":["https:\/\/www.arete.eu\/wp-content\/uploads\/2025\/02\/small-arete-vyskov-078-300x188.webp",300,188,true],"large":["https:\/\/www.arete.eu\/wp-content\/uploads\/2025\/02\/small-arete-vyskov-078-1024x640.webp",800,500,true],"1536x1536":["https:\/\/www.arete.eu\/wp-content\/uploads\/2025\/02\/small-arete-vyskov-078.webp",1200,750,false],"2048x2048":["https:\/\/www.arete.eu\/wp-content\/uploads\/2025\/02\/small-arete-vyskov-078.webp",1200,750,false]},"rttpg_author":{"display_name":"newadmin","author_link":"https:\/\/www.arete.eu\/cs\/author\/newadmin\/"},"rttpg_comment":0,"rttpg_category":"<a href=\"https:\/\/www.arete.eu\/cs\/category\/praha-cs\/\" rel=\"category tag\">Praha<\/a> <a href=\"https:\/\/www.arete.eu\/cs\/category\/vyskov-cs\/\" rel=\"category tag\">Vyskov<\/a>","rttpg_excerpt":"&#13; \u2026 \u201eUskute\u010dn\u011bn\u00ed t\u00e9to transakce n\u00e1m zabralo p\u0159es dva a p\u016fl roku, ale ve\u0161ker\u00e1 snaha se n\u00e1m a na\u0161im investor\u016fm bezpochyby vyplat\u00ed. Vy\u010di\u0161t\u011bn\u00ed historick\u00fdch spor\u016f a dal\u0161\u00ed chystan\u00e1 v\u00fdstavba by m\u011bly v\u00fdrazn\u011b zvednout hodnotu cel\u00e9ho are\u00e1lu, kter\u00fd je nov\u011b v na\u0161em portfoliu. P\u0159edpokl\u00e1d\u00e1me, \u017ee zhodnocen\u00ed ji\u017e nyn\u00ed po dokon\u010den\u00ed transakce dosahuje 20 procent,\u201c uvedl Lubor&hellip;","_links":{"self":[{"href":"https:\/\/www.arete.eu\/cs\/wp-json\/wp\/v2\/posts\/13834","targetHints":{"allow":["GET"]}}],"collection":[{"href":"https:\/\/www.arete.eu\/cs\/wp-json\/wp\/v2\/posts"}],"about":[{"href":"https:\/\/www.arete.eu\/cs\/wp-json\/wp\/v2\/types\/post"}],"author":[{"embeddable":true,"href":"https:\/\/www.arete.eu\/cs\/wp-json\/wp\/v2\/users\/6"}],"replies":[{"embeddable":true,"href":"https:\/\/www.arete.eu\/cs\/wp-json\/wp\/v2\/comments?post=13834"}],"version-history":[{"count":1,"href":"https:\/\/www.arete.eu\/cs\/wp-json\/wp\/v2\/posts\/13834\/revisions"}],"predecessor-version":[{"id":13837,"href":"https:\/\/www.arete.eu\/cs\/wp-json\/wp\/v2\/posts\/13834\/revisions\/13837"}],"wp:featuredmedia":[{"embeddable":true,"href":"https:\/\/www.arete.eu\/cs\/wp-json\/wp\/v2\/media\/13836"}],"wp:attachment":[{"href":"https:\/\/www.arete.eu\/cs\/wp-json\/wp\/v2\/media?parent=13834"}],"wp:term":[{"taxonomy":"category","embeddable":true,"href":"https:\/\/www.arete.eu\/cs\/wp-json\/wp\/v2\/categories?post=13834"},{"taxonomy":"post_tag","embeddable":true,"href":"https:\/\/www.arete.eu\/cs\/wp-json\/wp\/v2\/tags?post=13834"}],"curies":[{"name":"wp","href":"https:\/\/api.w.org\/{rel}","templated":true}]}}