{"id":13824,"date":"2018-03-15T07:48:39","date_gmt":"2018-03-15T07:48:39","guid":{"rendered":"https:\/\/www.arete.eu\/arete-invest-uzavrel-novou-najemni-smlouvu-se-spolecnosti-fiege\/"},"modified":"2025-03-04T10:25:40","modified_gmt":"2025-03-04T10:25:40","slug":"arete-invest-uzavrel-novou-najemni-smlouvu-se-spolecnosti-fiege","status":"publish","type":"post","link":"https:\/\/www.arete.eu\/cs\/arete-invest-uzavrel-novou-najemni-smlouvu-se-spolecnosti-fiege\/","title":{"rendered":"Arete Invest uzav\u0159el novou n\u00e1jemn\u00ed smlouvu se spole\u010dnost\u00ed Fiege"},"content":{"rendered":"&#13;\n<p>Arete Invest uzav\u0159el novou p\u011btiletou n\u00e1jemn\u00ed smlouvu s logistickou spole\u010dnost\u00ed Fiege. Ta ji\u017e od dubna roz\u0161\u00ed\u0159\u00ed sv\u00e9 skladovac\u00ed kapacity v Arete Parku Lovosice o nov\u00fdch 7500 m2 na celkov\u00fdch 9600 m2. Poradcem p\u0159i pron\u00e1jmu byly spole\u010dnosti Cushman &amp; Wakefield a 108 Agency. Arete Invest nav\u00edc chyst\u00e1 roz\u0161\u00ed\u0159en\u00ed lovosick\u00e9ho are\u00e1lu o dal\u0161\u00edch 11 000 m2 skladov\u00fdch a v\u00fdrobn\u00edch ploch. <\/p>&#13;\n<p><a href=\"http:\/\/cijeurope.com\/cz\/encompassme-europe\/30129\/story\/arete-invest-uzavrel-novou-najemni-smlouvu-se-spolecnosti-fiege\" target=\"_blank\" rel=\"noopener\">http:\/\/cijeurope.com\/cz\/encompassme-europe\/30129\/story\/arete-invest-uzavrel-novou-najemni-smlouvu-se-spolecnosti-fiege<\/a><\/p>","protected":false},"excerpt":{"rendered":"<p>&#13; Arete Invest uzav\u0159el novou p\u011btiletou n\u00e1jemn\u00ed smlouvu s logistickou spole\u010dnost\u00ed Fiege. Ta ji\u017e od dubna roz\u0161\u00ed\u0159\u00ed sv\u00e9 skladovac\u00ed kapacity v Arete Parku Lovosice o nov\u00fdch 7500 m2 na celkov\u00fdch 9600 m2. Poradcem p\u0159i pron\u00e1jmu byly spole\u010dnosti Cushman &amp; Wakefield a 108 Agency. Arete Invest nav\u00edc chyst\u00e1 roz\u0161\u00ed\u0159en\u00ed lovosick\u00e9ho are\u00e1lu o dal\u0161\u00edch 11 000 m2 skladov\u00fdch a v\u00fdrobn\u00edch ploch. &#13; http:\/\/cijeurope.com\/cz\/encompassme-europe\/30129\/story\/arete-invest-uzavrel-novou-najemni-smlouvu-se-spolecnosti-fiege<\/p>\n","protected":false},"author":6,"featured_media":13825,"comment_status":"open","ping_status":"open","sticky":false,"template":"@@single-custom-post.php","format":"standard","meta":{"_acf_changed":false,"footnotes":""},"categories":[86,63],"tags":[],"class_list":["post-13824","post","type-post","status-publish","format-standard","has-post-thumbnail","hentry","category-lovosice-cs","category-praha-cs","investment-clanky-esg","news-novinky"],"acf":[],"rttpg_featured_image_url":{"full":["https:\/\/www.arete.eu\/wp-content\/uploads\/2025\/02\/small-arete-lovosice-1-026.webp",1200,800,false],"landscape":["https:\/\/www.arete.eu\/wp-content\/uploads\/2025\/02\/small-arete-lovosice-1-026.webp",1200,800,false],"portraits":["https:\/\/www.arete.eu\/wp-content\/uploads\/2025\/02\/small-arete-lovosice-1-026.webp",1200,800,false],"thumbnail":["https:\/\/www.arete.eu\/wp-content\/uploads\/2025\/02\/small-arete-lovosice-1-026-150x150.webp",150,150,true],"medium":["https:\/\/www.arete.eu\/wp-content\/uploads\/2025\/02\/small-arete-lovosice-1-026-300x200.webp",300,200,true],"large":["https:\/\/www.arete.eu\/wp-content\/uploads\/2025\/02\/small-arete-lovosice-1-026-1024x683.webp",800,534,true],"1536x1536":["https:\/\/www.arete.eu\/wp-content\/uploads\/2025\/02\/small-arete-lovosice-1-026.webp",1200,800,false],"2048x2048":["https:\/\/www.arete.eu\/wp-content\/uploads\/2025\/02\/small-arete-lovosice-1-026.webp",1200,800,false]},"rttpg_author":{"display_name":"newadmin","author_link":"https:\/\/www.arete.eu\/cs\/author\/newadmin\/"},"rttpg_comment":0,"rttpg_category":"<a href=\"https:\/\/www.arete.eu\/cs\/category\/lovosice-cs\/\" rel=\"category tag\">Lovosice<\/a> <a href=\"https:\/\/www.arete.eu\/cs\/category\/praha-cs\/\" rel=\"category tag\">Praha<\/a>","rttpg_excerpt":"&#13; Arete Invest uzav\u0159el novou p\u011btiletou n\u00e1jemn\u00ed smlouvu s logistickou spole\u010dnost\u00ed Fiege. Ta ji\u017e od dubna roz\u0161\u00ed\u0159\u00ed sv\u00e9 skladovac\u00ed kapacity v Arete Parku Lovosice o nov\u00fdch 7500 m2 na celkov\u00fdch 9600 m2. Poradcem p\u0159i pron\u00e1jmu byly spole\u010dnosti Cushman &amp; Wakefield a 108 Agency. Arete Invest nav\u00edc chyst\u00e1 roz\u0161\u00ed\u0159en\u00ed lovosick\u00e9ho are\u00e1lu o dal\u0161\u00edch 11 000 m2&hellip;","_links":{"self":[{"href":"https:\/\/www.arete.eu\/cs\/wp-json\/wp\/v2\/posts\/13824","targetHints":{"allow":["GET"]}}],"collection":[{"href":"https:\/\/www.arete.eu\/cs\/wp-json\/wp\/v2\/posts"}],"about":[{"href":"https:\/\/www.arete.eu\/cs\/wp-json\/wp\/v2\/types\/post"}],"author":[{"embeddable":true,"href":"https:\/\/www.arete.eu\/cs\/wp-json\/wp\/v2\/users\/6"}],"replies":[{"embeddable":true,"href":"https:\/\/www.arete.eu\/cs\/wp-json\/wp\/v2\/comments?post=13824"}],"version-history":[{"count":1,"href":"https:\/\/www.arete.eu\/cs\/wp-json\/wp\/v2\/posts\/13824\/revisions"}],"predecessor-version":[{"id":13826,"href":"https:\/\/www.arete.eu\/cs\/wp-json\/wp\/v2\/posts\/13824\/revisions\/13826"}],"wp:featuredmedia":[{"embeddable":true,"href":"https:\/\/www.arete.eu\/cs\/wp-json\/wp\/v2\/media\/13825"}],"wp:attachment":[{"href":"https:\/\/www.arete.eu\/cs\/wp-json\/wp\/v2\/media?parent=13824"}],"wp:term":[{"taxonomy":"category","embeddable":true,"href":"https:\/\/www.arete.eu\/cs\/wp-json\/wp\/v2\/categories?post=13824"},{"taxonomy":"post_tag","embeddable":true,"href":"https:\/\/www.arete.eu\/cs\/wp-json\/wp\/v2\/tags?post=13824"}],"curies":[{"name":"wp","href":"https:\/\/api.w.org\/{rel}","templated":true}]}}