{"id":13813,"date":"2018-04-04T07:56:47","date_gmt":"2018-04-04T07:56:47","guid":{"rendered":"https:\/\/www.arete.eu\/fond-arete-invest-prodlouzil-smlouvu-s-najemcem-ve-vyskove\/"},"modified":"2025-03-04T10:15:44","modified_gmt":"2025-03-04T10:15:44","slug":"fond-arete-invest-prodlouzil-smlouvu-s-najemcem-ve-vyskove","status":"publish","type":"post","link":"https:\/\/www.arete.eu\/cs\/fond-arete-invest-prodlouzil-smlouvu-s-najemcem-ve-vyskove\/","title":{"rendered":"Fond Arete Invest prodlou\u017eil smlouvu s n\u00e1jemcem ve Vy\u0161kov\u011b"},"content":{"rendered":"&#13;\n<p>Arete Invest uzav\u0159el v b\u0159eznu novou desetiletou n\u00e1jemn\u00ed smlouvu s dodavatelem plastov\u00fdch komponent\u016f, spole\u010dnost\u00ed Rompa. Ta m\u00e1 od Arete Invest kompletn\u011b pronajat\u00fd pr\u016fmyslov\u00fd are\u00e1l p\u0159\u00edmo u d\u00e1lnice D1 ve Vy\u0161kov\u011b. Z\u00e1rove\u0148 se zah\u00e1jily pr\u00e1ce na roz\u0161\u00ed\u0159en\u00ed budovy o dal\u0161\u00edch 500 m\u00b2, kter\u00e9 umo\u017en\u00ed d\u00e1le nav\u00fd\u0161it kapacitu firmy p\u0159edev\u0161\u00edm s ohledem na v\u00fdvojov\u00e9 centrum a kancel\u00e1\u0159e. \u201eZa\u0159azen\u00ed t\u00e9to nemovitosti do na\u0161eho portfolia n\u00e1m zabralo p\u0159es dva a p\u016fl roku, ale ve\u0161ker\u00e1 snaha ji\u017e p\u0159in\u00e1\u0161\u00ed prvn\u00ed v\u00fdsledky. Poda\u0159ilo se n\u00e1m vy\u010distit historick\u00e9 spory, se kter\u00fdmi byl are\u00e1l spjat\u00fd, co\u017e bezpochyby v\u00fdrazn\u011b zvedlo jeho hodnotu.    <\/p>&#13;\n<p><a href=\"http:\/\/cijusa.com\/cz\/encompassme-usa\/30438\/story\/fond-arete-invest-prodlouzil-smlouvu-s-najemcem-ve-vyskove\" target=\"_blank\" rel=\"noopener\">http:\/\/cijusa.com\/cz\/encompassme-usa\/30438\/story\/fond-arete-invest-prodlouzil-smlouvu-s-najemcem-ve-vyskove\n <\/a><\/p>&#13;\n<p><a href=\"http:\/\/www.finparada.cz\/zprava_banka.aspx?ID=15477\" target=\"_blank\" rel=\"noopener\">http:\/\/www.finparada.cz\/zprava_banka.aspx?ID=15477\n <\/a><\/p>","protected":false},"excerpt":{"rendered":"<p>&#13; Arete Invest uzav\u0159el v b\u0159eznu novou desetiletou n\u00e1jemn\u00ed smlouvu s dodavatelem plastov\u00fdch komponent\u016f, spole\u010dnost\u00ed Rompa. Ta m\u00e1 od Arete Invest kompletn\u011b pronajat\u00fd pr\u016fmyslov\u00fd are\u00e1l p\u0159\u00edmo u d\u00e1lnice D1 ve Vy\u0161kov\u011b. Z\u00e1rove\u0148 se zah\u00e1jily pr\u00e1ce na roz\u0161\u00ed\u0159en\u00ed budovy o dal\u0161\u00edch 500 m\u00b2, kter\u00e9 umo\u017en\u00ed d\u00e1le nav\u00fd\u0161it kapacitu firmy p\u0159edev\u0161\u00edm s ohledem na v\u00fdvojov\u00e9 centrum a kancel\u00e1\u0159e. \u201eZa\u0159azen\u00ed t\u00e9to nemovitosti do na\u0161eho portfolia n\u00e1m zabralo p\u0159es dva a p\u016fl roku, ale ve\u0161ker\u00e1 snaha ji\u017e p\u0159in\u00e1\u0161\u00ed prvn\u00ed v\u00fdsledky. Poda\u0159ilo se n\u00e1m vy\u010distit historick\u00e9 spory, se kter\u00fdmi byl are\u00e1l spjat\u00fd, co\u017e bezpochyby v\u00fdrazn\u011b zvedlo jeho hodnotu. &#13; http:\/\/cijusa.com\/cz\/encompassme-usa\/30438\/story\/fond-arete-invest-prodlouzil-smlouvu-s-najemcem-ve-vyskove &#13; http:\/\/www.finparada.cz\/zprava_banka.aspx?ID=15477<\/p>\n","protected":false},"author":6,"featured_media":13814,"comment_status":"open","ping_status":"open","sticky":false,"template":"@@single-custom-post.php","format":"standard","meta":{"_acf_changed":false,"footnotes":""},"categories":[63,87],"tags":[],"class_list":["post-13813","post","type-post","status-publish","format-standard","has-post-thumbnail","hentry","category-praha-cs","category-vyskov-cs","investment-clanky-esg","news-novinky"],"acf":[],"rttpg_featured_image_url":{"full":["https:\/\/www.arete.eu\/wp-content\/uploads\/2025\/02\/small-arete-vyskov-067.webp",1200,750,false],"landscape":["https:\/\/www.arete.eu\/wp-content\/uploads\/2025\/02\/small-arete-vyskov-067.webp",1200,750,false],"portraits":["https:\/\/www.arete.eu\/wp-content\/uploads\/2025\/02\/small-arete-vyskov-067.webp",1200,750,false],"thumbnail":["https:\/\/www.arete.eu\/wp-content\/uploads\/2025\/02\/small-arete-vyskov-067-150x150.webp",150,150,true],"medium":["https:\/\/www.arete.eu\/wp-content\/uploads\/2025\/02\/small-arete-vyskov-067-300x188.webp",300,188,true],"large":["https:\/\/www.arete.eu\/wp-content\/uploads\/2025\/02\/small-arete-vyskov-067-1024x640.webp",800,500,true],"1536x1536":["https:\/\/www.arete.eu\/wp-content\/uploads\/2025\/02\/small-arete-vyskov-067.webp",1200,750,false],"2048x2048":["https:\/\/www.arete.eu\/wp-content\/uploads\/2025\/02\/small-arete-vyskov-067.webp",1200,750,false]},"rttpg_author":{"display_name":"newadmin","author_link":"https:\/\/www.arete.eu\/cs\/author\/newadmin\/"},"rttpg_comment":0,"rttpg_category":"<a href=\"https:\/\/www.arete.eu\/cs\/category\/praha-cs\/\" rel=\"category tag\">Praha<\/a> <a href=\"https:\/\/www.arete.eu\/cs\/category\/vyskov-cs\/\" rel=\"category tag\">Vyskov<\/a>","rttpg_excerpt":"&#13; Arete Invest uzav\u0159el v b\u0159eznu novou desetiletou n\u00e1jemn\u00ed smlouvu s dodavatelem plastov\u00fdch komponent\u016f, spole\u010dnost\u00ed Rompa. Ta m\u00e1 od Arete Invest kompletn\u011b pronajat\u00fd pr\u016fmyslov\u00fd are\u00e1l p\u0159\u00edmo u d\u00e1lnice D1 ve Vy\u0161kov\u011b. Z\u00e1rove\u0148 se zah\u00e1jily pr\u00e1ce na roz\u0161\u00ed\u0159en\u00ed budovy o dal\u0161\u00edch 500 m\u00b2, kter\u00e9 umo\u017en\u00ed d\u00e1le nav\u00fd\u0161it kapacitu firmy p\u0159edev\u0161\u00edm s ohledem na v\u00fdvojov\u00e9 centrum a&hellip;","_links":{"self":[{"href":"https:\/\/www.arete.eu\/cs\/wp-json\/wp\/v2\/posts\/13813","targetHints":{"allow":["GET"]}}],"collection":[{"href":"https:\/\/www.arete.eu\/cs\/wp-json\/wp\/v2\/posts"}],"about":[{"href":"https:\/\/www.arete.eu\/cs\/wp-json\/wp\/v2\/types\/post"}],"author":[{"embeddable":true,"href":"https:\/\/www.arete.eu\/cs\/wp-json\/wp\/v2\/users\/6"}],"replies":[{"embeddable":true,"href":"https:\/\/www.arete.eu\/cs\/wp-json\/wp\/v2\/comments?post=13813"}],"version-history":[{"count":1,"href":"https:\/\/www.arete.eu\/cs\/wp-json\/wp\/v2\/posts\/13813\/revisions"}],"predecessor-version":[{"id":13815,"href":"https:\/\/www.arete.eu\/cs\/wp-json\/wp\/v2\/posts\/13813\/revisions\/13815"}],"wp:featuredmedia":[{"embeddable":true,"href":"https:\/\/www.arete.eu\/cs\/wp-json\/wp\/v2\/media\/13814"}],"wp:attachment":[{"href":"https:\/\/www.arete.eu\/cs\/wp-json\/wp\/v2\/media?parent=13813"}],"wp:term":[{"taxonomy":"category","embeddable":true,"href":"https:\/\/www.arete.eu\/cs\/wp-json\/wp\/v2\/categories?post=13813"},{"taxonomy":"post_tag","embeddable":true,"href":"https:\/\/www.arete.eu\/cs\/wp-json\/wp\/v2\/tags?post=13813"}],"curies":[{"name":"wp","href":"https:\/\/api.w.org\/{rel}","templated":true}]}}