{"id":13760,"date":"2018-05-15T08:04:13","date_gmt":"2018-05-15T08:04:13","guid":{"rendered":"https:\/\/www.arete.eu\/fond-arete-invest-vykazal-vysoke-vynosy\/"},"modified":"2025-03-04T05:07:44","modified_gmt":"2025-03-04T05:07:44","slug":"fond-arete-invest-vykazal-vysoke-vynosy","status":"publish","type":"post","link":"https:\/\/www.arete.eu\/cs\/fond-arete-invest-vykazal-vysoke-vynosy\/","title":{"rendered":"FOND ARETE INVEST VYK\u00c1ZAL VYSOK\u00c9 V\u00ddNOSY"},"content":{"rendered":"&#13;\n<p>Arete Invest, \u010desk\u00fd fond zam\u011b\u0159en\u00fd na investice v oblasti nemovitost\u00ed, zve\u0159ejnil sv\u00e9 auditovan\u00e9 v\u00fdsledky za lo\u0148sk\u00fd rok. Hrub\u00fd v\u00fdnos aktu\u00e1ln\u011b otev\u0159en\u00e9ho podfondu Arete Invest CEE II \u010dinil za rok 2017 44,2 %, kumulovan\u00fd hrub\u00fd v\u00fdnos tak dos\u00e1hl ji\u017e 82,2 %. Hodnota aktiv ve spr\u00e1v\u011b podfondu se b\u011bhem roku t\u00e9m\u011b\u0159 ztrojn\u00e1sobila z 24 na 70 mil. eur.  <\/p>&#13;\n<p>Arete Invest CEE II byl zalo\u017een v \u00fanoru 2016 a postupn\u011b vytv\u00e1\u0159\u00ed homogenn\u00ed portfolio v\u00fdnosov\u00fdch pr\u016fmyslov\u00fdch nemovitost\u00ed s vysok\u00fdm standardem. O\u010dek\u00e1van\u00e1 hodnota spravovan\u00fdch aktiv tohoto podfondu v pr\u016fb\u011bhu p\u0159edpokl\u00e1dan\u00e9ho p\u011btilet\u00e9ho investi\u010dn\u00edho cyklu je 5 mld. K\u010d. B\u011bhem roku 2017 byly dokon\u010deny celkem \u010dty\u0159i akvizice, t\u0159i na Slovensku a jedna v \u010cesk\u00e9 republice.  <\/p>&#13;\n<p><a href=\"http:\/\/cijeurope.com\/cz\/encompassme-europe\/30129\/story\/arete-invest-uzavrel-novou-najemni-smlouvu-se-spolecnosti-fiege\" target=\"_blank\" rel=\"noopener\">http:\/\/cijeurope.com\/cz\/encompassme-europe\/30129\/story\/arete-invest-uzavrel-novou-najemni-smlouvu-se-spolecnosti-fiege<\/a><\/p>","protected":false},"excerpt":{"rendered":"<p>&#13; Arete Invest, \u010desk\u00fd fond zam\u011b\u0159en\u00fd na investice v oblasti nemovitost\u00ed, zve\u0159ejnil sv\u00e9 auditovan\u00e9 v\u00fdsledky za lo\u0148sk\u00fd rok. Hrub\u00fd v\u00fdnos aktu\u00e1ln\u011b otev\u0159en\u00e9ho podfondu Arete Invest CEE II \u010dinil za rok 2017 44,2 %, kumulovan\u00fd hrub\u00fd v\u00fdnos tak dos\u00e1hl ji\u017e 82,2 %. Hodnota aktiv ve spr\u00e1v\u011b podfondu se b\u011bhem roku t\u00e9m\u011b\u0159 ztrojn\u00e1sobila z 24 na 70 mil. eur. &#13; Arete Invest CEE II byl zalo\u017een v \u00fanoru 2016 a postupn\u011b vytv\u00e1\u0159\u00ed homogenn\u00ed portfolio v\u00fdnosov\u00fdch pr\u016fmyslov\u00fdch nemovitost\u00ed s vysok\u00fdm standardem. O\u010dek\u00e1van\u00e1 hodnota spravovan\u00fdch aktiv tohoto podfondu v pr\u016fb\u011bhu p\u0159edpokl\u00e1dan\u00e9ho p\u011btilet\u00e9ho investi\u010dn\u00edho cyklu je 5 mld. K\u010d. B\u011bhem roku 2017 byly dokon\u010deny celkem \u010dty\u0159i akvizice, t\u0159i na Slovensku a jedna v \u010cesk\u00e9 republice. &#13; http:\/\/cijeurope.com\/cz\/encompassme-europe\/30129\/story\/arete-invest-uzavrel-novou-najemni-smlouvu-se-spolecnosti-fiege<\/p>\n","protected":false},"author":6,"featured_media":10194,"comment_status":"open","ping_status":"open","sticky":false,"template":"@@single-custom-post.php","format":"standard","meta":{"_acf_changed":false,"footnotes":""},"categories":[63],"tags":[],"class_list":["post-13760","post","type-post","status-publish","format-standard","has-post-thumbnail","hentry","category-praha-cs","investment-clanky-esg","news-novinky"],"acf":[],"rttpg_featured_image_url":{"full":["https:\/\/www.arete.eu\/wp-content\/uploads\/2025\/02\/default-img.webp",1200,700,false],"landscape":["https:\/\/www.arete.eu\/wp-content\/uploads\/2025\/02\/default-img.webp",1200,700,false],"portraits":["https:\/\/www.arete.eu\/wp-content\/uploads\/2025\/02\/default-img.webp",1200,700,false],"thumbnail":["https:\/\/www.arete.eu\/wp-content\/uploads\/2025\/02\/default-img-150x150.webp",150,150,true],"medium":["https:\/\/www.arete.eu\/wp-content\/uploads\/2025\/02\/default-img-300x175.webp",300,175,true],"large":["https:\/\/www.arete.eu\/wp-content\/uploads\/2025\/02\/default-img-1024x597.webp",800,466,true],"1536x1536":["https:\/\/www.arete.eu\/wp-content\/uploads\/2025\/02\/default-img.webp",1200,700,false],"2048x2048":["https:\/\/www.arete.eu\/wp-content\/uploads\/2025\/02\/default-img.webp",1200,700,false]},"rttpg_author":{"display_name":"newadmin","author_link":"https:\/\/www.arete.eu\/cs\/author\/newadmin\/"},"rttpg_comment":0,"rttpg_category":"<a href=\"https:\/\/www.arete.eu\/cs\/category\/praha-cs\/\" rel=\"category tag\">Praha<\/a>","rttpg_excerpt":"&#13; Arete Invest, \u010desk\u00fd fond zam\u011b\u0159en\u00fd na investice v oblasti nemovitost\u00ed, zve\u0159ejnil sv\u00e9 auditovan\u00e9 v\u00fdsledky za lo\u0148sk\u00fd rok. Hrub\u00fd v\u00fdnos aktu\u00e1ln\u011b otev\u0159en\u00e9ho podfondu Arete Invest CEE II \u010dinil za rok 2017 44,2 %, kumulovan\u00fd hrub\u00fd v\u00fdnos tak dos\u00e1hl ji\u017e 82,2 %. Hodnota aktiv ve spr\u00e1v\u011b podfondu se b\u011bhem roku t\u00e9m\u011b\u0159 ztrojn\u00e1sobila z 24 na 70&hellip;","_links":{"self":[{"href":"https:\/\/www.arete.eu\/cs\/wp-json\/wp\/v2\/posts\/13760","targetHints":{"allow":["GET"]}}],"collection":[{"href":"https:\/\/www.arete.eu\/cs\/wp-json\/wp\/v2\/posts"}],"about":[{"href":"https:\/\/www.arete.eu\/cs\/wp-json\/wp\/v2\/types\/post"}],"author":[{"embeddable":true,"href":"https:\/\/www.arete.eu\/cs\/wp-json\/wp\/v2\/users\/6"}],"replies":[{"embeddable":true,"href":"https:\/\/www.arete.eu\/cs\/wp-json\/wp\/v2\/comments?post=13760"}],"version-history":[{"count":1,"href":"https:\/\/www.arete.eu\/cs\/wp-json\/wp\/v2\/posts\/13760\/revisions"}],"predecessor-version":[{"id":13761,"href":"https:\/\/www.arete.eu\/cs\/wp-json\/wp\/v2\/posts\/13760\/revisions\/13761"}],"wp:featuredmedia":[{"embeddable":true,"href":"https:\/\/www.arete.eu\/cs\/wp-json\/wp\/v2\/media\/10194"}],"wp:attachment":[{"href":"https:\/\/www.arete.eu\/cs\/wp-json\/wp\/v2\/media?parent=13760"}],"wp:term":[{"taxonomy":"category","embeddable":true,"href":"https:\/\/www.arete.eu\/cs\/wp-json\/wp\/v2\/categories?post=13760"},{"taxonomy":"post_tag","embeddable":true,"href":"https:\/\/www.arete.eu\/cs\/wp-json\/wp\/v2\/tags?post=13760"}],"curies":[{"name":"wp","href":"https:\/\/api.w.org\/{rel}","templated":true}]}}