{"id":13755,"date":"2018-06-18T09:27:41","date_gmt":"2018-06-18T09:27:41","guid":{"rendered":"https:\/\/www.arete.eu\/nemovitostni-fond-arete-invest-ziskal-oceneni-czech-top-100-2\/"},"modified":"2025-03-04T04:46:55","modified_gmt":"2025-03-04T04:46:55","slug":"nemovitostni-fond-arete-invest-ziskal-oceneni-czech-top-100-2","status":"publish","type":"post","link":"https:\/\/www.arete.eu\/cs\/nemovitostni-fond-arete-invest-ziskal-oceneni-czech-top-100-2\/","title":{"rendered":"Nemovitostn\u00ed fond Arete Invest z\u00edskal ocen\u011bn\u00ed Czech Top 100"},"content":{"rendered":"&#13;\n<p>Arete Invest, \u010desk\u00fd rychle rostouc\u00ed fond zam\u011b\u0159en\u00fd na investice v oblasti nemovitost\u00ed, z\u00edskal minul\u00fd t\u00fdden na slavnostn\u00edm ve\u010deru ve \u0160pan\u011blsk\u00e9m s\u00e1le Pra\u017esk\u00e9ho hradu presti\u017en\u00ed ocen\u011bn\u00ed Czech Top 100 \u2013 Zvl\u00e1\u0161tn\u00ed cenu za dynamick\u00e9 zhodnocen\u00ed kapit\u00e1lu a transparentnost v oblasti nemovitostn\u00edch investi\u010dn\u00edch fond\u016f.<\/p>&#13;\n<p>\u201eZvl\u00e1\u0161tn\u00ed ocen\u011bn\u00ed od Czech Top 100 jsme obdr\u017eeli ji\u017e loni, a to za inovace a transparentnost na \u010desk\u00e9m investi\u010dn\u00edm trhu. To, \u017ee jsme na\u0161i pozici obh\u00e1jili a z\u00edskali dal\u0161\u00ed ocen\u011bn\u00ed, kter\u00e9 ji\u017e odr\u00e1\u017e\u00ed i v\u00fdnosnost fondu, n\u00e1s opravdu t\u011b\u0161\u00ed a jsme na to velmi hrd\u00ed. B\u011bhem n\u011bkolika let fungov\u00e1n\u00ed se n\u00e1m toti\u017e poda\u0159ilo dos\u00e1hnout obrovsk\u00e9ho \u00fasp\u011bchu a za\u0159adit se po boku nejv\u011bt\u0161\u00edch \u010desk\u00fdch firem,\u201c uvedl Lubor Svoboda, spoluzakladatel a p\u0159edseda spr\u00e1vn\u00ed rady fondu Arete Invest.<\/p>&#13;\n<p><a href=\"https:\/\/www.investujeme.cz\/tiskove-zpravy\/nemovitostni-fond-arete-invest-ziskal-oceneni-czech-top-100\/\" target=\"_blank\" rel=\"noopener\">https:\/\/www.investujeme.cz\/tiskove-zpravy\/nemovitostni-fond-arete-invest-ziskal-oceneni-czech-top-100\/<\/a><\/p>&#13;\n<p><a href=\"https:\/\/www.parlamentnilisty.cz\/zpravy\/tiskovezpravy\/Nemovitostni-fond-Arete-Invest-ziskal-oceneni-Czech-Top-100-540495\" target=\"_blank\" rel=\"noopener\">https:\/\/www.parlamentnilisty.cz\/zpravy\/tiskovezpravy\/Nemovitostni-fond-Arete-Invest-ziskal-oceneni-Czech-Top-100-540495\n <\/a><\/p>","protected":false},"excerpt":{"rendered":"<p>&#13; Arete Invest, \u010desk\u00fd rychle rostouc\u00ed fond zam\u011b\u0159en\u00fd na investice v oblasti nemovitost\u00ed, z\u00edskal minul\u00fd t\u00fdden na slavnostn\u00edm ve\u010deru ve \u0160pan\u011blsk\u00e9m s\u00e1le Pra\u017esk\u00e9ho hradu presti\u017en\u00ed ocen\u011bn\u00ed Czech Top 100 \u2013 Zvl\u00e1\u0161tn\u00ed cenu za dynamick\u00e9 zhodnocen\u00ed kapit\u00e1lu a transparentnost v oblasti nemovitostn\u00edch investi\u010dn\u00edch fond\u016f. &#13; \u201eZvl\u00e1\u0161tn\u00ed ocen\u011bn\u00ed od Czech Top 100 jsme obdr\u017eeli ji\u017e loni, a to za inovace a transparentnost na \u010desk\u00e9m investi\u010dn\u00edm trhu. To, \u017ee jsme na\u0161i pozici obh\u00e1jili a z\u00edskali dal\u0161\u00ed ocen\u011bn\u00ed, kter\u00e9 ji\u017e odr\u00e1\u017e\u00ed i v\u00fdnosnost fondu, n\u00e1s opravdu t\u011b\u0161\u00ed a jsme na to velmi hrd\u00ed. B\u011bhem n\u011bkolika let fungov\u00e1n\u00ed se n\u00e1m toti\u017e poda\u0159ilo dos\u00e1hnout obrovsk\u00e9ho \u00fasp\u011bchu a za\u0159adit se po boku nejv\u011bt\u0161\u00edch \u010desk\u00fdch firem,\u201c uvedl Lubor Svoboda, spoluzakladatel a p\u0159edseda spr\u00e1vn\u00ed rady fondu Arete Invest. &#13; https:\/\/www.investujeme.cz\/tiskove-zpravy\/nemovitostni-fond-arete-invest-ziskal-oceneni-czech-top-100\/ &#13; https:\/\/www.parlamentnilisty.cz\/zpravy\/tiskovezpravy\/Nemovitostni-fond-Arete-Invest-ziskal-oceneni-Czech-Top-100-540495<\/p>\n","protected":false},"author":6,"featured_media":7593,"comment_status":"open","ping_status":"open","sticky":false,"template":"@@single-custom-post.php","format":"standard","meta":{"_acf_changed":false,"footnotes":""},"categories":[63],"tags":[],"class_list":["post-13755","post","type-post","status-publish","format-standard","has-post-thumbnail","hentry","category-praha-cs","investment-clanky-esg","news-novinky"],"acf":[],"rttpg_featured_image_url":{"full":["https:\/\/www.arete.eu\/wp-content\/uploads\/2017\/06\/news-award-1.webp",1000,667,false],"landscape":["https:\/\/www.arete.eu\/wp-content\/uploads\/2017\/06\/news-award-1.webp",1000,667,false],"portraits":["https:\/\/www.arete.eu\/wp-content\/uploads\/2017\/06\/news-award-1.webp",1000,667,false],"thumbnail":["https:\/\/www.arete.eu\/wp-content\/uploads\/2017\/06\/news-award-1-150x150.webp",150,150,true],"medium":["https:\/\/www.arete.eu\/wp-content\/uploads\/2017\/06\/news-award-1-300x200.webp",300,200,true],"large":["https:\/\/www.arete.eu\/wp-content\/uploads\/2017\/06\/news-award-1.webp",800,534,false],"1536x1536":["https:\/\/www.arete.eu\/wp-content\/uploads\/2017\/06\/news-award-1.webp",1000,667,false],"2048x2048":["https:\/\/www.arete.eu\/wp-content\/uploads\/2017\/06\/news-award-1.webp",1000,667,false]},"rttpg_author":{"display_name":"newadmin","author_link":"https:\/\/www.arete.eu\/cs\/author\/newadmin\/"},"rttpg_comment":0,"rttpg_category":"<a href=\"https:\/\/www.arete.eu\/cs\/category\/praha-cs\/\" rel=\"category tag\">Praha<\/a>","rttpg_excerpt":"&#13; Arete Invest, \u010desk\u00fd rychle rostouc\u00ed fond zam\u011b\u0159en\u00fd na investice v oblasti nemovitost\u00ed, z\u00edskal minul\u00fd t\u00fdden na slavnostn\u00edm ve\u010deru ve \u0160pan\u011blsk\u00e9m s\u00e1le Pra\u017esk\u00e9ho hradu presti\u017en\u00ed ocen\u011bn\u00ed Czech Top 100 \u2013 Zvl\u00e1\u0161tn\u00ed cenu za dynamick\u00e9 zhodnocen\u00ed kapit\u00e1lu a transparentnost v oblasti nemovitostn\u00edch investi\u010dn\u00edch fond\u016f. &#13; \u201eZvl\u00e1\u0161tn\u00ed ocen\u011bn\u00ed od Czech Top 100 jsme obdr\u017eeli ji\u017e loni, a&hellip;","_links":{"self":[{"href":"https:\/\/www.arete.eu\/cs\/wp-json\/wp\/v2\/posts\/13755","targetHints":{"allow":["GET"]}}],"collection":[{"href":"https:\/\/www.arete.eu\/cs\/wp-json\/wp\/v2\/posts"}],"about":[{"href":"https:\/\/www.arete.eu\/cs\/wp-json\/wp\/v2\/types\/post"}],"author":[{"embeddable":true,"href":"https:\/\/www.arete.eu\/cs\/wp-json\/wp\/v2\/users\/6"}],"replies":[{"embeddable":true,"href":"https:\/\/www.arete.eu\/cs\/wp-json\/wp\/v2\/comments?post=13755"}],"version-history":[{"count":1,"href":"https:\/\/www.arete.eu\/cs\/wp-json\/wp\/v2\/posts\/13755\/revisions"}],"predecessor-version":[{"id":13756,"href":"https:\/\/www.arete.eu\/cs\/wp-json\/wp\/v2\/posts\/13755\/revisions\/13756"}],"wp:featuredmedia":[{"embeddable":true,"href":"https:\/\/www.arete.eu\/cs\/wp-json\/wp\/v2\/media\/7593"}],"wp:attachment":[{"href":"https:\/\/www.arete.eu\/cs\/wp-json\/wp\/v2\/media?parent=13755"}],"wp:term":[{"taxonomy":"category","embeddable":true,"href":"https:\/\/www.arete.eu\/cs\/wp-json\/wp\/v2\/categories?post=13755"},{"taxonomy":"post_tag","embeddable":true,"href":"https:\/\/www.arete.eu\/cs\/wp-json\/wp\/v2\/tags?post=13755"}],"curies":[{"name":"wp","href":"https:\/\/api.w.org\/{rel}","templated":true}]}}