{"id":13749,"date":"2018-06-25T07:17:55","date_gmt":"2018-06-25T07:17:55","guid":{"rendered":"https:\/\/www.arete.eu\/fond-arete-invest-investuje-75-milionu-do-rozsireni-arealu-v-uherskem-hradisti-s-najemcem-prodlouzil-smlouvu-o-11-let\/"},"modified":"2025-03-04T04:40:24","modified_gmt":"2025-03-04T04:40:24","slug":"fond-arete-invest-investuje-75-milionu-do-rozsireni-arealu-v-uherskem-hradisti-s-najemcem-prodlouzil-smlouvu-o-11-let","status":"publish","type":"post","link":"https:\/\/www.arete.eu\/cs\/fond-arete-invest-investuje-75-milionu-do-rozsireni-arealu-v-uherskem-hradisti-s-najemcem-prodlouzil-smlouvu-o-11-let\/","title":{"rendered":"Fond Arete Invest investuje 75 milion\u016f do roz\u0161\u00ed\u0159en\u00ed are\u00e1lu v Uhersk\u00e9m Hradi\u0161ti, s n\u00e1jemcem prodlou\u017eil smlouvu o 11 let"},"content":{"rendered":"&#13;\n<p>Arete Invest, \u010desk\u00fd rychle rostouc\u00ed fond zam\u011b\u0159en\u00fd na investice v oblasti nemovitost\u00ed, uzav\u0159el v kv\u011btnu novou n\u00e1jemn\u00ed smlouvu se spole\u010dnost\u00ed Forschner, kter\u00e1 je platn\u00e1 do roku 2029. V\u00fdrobn\u00ed kapacity Forschner v Arete Parku Uhersk\u00e9 Hradi\u0161t\u011b se tak p\u0159\u00ed\u0161t\u00ed rok roz\u0161\u00ed\u0159\u00ed o dal\u0161\u00edch 5 000 m2 na celkem 12 300 m2 plochy. Celkov\u00e1 investice do nov\u00e9 v\u00fdstavby je odhadov\u00e1na na 75 milion\u016f korun.  <\/p>&#13;\n<p>\u201eJsme r\u00e1di, \u017ee m\u016f\u017eeme podpo\u0159it dal\u0161\u00ed rozvoj na\u0161eho n\u00e1jemce. D\u00edky roz\u0161\u00ed\u0159en\u00ed are\u00e1lu v Uhersk\u00e9m Hradi\u0161ti a v\u00fdrazn\u00e9mu prodlou\u017een\u00ed smlouvy doch\u00e1z\u00ed k dal\u0161\u00ed stabilizaci a nav\u00fd\u0161en\u00ed hodnoty portfolia na\u0161eho podfondu,\u201c \u0159ekl Tom\u00e1\u0161 Novotn\u00fd, \u010dlen investi\u010dn\u00edho v\u00fdboru Podfondu Arete Invest CEE II zodpov\u011bdn\u00fd za spr\u00e1vu aktiv.<\/p>&#13;\n<p><a href=\"https:\/\/www.investujeme.cz\/tiskove-zpravy\/fond-arete-invest-investuje-75-milionu-do-rozsireni-arealu-v-uherskem-hradisti-s-najemcem-prodlouzil-smlouvu-o-11-let\/\" target=\"_blank\" rel=\"noopener\">https:\/\/www.investujeme.cz\/tiskove-zpravy\/fond-arete-invest-investuje-75-milionu-do-rozsireni-arealu-v-uherskem-hradisti-s-najemcem-prodlouzil-smlouvu-o-11-let\/\n <\/a><\/p>&#13;\n<p><a href=\"https:\/\/www.systemylogistiky.cz\/2018\/06\/25\/fond-arete-invest-investuje-75-milionu-do-rozsireni-arealu-v-uherskem-hradisti\/\" target=\"_blank\" rel=\"noopener\">https:\/\/www.systemylogistiky.cz\/2018\/06\/25\/fond-arete-invest-investuje-75-milionu-do-rozsireni-arealu-v-uherskem-hradisti\/<\/a><\/p>","protected":false},"excerpt":{"rendered":"<p>&#13; Arete Invest, \u010desk\u00fd rychle rostouc\u00ed fond zam\u011b\u0159en\u00fd na investice v oblasti nemovitost\u00ed, uzav\u0159el v kv\u011btnu novou n\u00e1jemn\u00ed smlouvu se spole\u010dnost\u00ed Forschner, kter\u00e1 je platn\u00e1 do roku 2029. V\u00fdrobn\u00ed kapacity Forschner v Arete Parku Uhersk\u00e9 Hradi\u0161t\u011b se tak p\u0159\u00ed\u0161t\u00ed rok roz\u0161\u00ed\u0159\u00ed o dal\u0161\u00edch 5 000 m2 na celkem 12 300 m2 plochy. Celkov\u00e1 investice do nov\u00e9 v\u00fdstavby je odhadov\u00e1na na 75 milion\u016f korun. &#13; \u201eJsme r\u00e1di, \u017ee m\u016f\u017eeme podpo\u0159it dal\u0161\u00ed rozvoj na\u0161eho n\u00e1jemce. D\u00edky roz\u0161\u00ed\u0159en\u00ed are\u00e1lu v Uhersk\u00e9m Hradi\u0161ti a v\u00fdrazn\u00e9mu prodlou\u017een\u00ed smlouvy doch\u00e1z\u00ed k dal\u0161\u00ed stabilizaci a nav\u00fd\u0161en\u00ed hodnoty portfolia na\u0161eho podfondu,\u201c \u0159ekl Tom\u00e1\u0161 Novotn\u00fd, \u010dlen investi\u010dn\u00edho v\u00fdboru Podfondu Arete Invest CEE II zodpov\u011bdn\u00fd za spr\u00e1vu aktiv. &#13; https:\/\/www.investujeme.cz\/tiskove-zpravy\/fond-arete-invest-investuje-75-milionu-do-rozsireni-arealu-v-uherskem-hradisti-s-najemcem-prodlouzil-smlouvu-o-11-let\/ &#13; https:\/\/www.systemylogistiky.cz\/2018\/06\/25\/fond-arete-invest-investuje-75-milionu-do-rozsireni-arealu-v-uherskem-hradisti\/<\/p>\n","protected":false},"author":6,"featured_media":13750,"comment_status":"open","ping_status":"open","sticky":false,"template":"@@single-custom-post.php","format":"standard","meta":{"_acf_changed":false,"footnotes":""},"categories":[63,82],"tags":[],"class_list":["post-13749","post","type-post","status-publish","format-standard","has-post-thumbnail","hentry","category-praha-cs","category-uherske-hradiste-cs","investment-clanky-esg","news-novinky"],"acf":[],"rttpg_featured_image_url":{"full":["https:\/\/www.arete.eu\/wp-content\/uploads\/2025\/02\/small-arete-uherske-hradiste-028.webp",1200,750,false],"landscape":["https:\/\/www.arete.eu\/wp-content\/uploads\/2025\/02\/small-arete-uherske-hradiste-028.webp",1200,750,false],"portraits":["https:\/\/www.arete.eu\/wp-content\/uploads\/2025\/02\/small-arete-uherske-hradiste-028.webp",1200,750,false],"thumbnail":["https:\/\/www.arete.eu\/wp-content\/uploads\/2025\/02\/small-arete-uherske-hradiste-028-150x150.webp",150,150,true],"medium":["https:\/\/www.arete.eu\/wp-content\/uploads\/2025\/02\/small-arete-uherske-hradiste-028-300x188.webp",300,188,true],"large":["https:\/\/www.arete.eu\/wp-content\/uploads\/2025\/02\/small-arete-uherske-hradiste-028-1024x640.webp",800,500,true],"1536x1536":["https:\/\/www.arete.eu\/wp-content\/uploads\/2025\/02\/small-arete-uherske-hradiste-028.webp",1200,750,false],"2048x2048":["https:\/\/www.arete.eu\/wp-content\/uploads\/2025\/02\/small-arete-uherske-hradiste-028.webp",1200,750,false]},"rttpg_author":{"display_name":"newadmin","author_link":"https:\/\/www.arete.eu\/cs\/author\/newadmin\/"},"rttpg_comment":0,"rttpg_category":"<a href=\"https:\/\/www.arete.eu\/cs\/category\/praha-cs\/\" rel=\"category tag\">Praha<\/a> <a href=\"https:\/\/www.arete.eu\/cs\/category\/uherske-hradiste-cs\/\" rel=\"category tag\">Uhersk\u00e9 Hradi\u0161t\u011b<\/a>","rttpg_excerpt":"&#13; Arete Invest, \u010desk\u00fd rychle rostouc\u00ed fond zam\u011b\u0159en\u00fd na investice v oblasti nemovitost\u00ed, uzav\u0159el v kv\u011btnu novou n\u00e1jemn\u00ed smlouvu se spole\u010dnost\u00ed Forschner, kter\u00e1 je platn\u00e1 do roku 2029. V\u00fdrobn\u00ed kapacity Forschner v Arete Parku Uhersk\u00e9 Hradi\u0161t\u011b se tak p\u0159\u00ed\u0161t\u00ed rok roz\u0161\u00ed\u0159\u00ed o dal\u0161\u00edch 5 000 m2 na celkem 12 300 m2 plochy. Celkov\u00e1 investice do&hellip;","_links":{"self":[{"href":"https:\/\/www.arete.eu\/cs\/wp-json\/wp\/v2\/posts\/13749","targetHints":{"allow":["GET"]}}],"collection":[{"href":"https:\/\/www.arete.eu\/cs\/wp-json\/wp\/v2\/posts"}],"about":[{"href":"https:\/\/www.arete.eu\/cs\/wp-json\/wp\/v2\/types\/post"}],"author":[{"embeddable":true,"href":"https:\/\/www.arete.eu\/cs\/wp-json\/wp\/v2\/users\/6"}],"replies":[{"embeddable":true,"href":"https:\/\/www.arete.eu\/cs\/wp-json\/wp\/v2\/comments?post=13749"}],"version-history":[{"count":1,"href":"https:\/\/www.arete.eu\/cs\/wp-json\/wp\/v2\/posts\/13749\/revisions"}],"predecessor-version":[{"id":13751,"href":"https:\/\/www.arete.eu\/cs\/wp-json\/wp\/v2\/posts\/13749\/revisions\/13751"}],"wp:featuredmedia":[{"embeddable":true,"href":"https:\/\/www.arete.eu\/cs\/wp-json\/wp\/v2\/media\/13750"}],"wp:attachment":[{"href":"https:\/\/www.arete.eu\/cs\/wp-json\/wp\/v2\/media?parent=13749"}],"wp:term":[{"taxonomy":"category","embeddable":true,"href":"https:\/\/www.arete.eu\/cs\/wp-json\/wp\/v2\/categories?post=13749"},{"taxonomy":"post_tag","embeddable":true,"href":"https:\/\/www.arete.eu\/cs\/wp-json\/wp\/v2\/tags?post=13749"}],"curies":[{"name":"wp","href":"https:\/\/api.w.org\/{rel}","templated":true}]}}