{"id":13723,"date":"2018-08-27T06:54:40","date_gmt":"2018-08-27T06:54:40","guid":{"rendered":"https:\/\/www.arete.eu\/cesi-chcu-v-novom-meste-nad-vahom-investovat-vyse-26-milionov-pribudnu-stovky-pracovnych-miest\/"},"modified":"2025-03-03T12:53:46","modified_gmt":"2025-03-03T12:53:46","slug":"cesi-chcu-v-novom-meste-nad-vahom-investovat-vyse-26-milionov-pribudnu-stovky-pracovnych-miest","status":"publish","type":"post","link":"https:\/\/www.arete.eu\/cs\/cesi-chcu-v-novom-meste-nad-vahom-investovat-vyse-26-milionov-pribudnu-stovky-pracovnych-miest\/","title":{"rendered":"\u010cesi chc\u00fa v Novom Meste nad V\u00e1hom investova\u0165 vy\u0161e 26 mili\u00f3nov. Pribudn\u00fa stovky pracovn\u00fdch miest"},"content":{"rendered":"&#13;\n<p>\u010cesk\u00fd fond zameran\u00fd na invest\u00edcie vst\u00fapil na slovensk\u00fd trh len ned\u00e1vno a postupne sa roz\u0161iruje. Za rok a pol u n\u00e1s z\u00edskal priemyseln\u00fd park pri \u017diline, susediaci s automobilkou Kia, za 4,7 mili\u00f3na eur, a odk\u00fapenie priemyseln\u00e9ho a logistick\u00e9ho parku Prologis Park v Novom Meste nad V\u00e1hom patrilo v roku 2017 medzi najv\u00e4\u010d\u0161ie realitn\u00e9 obchody v priemyselnom sektore na Slovensku. <\/p>&#13;\n<p><a href=\"https:\/\/www.forbes.sk\/cesi-chcu-v-novom-meste-nad-vahom-investovat-vyse-26-milionov-pribudnu-stovky-pracovnych-miest\/#\" target=\"_blank\" rel=\"noopener\">https:\/\/www.forbes.sk\/cesi-chcu-v-novom-meste-nad-vahom-investovat-vyse-26-milionov-pribudnu-stovky-pracovnych-miest\/#<\/a><\/p>&#13;\n","protected":false},"excerpt":{"rendered":"<p>&#13; \u010cesk\u00fd fond zameran\u00fd na invest\u00edcie vst\u00fapil na slovensk\u00fd trh len ned\u00e1vno a postupne sa roz\u0161iruje. Za rok a pol u n\u00e1s z\u00edskal priemyseln\u00fd park pri \u017diline, susediaci s automobilkou Kia, za 4,7 mili\u00f3na eur, a odk\u00fapenie priemyseln\u00e9ho a logistick\u00e9ho parku Prologis Park v Novom Meste nad V\u00e1hom patrilo v roku 2017 medzi najv\u00e4\u010d\u0161ie realitn\u00e9 obchody v priemyselnom sektore na Slovensku. &#13; https:\/\/www.forbes.sk\/cesi-chcu-v-novom-meste-nad-vahom-investovat-vyse-26-milionov-pribudnu-stovky-pracovnych-miest\/# &#13;<\/p>\n","protected":false},"author":6,"featured_media":7730,"comment_status":"open","ping_status":"open","sticky":false,"template":"@@single-custom-post.php","format":"standard","meta":{"_acf_changed":false,"footnotes":""},"categories":[63,85],"tags":[],"class_list":["post-13723","post","type-post","status-publish","format-standard","has-post-thumbnail","hentry","category-praha-cs","category-zilina-cs","investment-clanky-esg","news-novinky"],"acf":[],"rttpg_featured_image_url":{"full":["https:\/\/www.arete.eu\/wp-content\/uploads\/2025\/01\/nos3876-fin-scaled.webp",2560,1673,false],"landscape":["https:\/\/www.arete.eu\/wp-content\/uploads\/2025\/01\/nos3876-fin-scaled.webp",2560,1673,false],"portraits":["https:\/\/www.arete.eu\/wp-content\/uploads\/2025\/01\/nos3876-fin-scaled.webp",2560,1673,false],"thumbnail":["https:\/\/www.arete.eu\/wp-content\/uploads\/2025\/01\/nos3876-fin-150x150.webp",150,150,true],"medium":["https:\/\/www.arete.eu\/wp-content\/uploads\/2025\/01\/nos3876-fin-300x196.webp",300,196,true],"large":["https:\/\/www.arete.eu\/wp-content\/uploads\/2025\/01\/nos3876-fin-1024x669.webp",800,523,true],"1536x1536":["https:\/\/www.arete.eu\/wp-content\/uploads\/2025\/01\/nos3876-fin-1536x1004.webp",1536,1004,true],"2048x2048":["https:\/\/www.arete.eu\/wp-content\/uploads\/2025\/01\/nos3876-fin-2048x1338.webp",2048,1338,true]},"rttpg_author":{"display_name":"newadmin","author_link":"https:\/\/www.arete.eu\/cs\/author\/newadmin\/"},"rttpg_comment":0,"rttpg_category":"<a href=\"https:\/\/www.arete.eu\/cs\/category\/praha-cs\/\" rel=\"category tag\">Praha<\/a> <a href=\"https:\/\/www.arete.eu\/cs\/category\/zilina-cs\/\" rel=\"category tag\">\u017dilina<\/a>","rttpg_excerpt":"&#13; \u010cesk\u00fd fond zameran\u00fd na invest\u00edcie vst\u00fapil na slovensk\u00fd trh len ned\u00e1vno a postupne sa roz\u0161iruje. Za rok a pol u n\u00e1s z\u00edskal priemyseln\u00fd park pri \u017diline, susediaci s automobilkou Kia, za 4,7 mili\u00f3na eur, a odk\u00fapenie priemyseln\u00e9ho a logistick\u00e9ho parku Prologis Park v Novom Meste nad V\u00e1hom patrilo v roku 2017 medzi najv\u00e4\u010d\u0161ie realitn\u00e9&hellip;","_links":{"self":[{"href":"https:\/\/www.arete.eu\/cs\/wp-json\/wp\/v2\/posts\/13723","targetHints":{"allow":["GET"]}}],"collection":[{"href":"https:\/\/www.arete.eu\/cs\/wp-json\/wp\/v2\/posts"}],"about":[{"href":"https:\/\/www.arete.eu\/cs\/wp-json\/wp\/v2\/types\/post"}],"author":[{"embeddable":true,"href":"https:\/\/www.arete.eu\/cs\/wp-json\/wp\/v2\/users\/6"}],"replies":[{"embeddable":true,"href":"https:\/\/www.arete.eu\/cs\/wp-json\/wp\/v2\/comments?post=13723"}],"version-history":[{"count":1,"href":"https:\/\/www.arete.eu\/cs\/wp-json\/wp\/v2\/posts\/13723\/revisions"}],"predecessor-version":[{"id":13724,"href":"https:\/\/www.arete.eu\/cs\/wp-json\/wp\/v2\/posts\/13723\/revisions\/13724"}],"wp:featuredmedia":[{"embeddable":true,"href":"https:\/\/www.arete.eu\/cs\/wp-json\/wp\/v2\/media\/7730"}],"wp:attachment":[{"href":"https:\/\/www.arete.eu\/cs\/wp-json\/wp\/v2\/media?parent=13723"}],"wp:term":[{"taxonomy":"category","embeddable":true,"href":"https:\/\/www.arete.eu\/cs\/wp-json\/wp\/v2\/categories?post=13723"},{"taxonomy":"post_tag","embeddable":true,"href":"https:\/\/www.arete.eu\/cs\/wp-json\/wp\/v2\/tags?post=13723"}],"curies":[{"name":"wp","href":"https:\/\/api.w.org\/{rel}","templated":true}]}}