{"id":13708,"date":"2019-03-22T06:38:19","date_gmt":"2019-03-22T06:38:19","guid":{"rendered":"https:\/\/www.arete.eu\/arete-invest-a-ey-spolecne-usporadali-konferenci-pro-investory\/"},"modified":"2025-03-03T12:41:12","modified_gmt":"2025-03-03T12:41:12","slug":"arete-invest-a-ey-spolecne-usporadali-konferenci-pro-investory","status":"publish","type":"post","link":"https:\/\/www.arete.eu\/cs\/arete-invest-a-ey-spolecne-usporadali-konferenci-pro-investory\/","title":{"rendered":"Arete Invest a EY spole\u010dn\u011b uspo\u0159\u00e1dali konferenci pro investory"},"content":{"rendered":"&#13;\n<p>V s\u00eddle spole\u010dnosti\u00a0 EY se konala konference pro investory,\u00a0 jej\u00ed\u017e partnerem je investi\u010dn\u00ed fond Arete. Hlavn\u00edm t\u00e9matem bylo \u201eFinancov\u00e1n\u00ed a n\u00e1klady na investi\u010dn\u00ed kapit\u00e1l\u201c, kter\u00e9 diskutoval Robert Ides, spoluzakladatel Arete Invest spolu s partnery ve spole\u010dnosti EY Davidem Zl\u00e1malem a Luci\u00ed \u0158\u00edhovou a dal\u0161\u00edmi experty na kapit\u00e1l a dluhov\u00e9 a da\u0148ov\u00e9 poradenstv\u00ed. <br\/> <\/p>&#13;\n<p>\u201eMysl\u00edm, \u017ee jsme \u00fasp\u011b\u0161n\u011b nav\u00e1zali na lo\u0148skou akci a zalo\u017eili tak tradici v po\u0159\u00e1d\u00e1n\u00ed odborn\u00e9 konference, kter\u00e1 aplikuje glob\u00e1ln\u00ed pohled na vliv v\u00fdvoje a odhad chov\u00e1n\u00ed trhu v \u010cR. Velice otev\u0159en\u00e1 diskuse s c\u00edlem nab\u00eddnout erudovan\u00fd n\u00e1zor na realitn\u00ed trh a r\u016fzn\u00e9 finan\u010dn\u00ed instrumenty je asi to, co \u00fa\u010dastn\u00edci nejv\u00edce oce\u0148uj\u00ed, a v\u011b\u0159\u00edme, \u017ee i nad\u00e1le ocen\u00ed,\u201c \u0159ekl Robert Ides, spoluzakladatel investi\u010dn\u00edho fondu Arete Invest. <\/p>&#13;\n<p><a href=\"https:\/\/finparada.cz\/zprava_banka.aspx?ID=17600\">https:\/\/finparada.cz\/zprava_banka.aspx?ID=17600<\/a><\/p>","protected":false},"excerpt":{"rendered":"<p>&#13; V s\u00eddle spole\u010dnosti\u00a0 EY se konala konference pro investory,\u00a0 jej\u00ed\u017e partnerem je investi\u010dn\u00ed fond Arete. Hlavn\u00edm t\u00e9matem bylo \u201eFinancov\u00e1n\u00ed a n\u00e1klady na investi\u010dn\u00ed kapit\u00e1l\u201c, kter\u00e9 diskutoval Robert Ides, spoluzakladatel Arete Invest spolu s partnery ve spole\u010dnosti EY Davidem Zl\u00e1malem a Luci\u00ed \u0158\u00edhovou a dal\u0161\u00edmi experty na kapit\u00e1l a dluhov\u00e9 a da\u0148ov\u00e9 poradenstv\u00ed. &#13; \u201eMysl\u00edm, \u017ee jsme \u00fasp\u011b\u0161n\u011b nav\u00e1zali na lo\u0148skou akci a zalo\u017eili tak tradici v po\u0159\u00e1d\u00e1n\u00ed odborn\u00e9 konference, kter\u00e1 aplikuje glob\u00e1ln\u00ed pohled na vliv v\u00fdvoje a odhad chov\u00e1n\u00ed trhu v \u010cR. Velice otev\u0159en\u00e1 diskuse s c\u00edlem nab\u00eddnout erudovan\u00fd n\u00e1zor na realitn\u00ed trh a r\u016fzn\u00e9 finan\u010dn\u00ed instrumenty je asi to, co \u00fa\u010dastn\u00edci nejv\u00edce oce\u0148uj\u00ed, a v\u011b\u0159\u00edme, \u017ee i nad\u00e1le ocen\u00ed,\u201c \u0159ekl Robert Ides, spoluzakladatel investi\u010dn\u00edho fondu Arete Invest. &#13; https:\/\/finparada.cz\/zprava_banka.aspx?ID=17600<\/p>\n","protected":false},"author":6,"featured_media":13709,"comment_status":"open","ping_status":"open","sticky":false,"template":"@@single-custom-post.php","format":"standard","meta":{"_acf_changed":false,"footnotes":""},"categories":[63],"tags":[],"class_list":["post-13708","post","type-post","status-publish","format-standard","has-post-thumbnail","hentry","category-praha-cs","investment-clanky-esg","news-tiskove-zpravy"],"acf":[],"rttpg_featured_image_url":{"full":["https:\/\/www.arete.eu\/wp-content\/uploads\/2025\/02\/stazeny-soubor.webp",219,230,false],"landscape":["https:\/\/www.arete.eu\/wp-content\/uploads\/2025\/02\/stazeny-soubor.webp",219,230,false],"portraits":["https:\/\/www.arete.eu\/wp-content\/uploads\/2025\/02\/stazeny-soubor.webp",219,230,false],"thumbnail":["https:\/\/www.arete.eu\/wp-content\/uploads\/2025\/02\/stazeny-soubor-150x150.webp",150,150,true],"medium":["https:\/\/www.arete.eu\/wp-content\/uploads\/2025\/02\/stazeny-soubor.webp",219,230,false],"large":["https:\/\/www.arete.eu\/wp-content\/uploads\/2025\/02\/stazeny-soubor.webp",219,230,false],"1536x1536":["https:\/\/www.arete.eu\/wp-content\/uploads\/2025\/02\/stazeny-soubor.webp",219,230,false],"2048x2048":["https:\/\/www.arete.eu\/wp-content\/uploads\/2025\/02\/stazeny-soubor.webp",219,230,false]},"rttpg_author":{"display_name":"newadmin","author_link":"https:\/\/www.arete.eu\/cs\/author\/newadmin\/"},"rttpg_comment":0,"rttpg_category":"<a href=\"https:\/\/www.arete.eu\/cs\/category\/praha-cs\/\" rel=\"category tag\">Praha<\/a>","rttpg_excerpt":"&#13; V s\u00eddle spole\u010dnosti\u00a0 EY se konala konference pro investory,\u00a0 jej\u00ed\u017e partnerem je investi\u010dn\u00ed fond Arete. Hlavn\u00edm t\u00e9matem bylo \u201eFinancov\u00e1n\u00ed a n\u00e1klady na investi\u010dn\u00ed kapit\u00e1l\u201c, kter\u00e9 diskutoval Robert Ides, spoluzakladatel Arete Invest spolu s partnery ve spole\u010dnosti EY Davidem Zl\u00e1malem a Luci\u00ed \u0158\u00edhovou a dal\u0161\u00edmi experty na kapit\u00e1l a dluhov\u00e9 a da\u0148ov\u00e9 poradenstv\u00ed. &#13; \u201eMysl\u00edm,&hellip;","_links":{"self":[{"href":"https:\/\/www.arete.eu\/cs\/wp-json\/wp\/v2\/posts\/13708","targetHints":{"allow":["GET"]}}],"collection":[{"href":"https:\/\/www.arete.eu\/cs\/wp-json\/wp\/v2\/posts"}],"about":[{"href":"https:\/\/www.arete.eu\/cs\/wp-json\/wp\/v2\/types\/post"}],"author":[{"embeddable":true,"href":"https:\/\/www.arete.eu\/cs\/wp-json\/wp\/v2\/users\/6"}],"replies":[{"embeddable":true,"href":"https:\/\/www.arete.eu\/cs\/wp-json\/wp\/v2\/comments?post=13708"}],"version-history":[{"count":1,"href":"https:\/\/www.arete.eu\/cs\/wp-json\/wp\/v2\/posts\/13708\/revisions"}],"predecessor-version":[{"id":13710,"href":"https:\/\/www.arete.eu\/cs\/wp-json\/wp\/v2\/posts\/13708\/revisions\/13710"}],"wp:featuredmedia":[{"embeddable":true,"href":"https:\/\/www.arete.eu\/cs\/wp-json\/wp\/v2\/media\/13709"}],"wp:attachment":[{"href":"https:\/\/www.arete.eu\/cs\/wp-json\/wp\/v2\/media?parent=13708"}],"wp:term":[{"taxonomy":"category","embeddable":true,"href":"https:\/\/www.arete.eu\/cs\/wp-json\/wp\/v2\/categories?post=13708"},{"taxonomy":"post_tag","embeddable":true,"href":"https:\/\/www.arete.eu\/cs\/wp-json\/wp\/v2\/tags?post=13708"}],"curies":[{"name":"wp","href":"https:\/\/api.w.org\/{rel}","templated":true}]}}