{"id":13681,"date":"2019-11-21T06:24:06","date_gmt":"2019-11-21T06:24:06","guid":{"rendered":"https:\/\/www.arete.eu\/skupina-arete-stavi-u-kosic-novy-vyrobni-areal-pro-predniho-evropskeho-vyrobce-ocelovych-kominu\/"},"modified":"2025-03-03T11:57:40","modified_gmt":"2025-03-03T11:57:40","slug":"skupina-arete-stavi-u-kosic-novy-vyrobni-areal-pro-predniho-evropskeho-vyrobce-ocelovych-kominu","status":"publish","type":"post","link":"https:\/\/www.arete.eu\/cs\/skupina-arete-stavi-u-kosic-novy-vyrobni-areal-pro-predniho-evropskeho-vyrobce-ocelovych-kominu\/","title":{"rendered":"Skupina Arete stav\u00ed u Ko\u0161ic nov\u00fd v\u00fdrobn\u00ed are\u00e1l pro p\u0159edn\u00edho evropsk\u00e9ho v\u00fdrobce ocelov\u00fdch kom\u00edn\u016f"},"content":{"rendered":"&#13;\n<p>Arete Epsilon SK, \u010dlen realitn\u00ed investi\u010dn\u00ed skupiny Arete, dokon\u010dil za\u010d\u00e1tkem listopadu akvizici pozemk\u016f v pr\u016fmyslov\u00e9m parku ve Ve\u013ekej Ide na hranici m\u011bsta Ko\u0161ice, krajsk\u00e9ho m\u011bsta regionu v\u00fdchodn\u00edho Slovenska. Tento pr\u016fmyslov\u00fd park umo\u017e\u0148uj\u00edc\u00ed investor\u016fm \u010derpat st\u00e1tn\u00ed dotace je dlouhodob\u011b velmi atraktivn\u00ed pro mezin\u00e1rodn\u00ed v\u00fdrobn\u00ed spole\u010dnosti. <\/p>&#13;\n<p>Skupina Arete zah\u00e1jila kr\u00e1tce po akvizici v\u00fdstavbu nov\u00e9 v\u00fdrobn\u00ed haly pro d\u00e1nskou spole\u010dnost Steelcon Slovakia. V\u00fdrobu ocelov\u00fdch pr\u016fmyslov\u00fdch kom\u00edn\u016f p\u0159edev\u0161\u00edm pro export by m\u011bla zah\u00e1jit b\u011bhem druh\u00e9 poloviny roku 2020. Tato vysoce p\u0159izp\u016fsoben\u00e1 v\u00fdrobn\u00ed hala v hodnot\u011b t\u00e9m\u011b\u0159 13 milion\u016f EUR potvrzuje atraktivitu slovensk\u00e9ho investi\u010dn\u00edho trhu.  <\/p>&#13;\n<p>Po dokon\u010den\u00ed haly roz\u0161\u00ed\u0159\u00ed skupina Arete svou p\u0159\u00edtomnost na slovensk\u00e9m trhu a roz\u0161\u00ed\u0159\u00ed sv\u00e9 portfolio v\u00fdrobn\u00edch a logistick\u00fdch nemovitost\u00ed na celkem 125 600 m2. \u201eSteelcon Slovakia je pro n\u00e1s velmi renomovan\u00fdm a stabiln\u00edm partnerem, kter\u00fd ch\u00e1pe v\u00fdhody slovensk\u00e9ho trhu a sv\u00e9 rozhodnut\u00ed z\u016fstat v regionu minim\u00e1ln\u011b dal\u0161\u00edch 15 let pova\u017euje za velmi strategick\u00e9,\u201c \u0159\u00edk\u00e1 Tom\u00e1\u0161 Novotn\u00fd zodpov\u011bdn\u00fd za strategick\u00fd rozvoj a spr\u00e1vu aktiv ve skupin\u011b Arete. <\/p>","protected":false},"excerpt":{"rendered":"<p>&#13; Arete Epsilon SK, \u010dlen realitn\u00ed investi\u010dn\u00ed skupiny Arete, dokon\u010dil za\u010d\u00e1tkem listopadu akvizici pozemk\u016f v pr\u016fmyslov\u00e9m parku ve Ve\u013ekej Ide na hranici m\u011bsta Ko\u0161ice, krajsk\u00e9ho m\u011bsta regionu v\u00fdchodn\u00edho Slovenska. Tento pr\u016fmyslov\u00fd park umo\u017e\u0148uj\u00edc\u00ed investor\u016fm \u010derpat st\u00e1tn\u00ed dotace je dlouhodob\u011b velmi atraktivn\u00ed pro mezin\u00e1rodn\u00ed v\u00fdrobn\u00ed spole\u010dnosti. &#13; Skupina Arete zah\u00e1jila kr\u00e1tce po akvizici v\u00fdstavbu nov\u00e9 v\u00fdrobn\u00ed haly pro d\u00e1nskou spole\u010dnost Steelcon Slovakia. V\u00fdrobu ocelov\u00fdch pr\u016fmyslov\u00fdch kom\u00edn\u016f p\u0159edev\u0161\u00edm pro export by m\u011bla zah\u00e1jit b\u011bhem druh\u00e9 poloviny roku 2020. Tato vysoce p\u0159izp\u016fsoben\u00e1 v\u00fdrobn\u00ed hala v hodnot\u011b t\u00e9m\u011b\u0159 13 milion\u016f EUR potvrzuje atraktivitu slovensk\u00e9ho investi\u010dn\u00edho trhu. &#13; Po dokon\u010den\u00ed haly roz\u0161\u00ed\u0159\u00ed skupina Arete svou p\u0159\u00edtomnost na slovensk\u00e9m trhu a roz\u0161\u00ed\u0159\u00ed sv\u00e9 portfolio v\u00fdrobn\u00edch a logistick\u00fdch nemovitost\u00ed na celkem 125 600 m2. \u201eSteelcon Slovakia je pro n\u00e1s velmi renomovan\u00fdm a stabiln\u00edm partnerem, kter\u00fd ch\u00e1pe v\u00fdhody slovensk\u00e9ho trhu a sv\u00e9 rozhodnut\u00ed z\u016fstat v regionu minim\u00e1ln\u011b dal\u0161\u00edch 15 let pova\u017euje za velmi strategick\u00e9,\u201c \u0159\u00edk\u00e1 Tom\u00e1\u0161 Novotn\u00fd zodpov\u011bdn\u00fd za strategick\u00fd rozvoj a spr\u00e1vu aktiv ve skupin\u011b Arete.<\/p>\n","protected":false},"author":6,"featured_media":13682,"comment_status":"open","ping_status":"open","sticky":false,"template":"@@single-custom-post.php","format":"standard","meta":{"_acf_changed":false,"footnotes":""},"categories":[63,83],"tags":[],"class_list":["post-13681","post","type-post","status-publish","format-standard","has-post-thumbnail","hentry","category-praha-cs","category-velka-ida-cs","investment-clanky-esg","news-novinky"],"acf":[],"rttpg_featured_image_url":{"full":["https:\/\/www.arete.eu\/wp-content\/uploads\/2025\/02\/arete-velka-ida-079.webp",1200,750,false],"landscape":["https:\/\/www.arete.eu\/wp-content\/uploads\/2025\/02\/arete-velka-ida-079.webp",1200,750,false],"portraits":["https:\/\/www.arete.eu\/wp-content\/uploads\/2025\/02\/arete-velka-ida-079.webp",1200,750,false],"thumbnail":["https:\/\/www.arete.eu\/wp-content\/uploads\/2025\/02\/arete-velka-ida-079-150x150.webp",150,150,true],"medium":["https:\/\/www.arete.eu\/wp-content\/uploads\/2025\/02\/arete-velka-ida-079-300x188.webp",300,188,true],"large":["https:\/\/www.arete.eu\/wp-content\/uploads\/2025\/02\/arete-velka-ida-079-1024x640.webp",800,500,true],"1536x1536":["https:\/\/www.arete.eu\/wp-content\/uploads\/2025\/02\/arete-velka-ida-079.webp",1200,750,false],"2048x2048":["https:\/\/www.arete.eu\/wp-content\/uploads\/2025\/02\/arete-velka-ida-079.webp",1200,750,false]},"rttpg_author":{"display_name":"newadmin","author_link":"https:\/\/www.arete.eu\/cs\/author\/newadmin\/"},"rttpg_comment":0,"rttpg_category":"<a href=\"https:\/\/www.arete.eu\/cs\/category\/praha-cs\/\" rel=\"category tag\">Praha<\/a> <a href=\"https:\/\/www.arete.eu\/cs\/category\/velka-ida-cs\/\" rel=\"category tag\">Ve\u013ek\u00e1 Ida<\/a>","rttpg_excerpt":"&#13; Arete Epsilon SK, \u010dlen realitn\u00ed investi\u010dn\u00ed skupiny Arete, dokon\u010dil za\u010d\u00e1tkem listopadu akvizici pozemk\u016f v pr\u016fmyslov\u00e9m parku ve Ve\u013ekej Ide na hranici m\u011bsta Ko\u0161ice, krajsk\u00e9ho m\u011bsta regionu v\u00fdchodn\u00edho Slovenska. Tento pr\u016fmyslov\u00fd park umo\u017e\u0148uj\u00edc\u00ed investor\u016fm \u010derpat st\u00e1tn\u00ed dotace je dlouhodob\u011b velmi atraktivn\u00ed pro mezin\u00e1rodn\u00ed v\u00fdrobn\u00ed spole\u010dnosti. &#13; Skupina Arete zah\u00e1jila kr\u00e1tce po akvizici v\u00fdstavbu nov\u00e9 v\u00fdrobn\u00ed&hellip;","_links":{"self":[{"href":"https:\/\/www.arete.eu\/cs\/wp-json\/wp\/v2\/posts\/13681","targetHints":{"allow":["GET"]}}],"collection":[{"href":"https:\/\/www.arete.eu\/cs\/wp-json\/wp\/v2\/posts"}],"about":[{"href":"https:\/\/www.arete.eu\/cs\/wp-json\/wp\/v2\/types\/post"}],"author":[{"embeddable":true,"href":"https:\/\/www.arete.eu\/cs\/wp-json\/wp\/v2\/users\/6"}],"replies":[{"embeddable":true,"href":"https:\/\/www.arete.eu\/cs\/wp-json\/wp\/v2\/comments?post=13681"}],"version-history":[{"count":1,"href":"https:\/\/www.arete.eu\/cs\/wp-json\/wp\/v2\/posts\/13681\/revisions"}],"predecessor-version":[{"id":13683,"href":"https:\/\/www.arete.eu\/cs\/wp-json\/wp\/v2\/posts\/13681\/revisions\/13683"}],"wp:featuredmedia":[{"embeddable":true,"href":"https:\/\/www.arete.eu\/cs\/wp-json\/wp\/v2\/media\/13682"}],"wp:attachment":[{"href":"https:\/\/www.arete.eu\/cs\/wp-json\/wp\/v2\/media?parent=13681"}],"wp:term":[{"taxonomy":"category","embeddable":true,"href":"https:\/\/www.arete.eu\/cs\/wp-json\/wp\/v2\/categories?post=13681"},{"taxonomy":"post_tag","embeddable":true,"href":"https:\/\/www.arete.eu\/cs\/wp-json\/wp\/v2\/tags?post=13681"}],"curies":[{"name":"wp","href":"https:\/\/api.w.org\/{rel}","templated":true}]}}