{"id":13666,"date":"2020-04-14T05:51:46","date_gmt":"2020-04-14T05:51:46","guid":{"rendered":"https:\/\/www.arete.eu\/prilezitosti-pro-investice-do-komercnich-nemovitosti-pribude-roste-poptavka-po-skladech-rika-lubor-svoboda-z-arete\/"},"modified":"2025-03-03T11:25:15","modified_gmt":"2025-03-03T11:25:15","slug":"prilezitosti-pro-investice-do-komercnich-nemovitosti-pribude-roste-poptavka-po-skladech-rika-lubor-svoboda-z-arete","status":"publish","type":"post","link":"https:\/\/www.arete.eu\/cs\/prilezitosti-pro-investice-do-komercnich-nemovitosti-pribude-roste-poptavka-po-skladech-rika-lubor-svoboda-z-arete\/","title":{"rendered":"P\u0159\u00edle\u017eitost\u00ed pro investice do komer\u010dn\u00edch nemovitost\u00ed p\u0159ibude. Roste popt\u00e1vka po skladech, \u0159\u00edk\u00e1 Lubor Svoboda z Arete"},"content":{"rendered":"&#13;\n<p>Pra\u017esk\u00e1 investi\u010dn\u00ed a nemovitostn\u00ed skupina Arete letos spou\u0161t\u00ed u\u017e t\u0159et\u00ed specializovan\u00fd fond, zam\u011b\u0159en\u00fd na zhodnocov\u00e1n\u00ed pen\u011bz prost\u0159ednictv\u00edm komer\u010dn\u00edch nemovitost\u00ed \u2212 hlavn\u011b pr\u016fmyslov\u00fdch a logistick\u00fdch park\u016f a v\u00fdrobn\u00edch are\u00e1l\u016f. Spoluzakladatel Arete Lubor Svoboda \u0159\u00edk\u00e1 v rozhovoru pro HN, \u017ee hospod\u00e1\u0159sk\u00e9 oslaben\u00ed, zp\u016fsoben\u00e9 epidemi\u00ed koronaviru, m\u016f\u017ee sn\u00ed\u017eit ceny n\u011bkter\u00fdch nemovitost\u00ed a vytvo\u0159it nov\u00e9 investi\u010dn\u00ed p\u0159\u00edle\u017eitosti. &#8222;Jsme p\u0159ipraveni nakupovat,&#8220; \u0159\u00edk\u00e1. Fond\u016fm Arete tak\u00e9 pom\u00e1h\u00e1, \u017ee roste popt\u00e1vka po skladech a logistick\u00fdch are\u00e1lech ze strany on\u00ad-line obchod\u016f a dal\u0161\u00edch firem.    <\/p>&#13;\n<p>Cel\u00fd \u010dl\u00e1nek:<a href=\"https:\/\/archiv.ihned.cz\/c7-66749690-ol906-e45489ee131143f\" target=\"_blank\" rel=\"noopener\"> https:\/\/archiv.ihned.cz\/c7-66749690-ol906-e45489ee131143f<\/a><\/p>","protected":false},"excerpt":{"rendered":"<p>&#13; Pra\u017esk\u00e1 investi\u010dn\u00ed a nemovitostn\u00ed skupina Arete letos spou\u0161t\u00ed u\u017e t\u0159et\u00ed specializovan\u00fd fond, zam\u011b\u0159en\u00fd na zhodnocov\u00e1n\u00ed pen\u011bz prost\u0159ednictv\u00edm komer\u010dn\u00edch nemovitost\u00ed \u2212 hlavn\u011b pr\u016fmyslov\u00fdch a logistick\u00fdch park\u016f a v\u00fdrobn\u00edch are\u00e1l\u016f. Spoluzakladatel Arete Lubor Svoboda \u0159\u00edk\u00e1 v rozhovoru pro HN, \u017ee hospod\u00e1\u0159sk\u00e9 oslaben\u00ed, zp\u016fsoben\u00e9 epidemi\u00ed koronaviru, m\u016f\u017ee sn\u00ed\u017eit ceny n\u011bkter\u00fdch nemovitost\u00ed a vytvo\u0159it nov\u00e9 investi\u010dn\u00ed p\u0159\u00edle\u017eitosti. &#8222;Jsme p\u0159ipraveni nakupovat,&#8220; \u0159\u00edk\u00e1. Fond\u016fm Arete tak\u00e9 pom\u00e1h\u00e1, \u017ee roste popt\u00e1vka po skladech a logistick\u00fdch are\u00e1lech ze strany on\u00ad-line obchod\u016f a dal\u0161\u00edch firem. &#13; Cel\u00fd \u010dl\u00e1nek: https:\/\/archiv.ihned.cz\/c7-66749690-ol906-e45489ee131143f<\/p>\n","protected":false},"author":6,"featured_media":13667,"comment_status":"open","ping_status":"open","sticky":false,"template":"@@single-custom-post.php","format":"standard","meta":{"_acf_changed":false,"footnotes":""},"categories":[63],"tags":[],"class_list":["post-13666","post","type-post","status-publish","format-standard","has-post-thumbnail","hentry","category-praha-cs","investment-clanky-esg","news-rozhovory"],"acf":[],"rttpg_featured_image_url":{"full":["https:\/\/www.arete.eu\/wp-content\/uploads\/2025\/02\/jarvis-5e94a39a498e75f6a447b95b.webp",1280,720,false],"landscape":["https:\/\/www.arete.eu\/wp-content\/uploads\/2025\/02\/jarvis-5e94a39a498e75f6a447b95b.webp",1280,720,false],"portraits":["https:\/\/www.arete.eu\/wp-content\/uploads\/2025\/02\/jarvis-5e94a39a498e75f6a447b95b.webp",1280,720,false],"thumbnail":["https:\/\/www.arete.eu\/wp-content\/uploads\/2025\/02\/jarvis-5e94a39a498e75f6a447b95b-150x150.webp",150,150,true],"medium":["https:\/\/www.arete.eu\/wp-content\/uploads\/2025\/02\/jarvis-5e94a39a498e75f6a447b95b-300x169.webp",300,169,true],"large":["https:\/\/www.arete.eu\/wp-content\/uploads\/2025\/02\/jarvis-5e94a39a498e75f6a447b95b-1024x576.webp",800,450,true],"1536x1536":["https:\/\/www.arete.eu\/wp-content\/uploads\/2025\/02\/jarvis-5e94a39a498e75f6a447b95b.webp",1280,720,false],"2048x2048":["https:\/\/www.arete.eu\/wp-content\/uploads\/2025\/02\/jarvis-5e94a39a498e75f6a447b95b.webp",1280,720,false]},"rttpg_author":{"display_name":"newadmin","author_link":"https:\/\/www.arete.eu\/cs\/author\/newadmin\/"},"rttpg_comment":0,"rttpg_category":"<a href=\"https:\/\/www.arete.eu\/cs\/category\/praha-cs\/\" rel=\"category tag\">Praha<\/a>","rttpg_excerpt":"&#13; Pra\u017esk\u00e1 investi\u010dn\u00ed a nemovitostn\u00ed skupina Arete letos spou\u0161t\u00ed u\u017e t\u0159et\u00ed specializovan\u00fd fond, zam\u011b\u0159en\u00fd na zhodnocov\u00e1n\u00ed pen\u011bz prost\u0159ednictv\u00edm komer\u010dn\u00edch nemovitost\u00ed \u2212 hlavn\u011b pr\u016fmyslov\u00fdch a logistick\u00fdch park\u016f a v\u00fdrobn\u00edch are\u00e1l\u016f. Spoluzakladatel Arete Lubor Svoboda \u0159\u00edk\u00e1 v rozhovoru pro HN, \u017ee hospod\u00e1\u0159sk\u00e9 oslaben\u00ed, zp\u016fsoben\u00e9 epidemi\u00ed koronaviru, m\u016f\u017ee sn\u00ed\u017eit ceny n\u011bkter\u00fdch nemovitost\u00ed a vytvo\u0159it nov\u00e9 investi\u010dn\u00ed p\u0159\u00edle\u017eitosti. &#8222;Jsme&hellip;","_links":{"self":[{"href":"https:\/\/www.arete.eu\/cs\/wp-json\/wp\/v2\/posts\/13666","targetHints":{"allow":["GET"]}}],"collection":[{"href":"https:\/\/www.arete.eu\/cs\/wp-json\/wp\/v2\/posts"}],"about":[{"href":"https:\/\/www.arete.eu\/cs\/wp-json\/wp\/v2\/types\/post"}],"author":[{"embeddable":true,"href":"https:\/\/www.arete.eu\/cs\/wp-json\/wp\/v2\/users\/6"}],"replies":[{"embeddable":true,"href":"https:\/\/www.arete.eu\/cs\/wp-json\/wp\/v2\/comments?post=13666"}],"version-history":[{"count":1,"href":"https:\/\/www.arete.eu\/cs\/wp-json\/wp\/v2\/posts\/13666\/revisions"}],"predecessor-version":[{"id":13668,"href":"https:\/\/www.arete.eu\/cs\/wp-json\/wp\/v2\/posts\/13666\/revisions\/13668"}],"wp:featuredmedia":[{"embeddable":true,"href":"https:\/\/www.arete.eu\/cs\/wp-json\/wp\/v2\/media\/13667"}],"wp:attachment":[{"href":"https:\/\/www.arete.eu\/cs\/wp-json\/wp\/v2\/media?parent=13666"}],"wp:term":[{"taxonomy":"category","embeddable":true,"href":"https:\/\/www.arete.eu\/cs\/wp-json\/wp\/v2\/categories?post=13666"},{"taxonomy":"post_tag","embeddable":true,"href":"https:\/\/www.arete.eu\/cs\/wp-json\/wp\/v2\/tags?post=13666"}],"curies":[{"name":"wp","href":"https:\/\/api.w.org\/{rel}","templated":true}]}}