{"id":13657,"date":"2020-05-15T05:21:20","date_gmt":"2020-05-15T05:21:20","guid":{"rendered":"https:\/\/www.arete.eu\/jak-koronavirus-ovlivnil-poptavku-po-nemovitostech\/"},"modified":"2025-03-03T11:10:24","modified_gmt":"2025-03-03T11:10:24","slug":"jak-koronavirus-ovlivnil-poptavku-po-nemovitostech","status":"publish","type":"post","link":"https:\/\/www.arete.eu\/cs\/jak-koronavirus-ovlivnil-poptavku-po-nemovitostech\/","title":{"rendered":"Jak koronavirus ovlivnil popt\u00e1vku po nemovitostech?"},"content":{"rendered":"&#13;\n<p>Nemovitostn\u00ed trh poc\u00edtil prvn\u00ed dopady celosv\u011btov\u00e9 pandemie. Velmi se ale li\u0161\u00ed podle typu nemovitosti \u2013 nejv\u00edce jsou koronavirovou kriz\u00ed ovlivn\u011bny hotely a maloobchodn\u00ed prostory, naopak nejm\u00e9n\u011b pr\u016fmyslov\u00e9 a logistick\u00e9 nemovitosti. Jak rychle se poda\u0159\u00ed v\u0161e dostat do stavu ze za\u010d\u00e1tku roku bude z\u00e1viset nejen na uvol\u0148ov\u00e1n\u00ed restrikc\u00ed u n\u00e1s a v zahrani\u010d\u00ed, ale i na struktu\u0159e vlastnictv\u00ed p\u0159\u00edslu\u0161n\u00fdch nemovitost\u00ed. U logistick\u00fdch objekt\u016f je znateln\u00fd dopad n\u00e1r\u016fstu e-commerce, u t\u011bch pr\u016fmyslov\u00fdch je pak ve st\u0159edn\u011bdob\u00e9m horizontu mo\u017en\u00fd i strategick\u00fd p\u0159esun \u010d\u00e1sti v\u00fdroby z Asie zp\u011bt do Evropy. I to vypl\u00fdv\u00e1 ze z\u00e1v\u011br\u016f odborn\u00e9 on-line konference o realitn\u00edm trhu v sou\u010dasn\u00e9 dob\u011b, kterou spole\u010dn\u011b v prvn\u00ed polovin\u011b kv\u011btna uspo\u0159\u00e1daly investi\u010dn\u00ed a nemovitostn\u00ed skupina ARETE a poradensk\u00e1 spole\u010dnost JLL.<br\/>    <br\/> <\/p>&#13;\n<p>Cel\u00fd \u010dl\u00e1nek zde: <a href=\"https:\/\/www.estate.cz\/lifestyle\/jak-koronavirus-ovlivnil-poptavku-po-nemovitostech\" target=\"_blank\" rel=\"noopener\">www.estate.cz\/lifestyle\/jak-koronavirus-ovlivnil-poptavku-po-nemovitostech<\/a><\/p>","protected":false},"excerpt":{"rendered":"<p>&#13; Nemovitostn\u00ed trh poc\u00edtil prvn\u00ed dopady celosv\u011btov\u00e9 pandemie. Velmi se ale li\u0161\u00ed podle typu nemovitosti \u2013 nejv\u00edce jsou koronavirovou kriz\u00ed ovlivn\u011bny hotely a maloobchodn\u00ed prostory, naopak nejm\u00e9n\u011b pr\u016fmyslov\u00e9 a logistick\u00e9 nemovitosti. Jak rychle se poda\u0159\u00ed v\u0161e dostat do stavu ze za\u010d\u00e1tku roku bude z\u00e1viset nejen na uvol\u0148ov\u00e1n\u00ed restrikc\u00ed u n\u00e1s a v zahrani\u010d\u00ed, ale i na struktu\u0159e vlastnictv\u00ed p\u0159\u00edslu\u0161n\u00fdch nemovitost\u00ed. U logistick\u00fdch objekt\u016f je znateln\u00fd dopad n\u00e1r\u016fstu e-commerce, u t\u011bch pr\u016fmyslov\u00fdch je pak ve st\u0159edn\u011bdob\u00e9m horizontu mo\u017en\u00fd i strategick\u00fd p\u0159esun \u010d\u00e1sti v\u00fdroby z Asie zp\u011bt do Evropy. I to vypl\u00fdv\u00e1 ze z\u00e1v\u011br\u016f odborn\u00e9 on-line konference o realitn\u00edm trhu v sou\u010dasn\u00e9 dob\u011b, kterou spole\u010dn\u011b v prvn\u00ed polovin\u011b kv\u011btna uspo\u0159\u00e1daly investi\u010dn\u00ed a nemovitostn\u00ed skupina ARETE a poradensk\u00e1 spole\u010dnost JLL. &#13; Cel\u00fd \u010dl\u00e1nek zde: www.estate.cz\/lifestyle\/jak-koronavirus-ovlivnil-poptavku-po-nemovitostech<\/p>\n","protected":false},"author":6,"featured_media":13658,"comment_status":"open","ping_status":"open","sticky":false,"template":"@@single-custom-post.php","format":"standard","meta":{"_acf_changed":false,"footnotes":""},"categories":[63],"tags":[],"class_list":["post-13657","post","type-post","status-publish","format-standard","has-post-thumbnail","hentry","category-praha-cs","investment-clanky-esg","news-novinky"],"acf":[],"rttpg_featured_image_url":{"full":["https:\/\/www.arete.eu\/wp-content\/uploads\/2025\/02\/small-arete-lovosice-fukoku-047.webp",1200,800,false],"landscape":["https:\/\/www.arete.eu\/wp-content\/uploads\/2025\/02\/small-arete-lovosice-fukoku-047.webp",1200,800,false],"portraits":["https:\/\/www.arete.eu\/wp-content\/uploads\/2025\/02\/small-arete-lovosice-fukoku-047.webp",1200,800,false],"thumbnail":["https:\/\/www.arete.eu\/wp-content\/uploads\/2025\/02\/small-arete-lovosice-fukoku-047-150x150.webp",150,150,true],"medium":["https:\/\/www.arete.eu\/wp-content\/uploads\/2025\/02\/small-arete-lovosice-fukoku-047-300x200.webp",300,200,true],"large":["https:\/\/www.arete.eu\/wp-content\/uploads\/2025\/02\/small-arete-lovosice-fukoku-047-1024x683.webp",800,534,true],"1536x1536":["https:\/\/www.arete.eu\/wp-content\/uploads\/2025\/02\/small-arete-lovosice-fukoku-047.webp",1200,800,false],"2048x2048":["https:\/\/www.arete.eu\/wp-content\/uploads\/2025\/02\/small-arete-lovosice-fukoku-047.webp",1200,800,false]},"rttpg_author":{"display_name":"newadmin","author_link":"https:\/\/www.arete.eu\/cs\/author\/newadmin\/"},"rttpg_comment":0,"rttpg_category":"<a href=\"https:\/\/www.arete.eu\/cs\/category\/praha-cs\/\" rel=\"category tag\">Praha<\/a>","rttpg_excerpt":"&#13; Nemovitostn\u00ed trh poc\u00edtil prvn\u00ed dopady celosv\u011btov\u00e9 pandemie. Velmi se ale li\u0161\u00ed podle typu nemovitosti \u2013 nejv\u00edce jsou koronavirovou kriz\u00ed ovlivn\u011bny hotely a maloobchodn\u00ed prostory, naopak nejm\u00e9n\u011b pr\u016fmyslov\u00e9 a logistick\u00e9 nemovitosti. Jak rychle se poda\u0159\u00ed v\u0161e dostat do stavu ze za\u010d\u00e1tku roku bude z\u00e1viset nejen na uvol\u0148ov\u00e1n\u00ed restrikc\u00ed u n\u00e1s a v zahrani\u010d\u00ed, ale i&hellip;","_links":{"self":[{"href":"https:\/\/www.arete.eu\/cs\/wp-json\/wp\/v2\/posts\/13657","targetHints":{"allow":["GET"]}}],"collection":[{"href":"https:\/\/www.arete.eu\/cs\/wp-json\/wp\/v2\/posts"}],"about":[{"href":"https:\/\/www.arete.eu\/cs\/wp-json\/wp\/v2\/types\/post"}],"author":[{"embeddable":true,"href":"https:\/\/www.arete.eu\/cs\/wp-json\/wp\/v2\/users\/6"}],"replies":[{"embeddable":true,"href":"https:\/\/www.arete.eu\/cs\/wp-json\/wp\/v2\/comments?post=13657"}],"version-history":[{"count":1,"href":"https:\/\/www.arete.eu\/cs\/wp-json\/wp\/v2\/posts\/13657\/revisions"}],"predecessor-version":[{"id":13659,"href":"https:\/\/www.arete.eu\/cs\/wp-json\/wp\/v2\/posts\/13657\/revisions\/13659"}],"wp:featuredmedia":[{"embeddable":true,"href":"https:\/\/www.arete.eu\/cs\/wp-json\/wp\/v2\/media\/13658"}],"wp:attachment":[{"href":"https:\/\/www.arete.eu\/cs\/wp-json\/wp\/v2\/media?parent=13657"}],"wp:term":[{"taxonomy":"category","embeddable":true,"href":"https:\/\/www.arete.eu\/cs\/wp-json\/wp\/v2\/categories?post=13657"},{"taxonomy":"post_tag","embeddable":true,"href":"https:\/\/www.arete.eu\/cs\/wp-json\/wp\/v2\/tags?post=13657"}],"curies":[{"name":"wp","href":"https:\/\/api.w.org\/{rel}","templated":true}]}}