{"id":13651,"date":"2020-06-04T05:17:25","date_gmt":"2020-06-04T05:17:25","guid":{"rendered":"https:\/\/www.arete.eu\/arete-investuje-az-80-milionu-eur-do-prumyslovych-nemovitosti-v-regionu-cee\/"},"modified":"2025-03-03T11:04:23","modified_gmt":"2025-03-03T11:04:23","slug":"arete-investuje-az-80-milionu-eur-do-prumyslovych-nemovitosti-v-regionu-cee","status":"publish","type":"post","link":"https:\/\/www.arete.eu\/cs\/arete-investuje-az-80-milionu-eur-do-prumyslovych-nemovitosti-v-regionu-cee\/","title":{"rendered":"Arete investuje a\u017e 80 milion\u016f eur do pr\u016fmyslov\u00fdch nemovitost\u00ed v regionu CEE"},"content":{"rendered":"&#13;\n<p>Investi\u010dn\u00ed a nemovitostn\u00ed skupina Arete podepsala s Raiffeisenbank smlouvu na \u010derp\u00e1n\u00ed \u00fav\u011bru a\u017e 80 milion\u016f eur. Prost\u0159edky budou slou\u017eit na refinancov\u00e1n\u00ed st\u00e1vaj\u00edc\u00edho nemovitostn\u00edho portfolia druh\u00e9ho fondu Arete Invest) a investice do nov\u00e9 v\u00fdstavby pr\u016fmyslov\u00fdch nemovitost\u00ed.\u00a0  <\/p>&#13;\n<p>Cel\u00fd \u010dl\u00e1nek v\u010detn\u011b koment\u00e1\u0159\u016f zakladatel\u016f fondu najdete zde:<\/p>&#13;\n<p><a href=\"https:\/\/skypaper.cz\/novinky\/arete-investuje-az-80-milionu-eur-do-prumyslovych-nemovitosti-v-regionu-cee\/\" target=\"_blank\" rel=\"noopener\">https:\/\/skypaper.cz\/novinky\/arete-investuje-az-80-milionu-eur-do-prumyslovych-nemovitosti-v-regionu-cee\/<\/a><\/p>","protected":false},"excerpt":{"rendered":"<p>&#13; Investi\u010dn\u00ed a nemovitostn\u00ed skupina Arete podepsala s Raiffeisenbank smlouvu na \u010derp\u00e1n\u00ed \u00fav\u011bru a\u017e 80 milion\u016f eur. Prost\u0159edky budou slou\u017eit na refinancov\u00e1n\u00ed st\u00e1vaj\u00edc\u00edho nemovitostn\u00edho portfolia druh\u00e9ho fondu Arete Invest) a investice do nov\u00e9 v\u00fdstavby pr\u016fmyslov\u00fdch nemovitost\u00ed.\u00a0 &#13; Cel\u00fd \u010dl\u00e1nek v\u010detn\u011b koment\u00e1\u0159\u016f zakladatel\u016f fondu najdete zde: &#13; https:\/\/skypaper.cz\/novinky\/arete-investuje-az-80-milionu-eur-do-prumyslovych-nemovitosti-v-regionu-cee\/<\/p>\n","protected":false},"author":6,"featured_media":13652,"comment_status":"open","ping_status":"open","sticky":false,"template":"@@single-custom-post.php","format":"standard","meta":{"_acf_changed":false,"footnotes":""},"categories":[63],"tags":[],"class_list":["post-13651","post","type-post","status-publish","format-standard","has-post-thumbnail","hentry","category-praha-cs","investment-clanky-esg","news-novinky"],"acf":[],"rttpg_featured_image_url":{"full":["https:\/\/www.arete.eu\/wp-content\/uploads\/2025\/02\/small-arete-lovosice-1-150.webp",1200,800,false],"landscape":["https:\/\/www.arete.eu\/wp-content\/uploads\/2025\/02\/small-arete-lovosice-1-150.webp",1200,800,false],"portraits":["https:\/\/www.arete.eu\/wp-content\/uploads\/2025\/02\/small-arete-lovosice-1-150.webp",1200,800,false],"thumbnail":["https:\/\/www.arete.eu\/wp-content\/uploads\/2025\/02\/small-arete-lovosice-1-150-150x150.webp",150,150,true],"medium":["https:\/\/www.arete.eu\/wp-content\/uploads\/2025\/02\/small-arete-lovosice-1-150-300x200.webp",300,200,true],"large":["https:\/\/www.arete.eu\/wp-content\/uploads\/2025\/02\/small-arete-lovosice-1-150-1024x683.webp",800,534,true],"1536x1536":["https:\/\/www.arete.eu\/wp-content\/uploads\/2025\/02\/small-arete-lovosice-1-150.webp",1200,800,false],"2048x2048":["https:\/\/www.arete.eu\/wp-content\/uploads\/2025\/02\/small-arete-lovosice-1-150.webp",1200,800,false]},"rttpg_author":{"display_name":"newadmin","author_link":"https:\/\/www.arete.eu\/cs\/author\/newadmin\/"},"rttpg_comment":0,"rttpg_category":"<a href=\"https:\/\/www.arete.eu\/cs\/category\/praha-cs\/\" rel=\"category tag\">Praha<\/a>","rttpg_excerpt":"&#13; Investi\u010dn\u00ed a nemovitostn\u00ed skupina Arete podepsala s Raiffeisenbank smlouvu na \u010derp\u00e1n\u00ed \u00fav\u011bru a\u017e 80 milion\u016f eur. Prost\u0159edky budou slou\u017eit na refinancov\u00e1n\u00ed st\u00e1vaj\u00edc\u00edho nemovitostn\u00edho portfolia druh\u00e9ho fondu Arete Invest) a investice do nov\u00e9 v\u00fdstavby pr\u016fmyslov\u00fdch nemovitost\u00ed.\u00a0 &#13; Cel\u00fd \u010dl\u00e1nek v\u010detn\u011b koment\u00e1\u0159\u016f zakladatel\u016f fondu najdete zde: &#13; https:\/\/skypaper.cz\/novinky\/arete-investuje-az-80-milionu-eur-do-prumyslovych-nemovitosti-v-regionu-cee\/","_links":{"self":[{"href":"https:\/\/www.arete.eu\/cs\/wp-json\/wp\/v2\/posts\/13651","targetHints":{"allow":["GET"]}}],"collection":[{"href":"https:\/\/www.arete.eu\/cs\/wp-json\/wp\/v2\/posts"}],"about":[{"href":"https:\/\/www.arete.eu\/cs\/wp-json\/wp\/v2\/types\/post"}],"author":[{"embeddable":true,"href":"https:\/\/www.arete.eu\/cs\/wp-json\/wp\/v2\/users\/6"}],"replies":[{"embeddable":true,"href":"https:\/\/www.arete.eu\/cs\/wp-json\/wp\/v2\/comments?post=13651"}],"version-history":[{"count":1,"href":"https:\/\/www.arete.eu\/cs\/wp-json\/wp\/v2\/posts\/13651\/revisions"}],"predecessor-version":[{"id":13653,"href":"https:\/\/www.arete.eu\/cs\/wp-json\/wp\/v2\/posts\/13651\/revisions\/13653"}],"wp:featuredmedia":[{"embeddable":true,"href":"https:\/\/www.arete.eu\/cs\/wp-json\/wp\/v2\/media\/13652"}],"wp:attachment":[{"href":"https:\/\/www.arete.eu\/cs\/wp-json\/wp\/v2\/media?parent=13651"}],"wp:term":[{"taxonomy":"category","embeddable":true,"href":"https:\/\/www.arete.eu\/cs\/wp-json\/wp\/v2\/categories?post=13651"},{"taxonomy":"post_tag","embeddable":true,"href":"https:\/\/www.arete.eu\/cs\/wp-json\/wp\/v2\/tags?post=13651"}],"curies":[{"name":"wp","href":"https:\/\/api.w.org\/{rel}","templated":true}]}}