{"id":13645,"date":"2020-06-22T05:06:14","date_gmt":"2020-06-22T05:06:14","guid":{"rendered":"https:\/\/www.arete.eu\/ceska-investicni-a-nemovitostni-skupina-arete-vstupuje-na-slovensky-nemecky-a-rakousky-trh\/"},"modified":"2025-03-03T10:54:10","modified_gmt":"2025-03-03T10:54:10","slug":"ceska-investicni-a-nemovitostni-skupina-arete-vstupuje-na-slovensky-nemecky-a-rakousky-trh","status":"publish","type":"post","link":"https:\/\/www.arete.eu\/cs\/ceska-investicni-a-nemovitostni-skupina-arete-vstupuje-na-slovensky-nemecky-a-rakousky-trh\/","title":{"rendered":"\u010cesk\u00e1 investi\u010dn\u00ed a nemovitostn\u00ed skupina ARETE vstupuje na slovensk\u00fd, n\u011bmeck\u00fd a rakousk\u00fd trh"},"content":{"rendered":"&#13;\n<p>nvesti\u010dn\u00ed a nemovitostn\u00ed skupina ARETE pro\u0161la na Slovensku, v N\u011bmecku a Rakousku \u00fasp\u011b\u0161n\u011b procesem notifikace. M\u016f\u017ee tak v t\u011bchto zem\u00edch nov\u011b aktivn\u011b nab\u00edzet vstup zahrani\u010dn\u00edm investor\u016fm do sv\u00e9ho letos otev\u0159en\u00e9ho t\u0159et\u00edho fondu ARETE INDUSTRIAL. V tom by m\u011bli m\u00edt sloven\u0161t\u00ed, n\u011bme\u010dt\u00ed a rakou\u0161t\u00ed investo\u0159i pod\u00edl a\u017e 50 %. Tento fond investuje do dokon\u010den\u00fdch pr\u016fmyslov\u00fdch nemovitost\u00ed ve st\u0159edn\u00ed a v\u00fdchodn\u00ed Evrop\u011b, ale bude i s\u00e1m stav\u011bt nov\u00e9 logistick\u00e9 a v\u00fdrobn\u00ed budovy. Na Slovensku p\u0159itom skupina ARETE ji\u017e vlastn\u00ed a rozv\u00edj\u00ed \u0159adu nemovitost\u00ed v \u017dilin\u011b, v Nov\u00e9m Mest\u011b nad V\u00e1hom a u Ko\u0161ic v celkov\u00e9 hodnot\u011b p\u0159es 50 milion\u016f EUR.\u00a0    <\/p>&#13;\n<p>Pro v\u00edce informac\u00ed \u010dt\u011bte zde:<\/p>&#13;\n<p><a href=\"https:\/\/www.estate.cz\/lifestyle\/ceska-investicni-a-nemovitostni-skupina-arete-vstupuje-na-slovensky-nemecky-a-rakousky-trh\" target=\"_blank\" rel=\"noopener\">https:\/\/www.estate.cz\/lifestyle\/ceska-investicni-a-nemovitostni-skupina-arete-vstupuje-na-slovensky-nemecky-a-rakousky-trh<\/a><\/p>","protected":false},"excerpt":{"rendered":"<p>&#13; nvesti\u010dn\u00ed a nemovitostn\u00ed skupina ARETE pro\u0161la na Slovensku, v N\u011bmecku a Rakousku \u00fasp\u011b\u0161n\u011b procesem notifikace. M\u016f\u017ee tak v t\u011bchto zem\u00edch nov\u011b aktivn\u011b nab\u00edzet vstup zahrani\u010dn\u00edm investor\u016fm do sv\u00e9ho letos otev\u0159en\u00e9ho t\u0159et\u00edho fondu ARETE INDUSTRIAL. V tom by m\u011bli m\u00edt sloven\u0161t\u00ed, n\u011bme\u010dt\u00ed a rakou\u0161t\u00ed investo\u0159i pod\u00edl a\u017e 50 %. Tento fond investuje do dokon\u010den\u00fdch pr\u016fmyslov\u00fdch nemovitost\u00ed ve st\u0159edn\u00ed a v\u00fdchodn\u00ed Evrop\u011b, ale bude i s\u00e1m stav\u011bt nov\u00e9 logistick\u00e9 a v\u00fdrobn\u00ed budovy. Na Slovensku p\u0159itom skupina ARETE ji\u017e vlastn\u00ed a rozv\u00edj\u00ed \u0159adu nemovitost\u00ed v \u017dilin\u011b, v Nov\u00e9m Mest\u011b nad V\u00e1hom a u Ko\u0161ic v celkov\u00e9 hodnot\u011b p\u0159es 50 milion\u016f EUR.\u00a0 &#13; Pro v\u00edce informac\u00ed \u010dt\u011bte zde: &#13; https:\/\/www.estate.cz\/lifestyle\/ceska-investicni-a-nemovitostni-skupina-arete-vstupuje-na-slovensky-nemecky-a-rakousky-trh<\/p>\n","protected":false},"author":6,"featured_media":13646,"comment_status":"open","ping_status":"open","sticky":false,"template":"@@single-custom-post.php","format":"standard","meta":{"_acf_changed":false,"footnotes":""},"categories":[63],"tags":[],"class_list":["post-13645","post","type-post","status-publish","format-standard","has-post-thumbnail","hentry","category-praha-cs","investment-clanky-esg","news-novinky"],"acf":[],"rttpg_featured_image_url":{"full":["https:\/\/www.arete.eu\/wp-content\/uploads\/2025\/02\/small-arete-beckov-80.webp",1200,750,false],"landscape":["https:\/\/www.arete.eu\/wp-content\/uploads\/2025\/02\/small-arete-beckov-80.webp",1200,750,false],"portraits":["https:\/\/www.arete.eu\/wp-content\/uploads\/2025\/02\/small-arete-beckov-80.webp",1200,750,false],"thumbnail":["https:\/\/www.arete.eu\/wp-content\/uploads\/2025\/02\/small-arete-beckov-80-150x150.webp",150,150,true],"medium":["https:\/\/www.arete.eu\/wp-content\/uploads\/2025\/02\/small-arete-beckov-80-300x188.webp",300,188,true],"large":["https:\/\/www.arete.eu\/wp-content\/uploads\/2025\/02\/small-arete-beckov-80-1024x640.webp",800,500,true],"1536x1536":["https:\/\/www.arete.eu\/wp-content\/uploads\/2025\/02\/small-arete-beckov-80.webp",1200,750,false],"2048x2048":["https:\/\/www.arete.eu\/wp-content\/uploads\/2025\/02\/small-arete-beckov-80.webp",1200,750,false]},"rttpg_author":{"display_name":"newadmin","author_link":"https:\/\/www.arete.eu\/cs\/author\/newadmin\/"},"rttpg_comment":0,"rttpg_category":"<a href=\"https:\/\/www.arete.eu\/cs\/category\/praha-cs\/\" rel=\"category tag\">Praha<\/a>","rttpg_excerpt":"&#13; nvesti\u010dn\u00ed a nemovitostn\u00ed skupina ARETE pro\u0161la na Slovensku, v N\u011bmecku a Rakousku \u00fasp\u011b\u0161n\u011b procesem notifikace. M\u016f\u017ee tak v t\u011bchto zem\u00edch nov\u011b aktivn\u011b nab\u00edzet vstup zahrani\u010dn\u00edm investor\u016fm do sv\u00e9ho letos otev\u0159en\u00e9ho t\u0159et\u00edho fondu ARETE INDUSTRIAL. V tom by m\u011bli m\u00edt sloven\u0161t\u00ed, n\u011bme\u010dt\u00ed a rakou\u0161t\u00ed investo\u0159i pod\u00edl a\u017e 50 %. Tento fond investuje do dokon\u010den\u00fdch pr\u016fmyslov\u00fdch&hellip;","_links":{"self":[{"href":"https:\/\/www.arete.eu\/cs\/wp-json\/wp\/v2\/posts\/13645","targetHints":{"allow":["GET"]}}],"collection":[{"href":"https:\/\/www.arete.eu\/cs\/wp-json\/wp\/v2\/posts"}],"about":[{"href":"https:\/\/www.arete.eu\/cs\/wp-json\/wp\/v2\/types\/post"}],"author":[{"embeddable":true,"href":"https:\/\/www.arete.eu\/cs\/wp-json\/wp\/v2\/users\/6"}],"replies":[{"embeddable":true,"href":"https:\/\/www.arete.eu\/cs\/wp-json\/wp\/v2\/comments?post=13645"}],"version-history":[{"count":1,"href":"https:\/\/www.arete.eu\/cs\/wp-json\/wp\/v2\/posts\/13645\/revisions"}],"predecessor-version":[{"id":13647,"href":"https:\/\/www.arete.eu\/cs\/wp-json\/wp\/v2\/posts\/13645\/revisions\/13647"}],"wp:featuredmedia":[{"embeddable":true,"href":"https:\/\/www.arete.eu\/cs\/wp-json\/wp\/v2\/media\/13646"}],"wp:attachment":[{"href":"https:\/\/www.arete.eu\/cs\/wp-json\/wp\/v2\/media?parent=13645"}],"wp:term":[{"taxonomy":"category","embeddable":true,"href":"https:\/\/www.arete.eu\/cs\/wp-json\/wp\/v2\/categories?post=13645"},{"taxonomy":"post_tag","embeddable":true,"href":"https:\/\/www.arete.eu\/cs\/wp-json\/wp\/v2\/tags?post=13645"}],"curies":[{"name":"wp","href":"https:\/\/api.w.org\/{rel}","templated":true}]}}