{"id":13643,"date":"2020-06-25T05:02:56","date_gmt":"2020-06-25T05:02:56","guid":{"rendered":"https:\/\/www.arete.eu\/skupina-arete-posiluje-sve-logisticke-arealy-v-cr-i-na-slovensku-ziskala-nove-najemce\/"},"modified":"2020-06-25T05:02:56","modified_gmt":"2020-06-25T05:02:56","slug":"skupina-arete-posiluje-sve-logisticke-arealy-v-cr-i-na-slovensku-ziskala-nove-najemce","status":"publish","type":"post","link":"https:\/\/www.arete.eu\/cs\/skupina-arete-posiluje-sve-logisticke-arealy-v-cr-i-na-slovensku-ziskala-nove-najemce\/","title":{"rendered":"Skupina ARETE posiluje sv\u00e9 logistick\u00e9 are\u00e1ly, v \u010cR i na Slovensku z\u00edskala nov\u00e9 n\u00e1jemce"},"content":{"rendered":"<p>Investi\u010dn\u00ed a nemovitostn\u00ed skupin\u011b ARETE se poda\u0159ilo v posledn\u00edch m\u011bs\u00edc\u00edch i p\u0159es koronavirovou krizi obsadit voln\u00e1 m\u00edsta ve sv\u00fdch are\u00e1lech a prodlou\u017eit smlouvy s n\u00e1jemci. V Nov\u00e9m Mest\u011b nad V\u00e1hom p\u0159ipravila pro logistickou spole\u010dnost TPL v\u00edce ne\u017e 7 tis\u00edc m2 prostor ur\u010den\u00fdch p\u0159edev\u0161\u00edm pro skladov\u00e1n\u00ed potravin. Do are\u00e1lu v Lovosic\u00edch se zase na 4,3 tis\u00edc m2 plochy nast\u011bhoval n\u00e1mo\u0159n\u00ed a leteck\u00fd p\u0159epravce CTE Cargo sped a na osm let se prodlou\u017eila smlouva se spole\u010dnost\u00ed Fiege, kter\u00e1 zde prov\u00e1d\u00ed reverzn\u00ed logistiku pro m\u00f3dn\u00ed zna\u010dku Zalando. Obsazenost v\u0161ech are\u00e1l\u016f ARETE tak dos\u00e1hla cel\u00fdch 100 %.   <\/p>\n<p>Smlouva se spole\u010dnost\u00ed Fiege t\u00fdkaj\u00edc\u00ed se are\u00e1lu spole\u010dnosti ARETE v Lovosic\u00edch byla v dubnu prodlou\u017eena na celkem osm let. Fiege poskytuje m\u00f3dn\u00ed zna\u010dce Zalando reverzn\u00ed logistiku s p\u0159idanou hodnotou na celkov\u00e9 plo\u0161e 3,4 tis\u00edce m<sup>2<\/sup>. V prvn\u00edm \u010dtvrtlet\u00ed v ARETE Park Lovosice p\u016fsobila spole\u010dnost CTE Cargo sped specializuj\u00edc\u00ed se na n\u00e1mo\u0159n\u00ed a leteckou cargo. Firma m\u00e1 podepsanou smlouvu na 4,3 tis\u00edce m<sup>2<\/sup> skladovac\u00ed plochy minim\u00e1ln\u011b na t\u0159i roky. Obsazenost are\u00e1lu v Lovosic\u00edch je tedy nyn\u00ed 100 %. Z\u00e1rove\u0148 se investovalo do zv\u00fd\u0161en\u00ed standardu cel\u00e9ho are\u00e1lu.     <\/p>\n<p>TPL se na z\u00e1klad\u011b dlouhodob\u00e9 smlouvy p\u0159est\u011bhovala do ARETE Parku Nov\u00e9 Mesto nad V\u00e1hom k u\u017e\u00edv\u00e1n\u00ed v\u00edce ne\u017e 7 000 m<sup>2<\/sup>. Spole\u010dnost se specializuje na komplexn\u00ed logistick\u00e9 slu\u017eby v\u010detn\u011b co-packingu. Nov\u00e9 vysoce energeticky \u00fasporn\u00e9 prostory byly p\u0159izp\u016fsobeny specifick\u00fdm pot\u0159eb\u00e1m TPL tak, aby spl\u0148ovaly vysok\u00e9 standardy skladov\u00e1n\u00ed, distribuce a logistiky potravin, tedy zam\u011b\u0159en\u00ed logistick\u00fdch slu\u017eeb TPL. Prostory z\u00edskaly v\u0161echny pot\u0159ebn\u00e9 certifikace a atesty a spl\u0148uj\u00ed v\u0161echny p\u0159\u00edsn\u00e9 hygienick\u00e9 normy. Sou\u010d\u00e1st\u00ed are\u00e1lu je i administrativn\u00ed budova pro \u0159\u00edzen\u00ed logistick\u00fdch operac\u00ed.    <\/p>\n<p><em>\u201eJsme r\u00e1di, \u017ee se n\u00e1m pro TPL a jejich distribu\u010dn\u00ed sklad poda\u0159ilo naj\u00edt vhodn\u00e9 \u0159e\u0161en\u00ed, kter\u00e9 odpov\u00edd\u00e1 po\u017eadavk\u016fm klienta a umo\u017e\u0148uje klientovi zajistit pln\u00fd a efektivn\u00ed provoz v r\u00e1mci Slovenska,\u201c<\/em> uvedl Igor \u0160nirc, \u0159editel slovensk\u00e9 pobo\u010dky skupiny ARETE.<em> &#8222;V\u00e1\u017e\u00edme si jejich vysoce profesion\u00e1ln\u00edho p\u0159\u00edstupu. V\u011b\u0159\u00edme, \u017ee budou s nov\u00fdmi prostory spokojeni a \u017ee ARETE bude t\u00edm spr\u00e1vn\u00fdm a spolehliv\u00fdm partnerem pro jejich rozvoj,&#8220;<\/em> dodal.<\/p>\n<p><em>&#8222;Zak\u00e1zku na nov\u00e9 skladov\u00e9 prostory, kter\u00e9 jsou sou\u010d\u00e1st\u00ed ARETE Park Nov\u00e9 Mesto nad V\u00e1hom, pova\u017eujeme za strategickou investici na Slovensku. Pomoc ARETE s p\u0159izp\u016fsoben\u00edm i n\u00edzk\u00e1 energetick\u00e1 n\u00e1ro\u010dnost are\u00e1lu tvo\u0159\u00ed z\u00e1kladn\u00ed stavebn\u00ed k\u00e1men pro efektivn\u00ed, modern\u00ed a ekologick\u00e9 \u0159e\u0161en\u00ed centr\u00e1ln\u00ed logistiky pro na\u0161e klienty. Sou\u010d\u00e1st\u00ed skladov\u00fdch prostor je nav\u00edc i kvalitn\u00ed z\u00e1zem\u00ed pro na\u0161e zam\u011bstnance,&#8220;<\/em> \u0159ekl Tor. \u013dubo Korec, gener\u00e1ln\u00ed \u0159editel spole\u010dnosti Tor. \u013dubo Korec.<\/p>\n<p>Oba komplexy, ve kter\u00fdch do\u0161lo k v\u00fd\u0161e uveden\u00fdm zm\u011bn\u00e1m, jsou sou\u010d\u00e1st\u00ed portfolia druh\u00e9ho fondu ARETE zalo\u017een\u00e9ho v roce 2016. Jeho celkov\u00fd kumulovan\u00fd hrub\u00fd v\u00fdnos v roce 2019 vylet\u011bl na 115 %. Tento fond byl v roce 2018 uzav\u0159en pro nov\u00e9 investory. T\u0159et\u00ed fond skupiny ARETE byl v\u0161ak za\u010d\u00e1tkem roku 2020 otev\u0159en investor\u016fm a bude investovat nejen do nov\u00fdch pr\u016fmyslov\u00fdch nemovitost\u00ed ve st\u0159edn\u00ed Evrop\u011b, ale bude tak\u00e9 investovat do nov\u00fdch pr\u016fmyslov\u00fdch nemovitost\u00ed ve st\u0159edn\u00ed Evrop\u011b. logistick\u00e9 a v\u00fdrobn\u00ed budovy. C\u00edlov\u00e1 hodnota jej\u00edho portfolia by se m\u011bla bl\u00ed\u017eit 12 miliard\u00e1m K\u010d a portfolio by m\u011blo obsahovat p\u0159es 600 000 m<sup>2<\/sup> pronaj\u00edmateln\u00fdch prostor a v\u00edce ne\u017e 300 000 m<sup>2 <\/sup>stavebn\u00edch pozemk\u016f pro dal\u0161\u00ed v\u00fdstavbu.     <\/p>\n","protected":false},"excerpt":{"rendered":"<p>Investi\u010dn\u00ed a nemovitostn\u00ed skupin\u011b ARETE se poda\u0159ilo v posledn\u00edch m\u011bs\u00edc\u00edch i p\u0159es koronavirovou krizi obsadit voln\u00e1 m\u00edsta ve sv\u00fdch are\u00e1lech a prodlou\u017eit smlouvy s n\u00e1jemci. V Nov\u00e9m Mest\u011b nad V\u00e1hom p\u0159ipravila pro logistickou spole\u010dnost TPL v\u00edce ne\u017e 7 tis\u00edc m2 prostor ur\u010den\u00fdch p\u0159edev\u0161\u00edm pro skladov\u00e1n\u00ed potravin. Do are\u00e1lu v Lovosic\u00edch se zase na 4,3 tis\u00edc m2 plochy nast\u011bhoval n\u00e1mo\u0159n\u00ed a leteck\u00fd p\u0159epravce CTE Cargo sped a na osm let se prodlou\u017eila smlouva se spole\u010dnost\u00ed Fiege, kter\u00e1 zde prov\u00e1d\u00ed reverzn\u00ed logistiku pro m\u00f3dn\u00ed zna\u010dku Zalando. Obsazenost v\u0161ech are\u00e1l\u016f ARETE tak dos\u00e1hla cel\u00fdch 100 %. Smlouva se spole\u010dnost\u00ed Fiege t\u00fdkaj\u00edc\u00ed se are\u00e1lu spole\u010dnosti ARETE v Lovosic\u00edch byla v dubnu prodlou\u017eena na celkem osm let. Fiege poskytuje m\u00f3dn\u00ed zna\u010dce Zalando reverzn\u00ed logistiku s p\u0159idanou hodnotou na celkov\u00e9 plo\u0161e 3,4 tis\u00edce m2. V prvn\u00edm \u010dtvrtlet\u00ed v ARETE Park Lovosice p\u016fsobila spole\u010dnost CTE Cargo sped specializuj\u00edc\u00ed se na n\u00e1mo\u0159n\u00ed a leteckou cargo. Firma m\u00e1 podepsanou smlouvu na 4,3 tis\u00edce m2 skladovac\u00ed plochy minim\u00e1ln\u011b na t\u0159i roky. Obsazenost are\u00e1lu v Lovosic\u00edch je tedy nyn\u00ed 100 %. Z\u00e1rove\u0148 se investovalo do zv\u00fd\u0161en\u00ed standardu cel\u00e9ho are\u00e1lu. TPL se na z\u00e1klad\u011b dlouhodob\u00e9 smlouvy p\u0159est\u011bhovala do ARETE Parku Nov\u00e9 Mesto nad V\u00e1hom k u\u017e\u00edv\u00e1n\u00ed v\u00edce ne\u017e 7 000 m2. Spole\u010dnost se specializuje na komplexn\u00ed logistick\u00e9 slu\u017eby v\u010detn\u011b co-packingu. Nov\u00e9 vysoce energeticky \u00fasporn\u00e9 prostory byly p\u0159izp\u016fsobeny specifick\u00fdm pot\u0159eb\u00e1m TPL tak, aby spl\u0148ovaly vysok\u00e9 standardy skladov\u00e1n\u00ed, distribuce a logistiky potravin, tedy zam\u011b\u0159en\u00ed logistick\u00fdch slu\u017eeb TPL. Prostory z\u00edskaly v\u0161echny pot\u0159ebn\u00e9 certifikace a atesty a spl\u0148uj\u00ed v\u0161echny p\u0159\u00edsn\u00e9 hygienick\u00e9 normy. Sou\u010d\u00e1st\u00ed are\u00e1lu je i administrativn\u00ed budova pro \u0159\u00edzen\u00ed logistick\u00fdch operac\u00ed. \u201eJsme r\u00e1di, \u017ee se n\u00e1m pro TPL a jejich distribu\u010dn\u00ed sklad poda\u0159ilo naj\u00edt vhodn\u00e9 \u0159e\u0161en\u00ed, kter\u00e9 odpov\u00edd\u00e1 po\u017eadavk\u016fm klienta a umo\u017e\u0148uje klientovi zajistit pln\u00fd a efektivn\u00ed provoz v r\u00e1mci Slovenska,\u201c uvedl Igor \u0160nirc, \u0159editel slovensk\u00e9 pobo\u010dky skupiny ARETE. &#8222;V\u00e1\u017e\u00edme si jejich vysoce profesion\u00e1ln\u00edho p\u0159\u00edstupu. V\u011b\u0159\u00edme, \u017ee budou s nov\u00fdmi prostory spokojeni a \u017ee ARETE bude t\u00edm spr\u00e1vn\u00fdm a spolehliv\u00fdm partnerem pro jejich rozvoj,&#8220; dodal. &#8222;Zak\u00e1zku na nov\u00e9 skladov\u00e9 prostory, kter\u00e9 jsou sou\u010d\u00e1st\u00ed ARETE Park Nov\u00e9 Mesto nad V\u00e1hom, pova\u017eujeme za strategickou investici na Slovensku. Pomoc ARETE s p\u0159izp\u016fsoben\u00edm i n\u00edzk\u00e1 energetick\u00e1 n\u00e1ro\u010dnost are\u00e1lu tvo\u0159\u00ed z\u00e1kladn\u00ed stavebn\u00ed k\u00e1men pro efektivn\u00ed, modern\u00ed a ekologick\u00e9 \u0159e\u0161en\u00ed centr\u00e1ln\u00ed logistiky pro na\u0161e klienty. Sou\u010d\u00e1st\u00ed skladov\u00fdch prostor je nav\u00edc i kvalitn\u00ed z\u00e1zem\u00ed pro na\u0161e zam\u011bstnance,&#8220; \u0159ekl Tor. \u013dubo Korec, gener\u00e1ln\u00ed \u0159editel spole\u010dnosti Tor. \u013dubo Korec. Oba komplexy, ve kter\u00fdch do\u0161lo k v\u00fd\u0161e uveden\u00fdm zm\u011bn\u00e1m, jsou sou\u010d\u00e1st\u00ed portfolia druh\u00e9ho fondu ARETE zalo\u017een\u00e9ho v roce 2016. Jeho celkov\u00fd kumulovan\u00fd hrub\u00fd v\u00fdnos v roce 2019 vylet\u011bl na 115 %. Tento fond byl v roce 2018 uzav\u0159en pro nov\u00e9 investory. T\u0159et\u00ed fond skupiny ARETE byl v\u0161ak za\u010d\u00e1tkem roku 2020 otev\u0159en investor\u016fm a bude investovat nejen do nov\u00fdch pr\u016fmyslov\u00fdch nemovitost\u00ed ve st\u0159edn\u00ed Evrop\u011b, ale bude tak\u00e9 investovat do nov\u00fdch pr\u016fmyslov\u00fdch nemovitost\u00ed ve st\u0159edn\u00ed Evrop\u011b. logistick\u00e9 a v\u00fdrobn\u00ed budovy. C\u00edlov\u00e1 hodnota jej\u00edho portfolia by se m\u011bla bl\u00ed\u017eit 12 miliard\u00e1m K\u010d a portfolio by m\u011blo obsahovat p\u0159es 600 000 m2 pronaj\u00edmateln\u00fdch prostor a v\u00edce ne\u017e 300 000 m2 stavebn\u00edch pozemk\u016f pro dal\u0161\u00ed v\u00fdstavbu.<\/p>\n","protected":false},"author":6,"featured_media":13644,"comment_status":"open","ping_status":"open","sticky":false,"template":"@@single-custom-post.php","format":"standard","meta":{"_acf_changed":false,"footnotes":""},"categories":[63],"tags":[],"class_list":["post-13643","post","type-post","status-publish","format-standard","has-post-thumbnail","hentry","category-praha-cs","investment-clanky-esg","news-novinky"],"acf":[],"rttpg_featured_image_url":{"full":["https:\/\/www.arete.eu\/wp-content\/uploads\/2025\/02\/small-arete-lovosice-1-091.webp",1200,800,false],"landscape":["https:\/\/www.arete.eu\/wp-content\/uploads\/2025\/02\/small-arete-lovosice-1-091.webp",1200,800,false],"portraits":["https:\/\/www.arete.eu\/wp-content\/uploads\/2025\/02\/small-arete-lovosice-1-091.webp",1200,800,false],"thumbnail":["https:\/\/www.arete.eu\/wp-content\/uploads\/2025\/02\/small-arete-lovosice-1-091-150x150.webp",150,150,true],"medium":["https:\/\/www.arete.eu\/wp-content\/uploads\/2025\/02\/small-arete-lovosice-1-091-300x200.webp",300,200,true],"large":["https:\/\/www.arete.eu\/wp-content\/uploads\/2025\/02\/small-arete-lovosice-1-091-1024x683.webp",800,534,true],"1536x1536":["https:\/\/www.arete.eu\/wp-content\/uploads\/2025\/02\/small-arete-lovosice-1-091.webp",1200,800,false],"2048x2048":["https:\/\/www.arete.eu\/wp-content\/uploads\/2025\/02\/small-arete-lovosice-1-091.webp",1200,800,false]},"rttpg_author":{"display_name":"newadmin","author_link":"https:\/\/www.arete.eu\/cs\/author\/newadmin\/"},"rttpg_comment":0,"rttpg_category":"<a href=\"https:\/\/www.arete.eu\/cs\/category\/praha-cs\/\" rel=\"category tag\">Praha<\/a>","rttpg_excerpt":"Investi\u010dn\u00ed a nemovitostn\u00ed skupin\u011b ARETE se poda\u0159ilo v posledn\u00edch m\u011bs\u00edc\u00edch i p\u0159es koronavirovou krizi obsadit voln\u00e1 m\u00edsta ve sv\u00fdch are\u00e1lech a prodlou\u017eit smlouvy s n\u00e1jemci. V Nov\u00e9m Mest\u011b nad V\u00e1hom p\u0159ipravila pro logistickou spole\u010dnost TPL v\u00edce ne\u017e 7 tis\u00edc m2 prostor ur\u010den\u00fdch p\u0159edev\u0161\u00edm pro skladov\u00e1n\u00ed potravin. Do are\u00e1lu v Lovosic\u00edch se zase na 4,3 tis\u00edc&hellip;","_links":{"self":[{"href":"https:\/\/www.arete.eu\/cs\/wp-json\/wp\/v2\/posts\/13643","targetHints":{"allow":["GET"]}}],"collection":[{"href":"https:\/\/www.arete.eu\/cs\/wp-json\/wp\/v2\/posts"}],"about":[{"href":"https:\/\/www.arete.eu\/cs\/wp-json\/wp\/v2\/types\/post"}],"author":[{"embeddable":true,"href":"https:\/\/www.arete.eu\/cs\/wp-json\/wp\/v2\/users\/6"}],"replies":[{"embeddable":true,"href":"https:\/\/www.arete.eu\/cs\/wp-json\/wp\/v2\/comments?post=13643"}],"version-history":[{"count":0,"href":"https:\/\/www.arete.eu\/cs\/wp-json\/wp\/v2\/posts\/13643\/revisions"}],"wp:featuredmedia":[{"embeddable":true,"href":"https:\/\/www.arete.eu\/cs\/wp-json\/wp\/v2\/media\/13644"}],"wp:attachment":[{"href":"https:\/\/www.arete.eu\/cs\/wp-json\/wp\/v2\/media?parent=13643"}],"wp:term":[{"taxonomy":"category","embeddable":true,"href":"https:\/\/www.arete.eu\/cs\/wp-json\/wp\/v2\/categories?post=13643"},{"taxonomy":"post_tag","embeddable":true,"href":"https:\/\/www.arete.eu\/cs\/wp-json\/wp\/v2\/tags?post=13643"}],"curies":[{"name":"wp","href":"https:\/\/api.w.org\/{rel}","templated":true}]}}