{"id":13640,"date":"2020-08-21T05:41:12","date_gmt":"2020-08-21T05:41:12","guid":{"rendered":"https:\/\/www.arete.eu\/vystavba-industrialnich-nemovitosti-za-1-pololeti-2020-rekordne-vzrostla\/"},"modified":"2025-03-03T10:42:09","modified_gmt":"2025-03-03T10:42:09","slug":"vystavba-industrialnich-nemovitosti-za-1-pololeti-2020-rekordne-vzrostla","status":"publish","type":"post","link":"https:\/\/www.arete.eu\/cs\/vystavba-industrialnich-nemovitosti-za-1-pololeti-2020-rekordne-vzrostla\/","title":{"rendered":"V\u00fdstavba industri\u00e1ln\u00edch nemovitost\u00ed za 1. pololet\u00ed 2020 rekordn\u011b vzrostla"},"content":{"rendered":"&#13;\n<p>Hlavn\u00edm odv\u011btv\u00edm, kter\u00e9 dominovalo s celkov\u00fdm pod\u00edlem 53 % popt\u00e1vce po pr\u016fmyslov\u00fdch a skladov\u00fdch prostorech b\u011bhem pandemie koronaviru, jsou logistick\u00e9 spole\u010dnosti a velk\u00e9 e-shopy, jejich\u017e slu\u017eby ve druh\u00e9m \u010dtvrtlet\u00ed prudce stouply. N\u00e1sledovaly v\u00fdrobn\u00ed spole\u010dnosti s 37 procenty. Logistika si pronajala 62 % nov\u00fdch prostor a produkce 28 %. \u00dadaje o trhu dopl\u0148uje Lubor Svoboda, spoluzakladatel skupiny ARETE, kter\u00e1 investuje p\u0159es sv\u00e9 fondy pr\u00e1v\u011b do pr\u016fmyslov\u00fdch nemovitost\u00ed: \u201eNa\u0161e fondy zaznamenaly v dob\u011b pandemie koronaviru zv\u00fd\u0161en\u00e9 popt\u00e1vky po skladov\u00e1n\u00ed ze strany velk\u00fdch logistick\u00fd spole\u010dnost\u00ed a ze segmentu e-commerce. Vzhledem ke stabilit\u011b segmentu pr\u016fmyslov\u00fdch nemovitost\u00ed p\u0159ipravuje na\u0161e skupina n\u011bkolik akvizic v\u011bt\u0161\u00edch pr\u016fmyslov\u00fdch park\u016f. Mysl\u00edm si, \u017ee ve druh\u00e9 polovin\u011b roku se uskute\u010dn\u00ed transakce v zaj\u00edmav\u00fdch investi\u010dn\u00edch objemech.\u201c\u00a0 <\/p>&#13;\n<p><a href=\"https:\/\/retrend.cz\/novinky\/vystavba-a-remodeling\/vystavba-nemovitosti\/\" target=\"_blank\" rel=\"noopener\">Odkaz na cel\u00fd \u010dl\u00e1nek je zde: https:\/\/retrend.cz\/novinky\/vystavba-a-remodeling\/vystavba-nemovitosti\/ <\/a> <\/p>","protected":false},"excerpt":{"rendered":"<p>&#13; Hlavn\u00edm odv\u011btv\u00edm, kter\u00e9 dominovalo s celkov\u00fdm pod\u00edlem 53 % popt\u00e1vce po pr\u016fmyslov\u00fdch a skladov\u00fdch prostorech b\u011bhem pandemie koronaviru, jsou logistick\u00e9 spole\u010dnosti a velk\u00e9 e-shopy, jejich\u017e slu\u017eby ve druh\u00e9m \u010dtvrtlet\u00ed prudce stouply. N\u00e1sledovaly v\u00fdrobn\u00ed spole\u010dnosti s 37 procenty. Logistika si pronajala 62 % nov\u00fdch prostor a produkce 28 %. \u00dadaje o trhu dopl\u0148uje Lubor Svoboda, spoluzakladatel skupiny ARETE, kter\u00e1 investuje p\u0159es sv\u00e9 fondy pr\u00e1v\u011b do pr\u016fmyslov\u00fdch nemovitost\u00ed: \u201eNa\u0161e fondy zaznamenaly v dob\u011b pandemie koronaviru zv\u00fd\u0161en\u00e9 popt\u00e1vky po skladov\u00e1n\u00ed ze strany velk\u00fdch logistick\u00fd spole\u010dnost\u00ed a ze segmentu e-commerce. Vzhledem ke stabilit\u011b segmentu pr\u016fmyslov\u00fdch nemovitost\u00ed p\u0159ipravuje na\u0161e skupina n\u011bkolik akvizic v\u011bt\u0161\u00edch pr\u016fmyslov\u00fdch park\u016f. Mysl\u00edm si, \u017ee ve druh\u00e9 polovin\u011b roku se uskute\u010dn\u00ed transakce v zaj\u00edmav\u00fdch investi\u010dn\u00edch objemech.\u201c\u00a0 &#13; Odkaz na cel\u00fd \u010dl\u00e1nek je zde: https:\/\/retrend.cz\/novinky\/vystavba-a-remodeling\/vystavba-nemovitosti\/<\/p>\n","protected":false},"author":6,"featured_media":13641,"comment_status":"open","ping_status":"open","sticky":false,"template":"@@single-custom-post.php","format":"standard","meta":{"_acf_changed":false,"footnotes":""},"categories":[63],"tags":[],"class_list":["post-13640","post","type-post","status-publish","format-standard","has-post-thumbnail","hentry","category-praha-cs","investment-clanky-esg","news-novinky"],"acf":[],"rttpg_featured_image_url":{"full":["https:\/\/www.arete.eu\/wp-content\/uploads\/2025\/02\/small-arete-uherske-hradiste-089.webp",1200,750,false],"landscape":["https:\/\/www.arete.eu\/wp-content\/uploads\/2025\/02\/small-arete-uherske-hradiste-089.webp",1200,750,false],"portraits":["https:\/\/www.arete.eu\/wp-content\/uploads\/2025\/02\/small-arete-uherske-hradiste-089.webp",1200,750,false],"thumbnail":["https:\/\/www.arete.eu\/wp-content\/uploads\/2025\/02\/small-arete-uherske-hradiste-089-150x150.webp",150,150,true],"medium":["https:\/\/www.arete.eu\/wp-content\/uploads\/2025\/02\/small-arete-uherske-hradiste-089-300x188.webp",300,188,true],"large":["https:\/\/www.arete.eu\/wp-content\/uploads\/2025\/02\/small-arete-uherske-hradiste-089-1024x640.webp",800,500,true],"1536x1536":["https:\/\/www.arete.eu\/wp-content\/uploads\/2025\/02\/small-arete-uherske-hradiste-089.webp",1200,750,false],"2048x2048":["https:\/\/www.arete.eu\/wp-content\/uploads\/2025\/02\/small-arete-uherske-hradiste-089.webp",1200,750,false]},"rttpg_author":{"display_name":"newadmin","author_link":"https:\/\/www.arete.eu\/cs\/author\/newadmin\/"},"rttpg_comment":0,"rttpg_category":"<a href=\"https:\/\/www.arete.eu\/cs\/category\/praha-cs\/\" rel=\"category tag\">Praha<\/a>","rttpg_excerpt":"&#13; Hlavn\u00edm odv\u011btv\u00edm, kter\u00e9 dominovalo s celkov\u00fdm pod\u00edlem 53 % popt\u00e1vce po pr\u016fmyslov\u00fdch a skladov\u00fdch prostorech b\u011bhem pandemie koronaviru, jsou logistick\u00e9 spole\u010dnosti a velk\u00e9 e-shopy, jejich\u017e slu\u017eby ve druh\u00e9m \u010dtvrtlet\u00ed prudce stouply. N\u00e1sledovaly v\u00fdrobn\u00ed spole\u010dnosti s 37 procenty. Logistika si pronajala 62 % nov\u00fdch prostor a produkce 28 %. \u00dadaje o trhu dopl\u0148uje Lubor Svoboda,&hellip;","_links":{"self":[{"href":"https:\/\/www.arete.eu\/cs\/wp-json\/wp\/v2\/posts\/13640","targetHints":{"allow":["GET"]}}],"collection":[{"href":"https:\/\/www.arete.eu\/cs\/wp-json\/wp\/v2\/posts"}],"about":[{"href":"https:\/\/www.arete.eu\/cs\/wp-json\/wp\/v2\/types\/post"}],"author":[{"embeddable":true,"href":"https:\/\/www.arete.eu\/cs\/wp-json\/wp\/v2\/users\/6"}],"replies":[{"embeddable":true,"href":"https:\/\/www.arete.eu\/cs\/wp-json\/wp\/v2\/comments?post=13640"}],"version-history":[{"count":1,"href":"https:\/\/www.arete.eu\/cs\/wp-json\/wp\/v2\/posts\/13640\/revisions"}],"predecessor-version":[{"id":13642,"href":"https:\/\/www.arete.eu\/cs\/wp-json\/wp\/v2\/posts\/13640\/revisions\/13642"}],"wp:featuredmedia":[{"embeddable":true,"href":"https:\/\/www.arete.eu\/cs\/wp-json\/wp\/v2\/media\/13641"}],"wp:attachment":[{"href":"https:\/\/www.arete.eu\/cs\/wp-json\/wp\/v2\/media?parent=13640"}],"wp:term":[{"taxonomy":"category","embeddable":true,"href":"https:\/\/www.arete.eu\/cs\/wp-json\/wp\/v2\/categories?post=13640"},{"taxonomy":"post_tag","embeddable":true,"href":"https:\/\/www.arete.eu\/cs\/wp-json\/wp\/v2\/tags?post=13640"}],"curies":[{"name":"wp","href":"https:\/\/api.w.org\/{rel}","templated":true}]}}