{"id":13634,"date":"2020-09-21T05:35:37","date_gmt":"2020-09-21T05:35:37","guid":{"rendered":"https:\/\/www.arete.eu\/snidane-sampionu\/"},"modified":"2025-03-03T10:37:37","modified_gmt":"2025-03-03T10:37:37","slug":"snidane-sampionu","status":"publish","type":"post","link":"https:\/\/www.arete.eu\/cs\/snidane-sampionu\/","title":{"rendered":"Sn\u00eddan\u011b \u0161ampion\u016f"},"content":{"rendered":"&#13;\n<p><br\/>Lubor Svoboda se p\u0159ed \u0161esti lety chopil \u201ene \u00fapln\u011b sexy\u201c investi\u010dn\u00ed p\u0159\u00edle\u017eitosti v podob\u011b pr\u016fmyslov\u00fdch nemovitost\u00ed, z nich\u017e s Robertem Idesem vybudovali ARETE \u2013 nejziskov\u011bj\u0161\u00ed realitn\u00ed fondy v \u010cR. Dok\u00e1\u017eou generovat v\u00fdnos p\u0159es 20 procent ro\u010dn\u011b a nav\u00edc bez \u00fajmy zvl\u00e1dli v\u0161echna \u00faskal\u00ed koronavirov\u00e9 krize.<br\/><br\/><br\/> <\/p>","protected":false},"excerpt":{"rendered":"<p>&#13; Lubor Svoboda se p\u0159ed \u0161esti lety chopil \u201ene \u00fapln\u011b sexy\u201c investi\u010dn\u00ed p\u0159\u00edle\u017eitosti v podob\u011b pr\u016fmyslov\u00fdch nemovitost\u00ed, z nich\u017e s Robertem Idesem vybudovali ARETE \u2013 nejziskov\u011bj\u0161\u00ed realitn\u00ed fondy v \u010cR. Dok\u00e1\u017eou generovat v\u00fdnos p\u0159es 20 procent ro\u010dn\u011b a nav\u00edc bez \u00fajmy zvl\u00e1dli v\u0161echna \u00faskal\u00ed koronavirov\u00e9 krize.<\/p>\n","protected":false},"author":6,"featured_media":13635,"comment_status":"open","ping_status":"open","sticky":false,"template":"@@single-custom-post.php","format":"standard","meta":{"_acf_changed":false,"footnotes":""},"categories":[63],"tags":[],"class_list":["post-13634","post","type-post","status-publish","format-standard","has-post-thumbnail","hentry","category-praha-cs","investment-clanky-esg","news-novinky"],"acf":[],"rttpg_featured_image_url":{"full":["https:\/\/www.arete.eu\/wp-content\/uploads\/2025\/02\/forbes-obalka.webp",968,1081,false],"landscape":["https:\/\/www.arete.eu\/wp-content\/uploads\/2025\/02\/forbes-obalka.webp",968,1081,false],"portraits":["https:\/\/www.arete.eu\/wp-content\/uploads\/2025\/02\/forbes-obalka.webp",968,1081,false],"thumbnail":["https:\/\/www.arete.eu\/wp-content\/uploads\/2025\/02\/forbes-obalka-150x150.webp",150,150,true],"medium":["https:\/\/www.arete.eu\/wp-content\/uploads\/2025\/02\/forbes-obalka-269x300.webp",269,300,true],"large":["https:\/\/www.arete.eu\/wp-content\/uploads\/2025\/02\/forbes-obalka-917x1024.webp",800,893,true],"1536x1536":["https:\/\/www.arete.eu\/wp-content\/uploads\/2025\/02\/forbes-obalka.webp",968,1081,false],"2048x2048":["https:\/\/www.arete.eu\/wp-content\/uploads\/2025\/02\/forbes-obalka.webp",968,1081,false]},"rttpg_author":{"display_name":"newadmin","author_link":"https:\/\/www.arete.eu\/cs\/author\/newadmin\/"},"rttpg_comment":0,"rttpg_category":"<a href=\"https:\/\/www.arete.eu\/cs\/category\/praha-cs\/\" rel=\"category tag\">Praha<\/a>","rttpg_excerpt":"&#13; Lubor Svoboda se p\u0159ed \u0161esti lety chopil \u201ene \u00fapln\u011b sexy\u201c investi\u010dn\u00ed p\u0159\u00edle\u017eitosti v podob\u011b pr\u016fmyslov\u00fdch nemovitost\u00ed, z nich\u017e s Robertem Idesem vybudovali ARETE \u2013 nejziskov\u011bj\u0161\u00ed realitn\u00ed fondy v \u010cR. Dok\u00e1\u017eou generovat v\u00fdnos p\u0159es 20 procent ro\u010dn\u011b a nav\u00edc bez \u00fajmy zvl\u00e1dli v\u0161echna \u00faskal\u00ed koronavirov\u00e9 krize.","_links":{"self":[{"href":"https:\/\/www.arete.eu\/cs\/wp-json\/wp\/v2\/posts\/13634","targetHints":{"allow":["GET"]}}],"collection":[{"href":"https:\/\/www.arete.eu\/cs\/wp-json\/wp\/v2\/posts"}],"about":[{"href":"https:\/\/www.arete.eu\/cs\/wp-json\/wp\/v2\/types\/post"}],"author":[{"embeddable":true,"href":"https:\/\/www.arete.eu\/cs\/wp-json\/wp\/v2\/users\/6"}],"replies":[{"embeddable":true,"href":"https:\/\/www.arete.eu\/cs\/wp-json\/wp\/v2\/comments?post=13634"}],"version-history":[{"count":1,"href":"https:\/\/www.arete.eu\/cs\/wp-json\/wp\/v2\/posts\/13634\/revisions"}],"predecessor-version":[{"id":13636,"href":"https:\/\/www.arete.eu\/cs\/wp-json\/wp\/v2\/posts\/13634\/revisions\/13636"}],"wp:featuredmedia":[{"embeddable":true,"href":"https:\/\/www.arete.eu\/cs\/wp-json\/wp\/v2\/media\/13635"}],"wp:attachment":[{"href":"https:\/\/www.arete.eu\/cs\/wp-json\/wp\/v2\/media?parent=13634"}],"wp:term":[{"taxonomy":"category","embeddable":true,"href":"https:\/\/www.arete.eu\/cs\/wp-json\/wp\/v2\/categories?post=13634"},{"taxonomy":"post_tag","embeddable":true,"href":"https:\/\/www.arete.eu\/cs\/wp-json\/wp\/v2\/tags?post=13634"}],"curies":[{"name":"wp","href":"https:\/\/api.w.org\/{rel}","templated":true}]}}