{"id":13631,"date":"2020-09-23T05:31:14","date_gmt":"2020-09-23T05:31:14","guid":{"rendered":"https:\/\/www.arete.eu\/skupina-arete-zkolaudovala-vyrobni-haly-v-uherskem-hradisti-a-kosicich-investice-dosahly-temer-20-milionu-eur\/"},"modified":"2025-03-03T10:33:17","modified_gmt":"2025-03-03T10:33:17","slug":"skupina-arete-zkolaudovala-vyrobni-haly-v-uherskem-hradisti-a-kosicich-investice-dosahly-temer-20-milionu-eur","status":"publish","type":"post","link":"https:\/\/www.arete.eu\/cs\/skupina-arete-zkolaudovala-vyrobni-haly-v-uherskem-hradisti-a-kosicich-investice-dosahly-temer-20-milionu-eur\/","title":{"rendered":"Skupina ARETE zkolaudovala v\u00fdrobn\u00ed haly v Uhersk\u00e9m Hradi\u0161ti a Ko\u0161ic\u00edch, investice dos\u00e1hly t\u00e9m\u011b\u0159 20 milion\u016f EUR"},"content":{"rendered":"&#13;\n<p><i>\u201eJsme r\u00e1di, \u017ee se n\u00e1m v obou lokalit\u00e1ch poda\u0159ilo stavbu dokon\u010dit v pl\u00e1novan\u00fdch term\u00ednech. Dob\u0159e jsme se vyrovnali i s komplikacemi plynouc\u00edmi z pandemie koronaviru, kter\u00e9 zp\u016fsobily pozastaven\u00ed stavebn\u00edch prac\u00ed a p\u0159eru\u0161en\u00ed dod\u00e1vek materi\u00e1lu. P\u0159esto byly prostory pro n\u00e1jemce p\u0159ipraveny d\u0159\u00edve, ne\u017e se o\u010dek\u00e1valo,\u201c uvedl Lubor Svoboda, spoluzakladatel skupiny ARETE. \u201e<\/i>Na\u0161e vlastn\u00ed stavebn\u00ed projekty dokazuj\u00ed, <i>\u017ee jsme schopni na\u0161e portfolio nemovitost\u00ed d\u00e1le roz\u0161i\u0159ovat a v\u00fdznamn\u011b tak p\u0159isp\u00edvat ke zvy\u0161ov\u00e1n\u00ed hodnoty pro na\u0161e investory. Nav\u00edc chceme \u2013 nad r\u00e1mec sv\u00fdch povinnost\u00ed \u2013 podporovat cel\u00e9 regiony, kde p\u016fsob\u00edme. Nap\u0159\u00edklad ve Ve\u013ek\u00e9 Ide, kde s\u00eddl\u00ed na\u0161e nov\u011b vybudovan\u00e9 v\u00fdrobn\u00ed prostory, jsme obci darovali d\u011btsk\u00e9 h\u0159i\u0161t\u011b,\u201c dodal<\/i> Lubor Svoboda. <\/p>&#13;\n<p><strong>Nov\u00e9 prostory v Ko\u0161ic\u00edch<\/strong><\/p>&#13;\n<p>V pr\u016fmyslov\u00e9 z\u00f3n\u011b Ve\u013ek\u00e1 Ida vyrostl soubor dvou specializovan\u00fdch v\u00fdrobn\u00edch hal pro spole\u010dnost Steelcon Slovakia, \u010dlena d\u00e1nsk\u00e9 skupiny Dominion Steelcon, specializuj\u00edc\u00ed se na v\u00fdrobu ocelov\u00fdch kom\u00edn\u016f. Nach\u00e1z\u00ed se v bezprost\u0159edn\u00ed bl\u00edzkosti m\u011bsta Ko\u0161ice na Slovensku a dlouhodob\u011b je v hled\u00e1\u010dku zahrani\u010dn\u00edch v\u00fdrobn\u00edch spole\u010dnost\u00ed. <\/p>&#13;\n<p><i>\u201eSteelcon Slovakia, \u010dlen skupiny Dominion Group, je vysoce stabiln\u00ed a glob\u00e1ln\u011b rostouc\u00ed spole\u010dnost. Celosv\u011btov\u011b ji\u017e dodala v\u00edce ne\u017e 6 500 pr\u016fmyslov\u00fdch ocelov\u00fdch kom\u00edn\u016f, co\u017e z n\u00ed \u010din\u00ed glob\u00e1ln\u00edho l\u00eddra v oboru. Pro na\u0161i v\u00fdrobn\u00ed halu jsme z\u00edskali skute\u010dn\u011b v\u00fdznamn\u00e9ho dlouhodob\u00e9ho n\u00e1jemce,\u201c<\/i> zd\u016fraznil Lubor Svoboda. Prost\u0159edky investovan\u00e9 do tohoto stavebn\u00edho projektu, posiluj\u00edc\u00edho atraktivitu slovensk\u00e9ho investi\u010dn\u00edho trhu, \u010dinily 13 milion\u016f EUR. Stavebn\u00ed pr\u00e1ce byly zah\u00e1jeny v listopadu a zkolaudov\u00e1ny v srpnu.  <\/p>&#13;\n<p><strong>P\u0159\u00edstavba haly v Uhersk\u00e9m Hradi\u0161ti<\/strong><\/p>&#13;\n<p>Intenzivn\u00ed pr\u00e1ce na roz\u0161\u00ed\u0159en\u00ed st\u00e1vaj\u00edc\u00ed v\u00fdrobn\u00ed haly Forschner v pr\u016fmyslov\u00e9m parku ARETE v Uhersk\u00e9m Hradi\u0161ti za\u010daly v lo\u0148sk\u00e9m roce a n\u00e1jemce tak mohl v\u010das zah\u00e1jit p\u0159\u00edpravu v\u00fdroby v nov\u00fdch prostor\u00e1ch. Sou\u010d\u00e1st\u00ed projektu je mimo jin\u00e9 vybudov\u00e1n\u00ed modern\u00edch \u010dist\u00fdch provoz\u016f na v\u00fdrobu komponent\u016f pro elektromobily podle nejvy\u0161\u0161\u00edch mezin\u00e1rodn\u00edch standard\u016f se st\u00e1lou teplotou a vlhkost\u00ed. Sou\u010d\u00e1st\u00ed stavebn\u00edho projektu je samoz\u0159ejm\u011b \u0159e\u0161en\u00ed vsakov\u00e1n\u00ed de\u0161\u0165ov\u00e9 vody. Dal\u0161\u00ed ned\u00edlnou sou\u010d\u00e1st\u00ed haly jsou modern\u00ed kancel\u00e1\u0159sk\u00e9 a soci\u00e1ln\u00ed za\u0159\u00edzen\u00ed pro zam\u011bstnance.   <\/p>&#13;\n<p>Pr\u016fmyslov\u00fd are\u00e1l t\u0159\u00eddy A v Uhersk\u00e9m Hradi\u0161ti s v\u00fdbornou dopravn\u00ed dostupnost\u00ed na Slovensko a do Jihomoravsk\u00e9ho kraje je sou\u010d\u00e1st\u00ed portfolia Arete ji\u017e \u010dtvrt\u00fdm rokem. Nab\u00edz\u00ed celkovou v\u00fdrobn\u00ed a skladovou plochu 12 750 m2, z toho 1 034 m2 tvo\u0159\u00ed specializovan\u00e9 \u010dist\u00e9 provozy. Cel\u00fd are\u00e1l je pronajat spole\u010dnosti Forschner, p\u016fvodn\u011b n\u011bmeck\u00e9 rodinn\u00e9 firm\u011b, kter\u00e1 se rozrostla v nadn\u00e1rodn\u00ed spole\u010dnost. Specializuje se na elektromobilitu, v\u00fdrobu kabelov\u00fdch a elektromechanick\u00fdch syst\u00e9m\u016f a dal\u0161\u00edch komponent\u016f p\u0159edev\u0161\u00edm pro automobilov\u00fd pr\u016fmysl. Mezi jej\u00ed klienty pat\u0159\u00ed Audi, Continental, Daimler, Volkswagen, Philips a Bosch.    <\/p>","protected":false},"excerpt":{"rendered":"<p>&#13; \u201eJsme r\u00e1di, \u017ee se n\u00e1m v obou lokalit\u00e1ch poda\u0159ilo stavbu dokon\u010dit v pl\u00e1novan\u00fdch term\u00ednech. Dob\u0159e jsme se vyrovnali i s komplikacemi plynouc\u00edmi z pandemie koronaviru, kter\u00e9 zp\u016fsobily pozastaven\u00ed stavebn\u00edch prac\u00ed a p\u0159eru\u0161en\u00ed dod\u00e1vek materi\u00e1lu. P\u0159esto byly prostory pro n\u00e1jemce p\u0159ipraveny d\u0159\u00edve, ne\u017e se o\u010dek\u00e1valo,\u201c uvedl Lubor Svoboda, spoluzakladatel skupiny ARETE. \u201eNa\u0161e vlastn\u00ed stavebn\u00ed projekty dokazuj\u00ed, \u017ee jsme schopni na\u0161e portfolio nemovitost\u00ed d\u00e1le roz\u0161i\u0159ovat a v\u00fdznamn\u011b tak p\u0159isp\u00edvat ke zvy\u0161ov\u00e1n\u00ed hodnoty pro na\u0161e investory. Nav\u00edc chceme \u2013 nad r\u00e1mec sv\u00fdch povinnost\u00ed \u2013 podporovat cel\u00e9 regiony, kde p\u016fsob\u00edme. Nap\u0159\u00edklad ve Ve\u013ek\u00e9 Ide, kde s\u00eddl\u00ed na\u0161e nov\u011b vybudovan\u00e9 v\u00fdrobn\u00ed prostory, jsme obci darovali d\u011btsk\u00e9 h\u0159i\u0161t\u011b,\u201c dodal Lubor Svoboda. &#13; Nov\u00e9 prostory v Ko\u0161ic\u00edch &#13; V pr\u016fmyslov\u00e9 z\u00f3n\u011b Ve\u013ek\u00e1 Ida vyrostl soubor dvou specializovan\u00fdch v\u00fdrobn\u00edch hal pro spole\u010dnost Steelcon Slovakia, \u010dlena d\u00e1nsk\u00e9 skupiny Dominion Steelcon, specializuj\u00edc\u00ed se na v\u00fdrobu ocelov\u00fdch kom\u00edn\u016f. Nach\u00e1z\u00ed se v bezprost\u0159edn\u00ed bl\u00edzkosti m\u011bsta Ko\u0161ice na Slovensku a dlouhodob\u011b je v hled\u00e1\u010dku zahrani\u010dn\u00edch v\u00fdrobn\u00edch spole\u010dnost\u00ed. &#13; \u201eSteelcon Slovakia, \u010dlen skupiny Dominion Group, je vysoce stabiln\u00ed a glob\u00e1ln\u011b rostouc\u00ed spole\u010dnost. Celosv\u011btov\u011b ji\u017e dodala v\u00edce ne\u017e 6 500 pr\u016fmyslov\u00fdch ocelov\u00fdch kom\u00edn\u016f, co\u017e z n\u00ed \u010din\u00ed glob\u00e1ln\u00edho l\u00eddra v oboru. Pro na\u0161i v\u00fdrobn\u00ed halu jsme z\u00edskali skute\u010dn\u011b v\u00fdznamn\u00e9ho dlouhodob\u00e9ho n\u00e1jemce,\u201c zd\u016fraznil Lubor Svoboda. Prost\u0159edky investovan\u00e9 do tohoto stavebn\u00edho projektu, posiluj\u00edc\u00edho atraktivitu slovensk\u00e9ho investi\u010dn\u00edho trhu, \u010dinily 13 milion\u016f EUR. Stavebn\u00ed pr\u00e1ce byly zah\u00e1jeny v listopadu a zkolaudov\u00e1ny v srpnu. &#13; P\u0159\u00edstavba haly v Uhersk\u00e9m Hradi\u0161ti &#13; Intenzivn\u00ed pr\u00e1ce na roz\u0161\u00ed\u0159en\u00ed st\u00e1vaj\u00edc\u00ed v\u00fdrobn\u00ed haly Forschner v pr\u016fmyslov\u00e9m parku ARETE v Uhersk\u00e9m Hradi\u0161ti za\u010daly v lo\u0148sk\u00e9m roce a n\u00e1jemce tak mohl v\u010das zah\u00e1jit p\u0159\u00edpravu v\u00fdroby v nov\u00fdch prostor\u00e1ch. Sou\u010d\u00e1st\u00ed projektu je mimo jin\u00e9 vybudov\u00e1n\u00ed modern\u00edch \u010dist\u00fdch provoz\u016f na v\u00fdrobu komponent\u016f pro elektromobily podle nejvy\u0161\u0161\u00edch mezin\u00e1rodn\u00edch standard\u016f se st\u00e1lou teplotou a vlhkost\u00ed. Sou\u010d\u00e1st\u00ed stavebn\u00edho projektu je samoz\u0159ejm\u011b \u0159e\u0161en\u00ed vsakov\u00e1n\u00ed de\u0161\u0165ov\u00e9 vody. Dal\u0161\u00ed ned\u00edlnou sou\u010d\u00e1st\u00ed haly jsou modern\u00ed kancel\u00e1\u0159sk\u00e9 a soci\u00e1ln\u00ed za\u0159\u00edzen\u00ed pro zam\u011bstnance. &#13; Pr\u016fmyslov\u00fd are\u00e1l t\u0159\u00eddy A v Uhersk\u00e9m Hradi\u0161ti s v\u00fdbornou dopravn\u00ed dostupnost\u00ed na Slovensko a do Jihomoravsk\u00e9ho kraje je sou\u010d\u00e1st\u00ed portfolia Arete ji\u017e \u010dtvrt\u00fdm rokem. Nab\u00edz\u00ed celkovou v\u00fdrobn\u00ed a skladovou plochu 12 750 m2, z toho 1 034 m2 tvo\u0159\u00ed specializovan\u00e9 \u010dist\u00e9 provozy. Cel\u00fd are\u00e1l je pronajat spole\u010dnosti Forschner, p\u016fvodn\u011b n\u011bmeck\u00e9 rodinn\u00e9 firm\u011b, kter\u00e1 se rozrostla v nadn\u00e1rodn\u00ed spole\u010dnost. Specializuje se na elektromobilitu, v\u00fdrobu kabelov\u00fdch a elektromechanick\u00fdch syst\u00e9m\u016f a dal\u0161\u00edch komponent\u016f p\u0159edev\u0161\u00edm pro automobilov\u00fd pr\u016fmysl. Mezi jej\u00ed klienty pat\u0159\u00ed Audi, Continental, Daimler, Volkswagen, Philips a Bosch.<\/p>\n","protected":false},"author":6,"featured_media":13632,"comment_status":"open","ping_status":"open","sticky":false,"template":"@@single-custom-post.php","format":"standard","meta":{"_acf_changed":false,"footnotes":""},"categories":[81,63,82],"tags":[],"class_list":["post-13631","post","type-post","status-publish","format-standard","has-post-thumbnail","hentry","category-kosice-cs","category-praha-cs","category-uherske-hradiste-cs","investment-clanky-esg","news-novinky"],"acf":[],"rttpg_featured_image_url":{"full":["https:\/\/www.arete.eu\/wp-content\/uploads\/2025\/02\/arete-velka-ida-048.webp",1200,750,false],"landscape":["https:\/\/www.arete.eu\/wp-content\/uploads\/2025\/02\/arete-velka-ida-048.webp",1200,750,false],"portraits":["https:\/\/www.arete.eu\/wp-content\/uploads\/2025\/02\/arete-velka-ida-048.webp",1200,750,false],"thumbnail":["https:\/\/www.arete.eu\/wp-content\/uploads\/2025\/02\/arete-velka-ida-048-150x150.webp",150,150,true],"medium":["https:\/\/www.arete.eu\/wp-content\/uploads\/2025\/02\/arete-velka-ida-048-300x188.webp",300,188,true],"large":["https:\/\/www.arete.eu\/wp-content\/uploads\/2025\/02\/arete-velka-ida-048-1024x640.webp",800,500,true],"1536x1536":["https:\/\/www.arete.eu\/wp-content\/uploads\/2025\/02\/arete-velka-ida-048.webp",1200,750,false],"2048x2048":["https:\/\/www.arete.eu\/wp-content\/uploads\/2025\/02\/arete-velka-ida-048.webp",1200,750,false]},"rttpg_author":{"display_name":"newadmin","author_link":"https:\/\/www.arete.eu\/cs\/author\/newadmin\/"},"rttpg_comment":0,"rttpg_category":"<a href=\"https:\/\/www.arete.eu\/cs\/category\/kosice-cs\/\" rel=\"category tag\">Ko\u0161ice<\/a> <a href=\"https:\/\/www.arete.eu\/cs\/category\/praha-cs\/\" rel=\"category tag\">Praha<\/a> <a href=\"https:\/\/www.arete.eu\/cs\/category\/uherske-hradiste-cs\/\" rel=\"category tag\">Uhersk\u00e9 Hradi\u0161t\u011b<\/a>","rttpg_excerpt":"&#13; \u201eJsme r\u00e1di, \u017ee se n\u00e1m v obou lokalit\u00e1ch poda\u0159ilo stavbu dokon\u010dit v pl\u00e1novan\u00fdch term\u00ednech. Dob\u0159e jsme se vyrovnali i s komplikacemi plynouc\u00edmi z pandemie koronaviru, kter\u00e9 zp\u016fsobily pozastaven\u00ed stavebn\u00edch prac\u00ed a p\u0159eru\u0161en\u00ed dod\u00e1vek materi\u00e1lu. P\u0159esto byly prostory pro n\u00e1jemce p\u0159ipraveny d\u0159\u00edve, ne\u017e se o\u010dek\u00e1valo,\u201c uvedl Lubor Svoboda, spoluzakladatel skupiny ARETE. \u201eNa\u0161e vlastn\u00ed stavebn\u00ed projekty&hellip;","_links":{"self":[{"href":"https:\/\/www.arete.eu\/cs\/wp-json\/wp\/v2\/posts\/13631","targetHints":{"allow":["GET"]}}],"collection":[{"href":"https:\/\/www.arete.eu\/cs\/wp-json\/wp\/v2\/posts"}],"about":[{"href":"https:\/\/www.arete.eu\/cs\/wp-json\/wp\/v2\/types\/post"}],"author":[{"embeddable":true,"href":"https:\/\/www.arete.eu\/cs\/wp-json\/wp\/v2\/users\/6"}],"replies":[{"embeddable":true,"href":"https:\/\/www.arete.eu\/cs\/wp-json\/wp\/v2\/comments?post=13631"}],"version-history":[{"count":1,"href":"https:\/\/www.arete.eu\/cs\/wp-json\/wp\/v2\/posts\/13631\/revisions"}],"predecessor-version":[{"id":13633,"href":"https:\/\/www.arete.eu\/cs\/wp-json\/wp\/v2\/posts\/13631\/revisions\/13633"}],"wp:featuredmedia":[{"embeddable":true,"href":"https:\/\/www.arete.eu\/cs\/wp-json\/wp\/v2\/media\/13632"}],"wp:attachment":[{"href":"https:\/\/www.arete.eu\/cs\/wp-json\/wp\/v2\/media?parent=13631"}],"wp:term":[{"taxonomy":"category","embeddable":true,"href":"https:\/\/www.arete.eu\/cs\/wp-json\/wp\/v2\/categories?post=13631"},{"taxonomy":"post_tag","embeddable":true,"href":"https:\/\/www.arete.eu\/cs\/wp-json\/wp\/v2\/tags?post=13631"}],"curies":[{"name":"wp","href":"https:\/\/api.w.org\/{rel}","templated":true}]}}