{"id":13589,"date":"2025-03-03T06:59:07","date_gmt":"2025-03-03T06:59:07","guid":{"rendered":"https:\/\/www.arete.eu\/?p=13589"},"modified":"2025-04-29T06:42:12","modified_gmt":"2025-04-29T06:42:12","slug":"fondy-privatniho-trhu-rostouci-investicni-prilezitost","status":"publish","type":"post","link":"https:\/\/www.arete.eu\/cs\/fondy-privatniho-trhu-rostouci-investicni-prilezitost\/","title":{"rendered":"Fondy priv\u00e1tn\u00edho trhu: Rostouc\u00ed investi\u010dn\u00ed p\u0159\u00edle\u017eitost"},"content":{"rendered":"\r\n<p><strong>Fondy priv\u00e1tn\u00edho trhu si z\u00edsk\u00e1vaj\u00ed st\u00e1le v\u011bt\u0161\u00ed oblibu jako siln\u00fd investi\u010dn\u00ed n\u00e1stroj, kter\u00fd nab\u00edz\u00ed stabilitu a n\u00edzkou korelaci s ve\u0159ejn\u00fdmi trhy. Ve sv\u00e9m \u010dl\u00e1nku pro t\u00fdden\u00edk Euro se Josef Vojta, \u0159editel pro kapit\u00e1lov\u00e9 trhy ve skupin\u011b ARETE, zab\u00fdv\u00e1 rostouc\u00ed popularitou t\u011bchto fond\u016f.<\/strong><\/p>\r\n<p>V posledn\u00edch letech se fondy priv\u00e1tn\u00edho trhu staly v\u00fdznamn\u00fdm investi\u010dn\u00edm n\u00e1strojem, kter\u00fd nab\u00edz\u00ed n\u00edzkou korelaci s ve\u0159ejn\u00fdmi trhy a sni\u017euje volatilitu portfolia. Na rozd\u00edl od ve\u0159ejn\u011b obchodovan\u00fdch fond\u016f, kter\u00e9 jsou vysoce likvidn\u00ed, ale podl\u00e9haj\u00ed vysok\u00e9 volatilit\u011b, funguj\u00ed fondy priv\u00e1tn\u00edho trhu jako stabiliza\u010dn\u00ed prvek v investi\u010dn\u00edch portfoli\u00edch. <br \/><br \/><a href=\"https:\/\/www.tydenikeuro.cz\/proc-se-rozvijely-fondy-privatniho-trhu\/\">Ve sv\u00e9m \u010dl\u00e1nku<\/a> pro ekonomick\u00fd t\u00fdden\u00edk Euro vysv\u011btluje Josef Vojta, \u0159editel pro kapit\u00e1lov\u00e9 trhy ve skupin\u011b ARETE, co stoj\u00ed za glob\u00e1ln\u00edm r\u016fstem popularity fond\u016f priv\u00e1tn\u00edho trhu, kter\u00e9 v m\u00edstn\u00edch podm\u00ednk\u00e1ch reprezentuje nap\u0159\u00edklad fond ARETE INDUSTRIAL, jen\u017e se zam\u011b\u0159uje na vysoce kvalitn\u00ed pr\u016fmyslov\u00e9 nemovitosti.<br \/>V p\u0159ilo\u017een\u00e9m \u010dl\u00e1nku zjist\u00edte, jak fondy priv\u00e1tn\u00edho trhu vyva\u017euj\u00ed riziko a v\u00fdnos a pro\u010d si z\u00edsk\u00e1vaj\u00ed st\u00e1le v\u011bt\u0161\u00ed oblibu mezi investory. <br \/><br \/><\/p>\r\n\r\n","protected":false},"excerpt":{"rendered":"<p>Fondy priv\u00e1tn\u00edho trhu si z\u00edsk\u00e1vaj\u00ed st\u00e1le v\u011bt\u0161\u00ed oblibu jako siln\u00fd investi\u010dn\u00ed n\u00e1stroj, kter\u00fd nab\u00edz\u00ed stabilitu a n\u00edzkou korelaci s ve\u0159ejn\u00fdmi trhy. Ve sv\u00e9m \u010dl\u00e1nku pro t\u00fdden\u00edk Euro se Josef Vojta, \u0159editel pro kapit\u00e1lov\u00e9 trhy ve skupin\u011b ARETE, zab\u00fdv\u00e1 rostouc\u00ed popularitou t\u011bchto fond\u016f. V posledn\u00edch letech se fondy priv\u00e1tn\u00edho trhu staly v\u00fdznamn\u00fdm investi\u010dn\u00edm n\u00e1strojem, kter\u00fd nab\u00edz\u00ed n\u00edzkou korelaci s ve\u0159ejn\u00fdmi trhy a sni\u017euje volatilitu portfolia. Na rozd\u00edl od ve\u0159ejn\u011b obchodovan\u00fdch fond\u016f, kter\u00e9 jsou vysoce likvidn\u00ed, ale podl\u00e9haj\u00ed vysok\u00e9 volatilit\u011b, funguj\u00ed fondy priv\u00e1tn\u00edho trhu jako stabiliza\u010dn\u00ed prvek v investi\u010dn\u00edch portfoli\u00edch. Ve sv\u00e9m \u010dl\u00e1nku pro ekonomick\u00fd t\u00fdden\u00edk Euro vysv\u011btluje Josef Vojta, \u0159editel pro kapit\u00e1lov\u00e9 trhy ve skupin\u011b ARETE, co stoj\u00ed za glob\u00e1ln\u00edm r\u016fstem popularity fond\u016f priv\u00e1tn\u00edho trhu, kter\u00e9 v m\u00edstn\u00edch podm\u00ednk\u00e1ch reprezentuje nap\u0159\u00edklad fond ARETE INDUSTRIAL, jen\u017e se zam\u011b\u0159uje na vysoce kvalitn\u00ed pr\u016fmyslov\u00e9 nemovitosti.V p\u0159ilo\u017een\u00e9m \u010dl\u00e1nku zjist\u00edte, jak fondy priv\u00e1tn\u00edho trhu vyva\u017euj\u00ed riziko a v\u00fdnos a pro\u010d si z\u00edsk\u00e1vaj\u00ed st\u00e1le v\u011bt\u0161\u00ed oblibu mezi investory.<\/p>\n","protected":false},"author":6,"featured_media":13773,"comment_status":"open","ping_status":"open","sticky":false,"template":"@@single-custom-post.php","format":"standard","meta":{"_acf_changed":false,"footnotes":""},"categories":[63],"tags":[],"class_list":["post-13589","post","type-post","status-publish","format-standard","has-post-thumbnail","hentry","category-praha-cs","investment-clanky-esg","news-casopisy"],"acf":[],"rttpg_featured_image_url":{"full":["https:\/\/www.arete.eu\/wp-content\/uploads\/2025\/03\/NOS5964_fin_mensi.jpg",1400,1221,false],"landscape":["https:\/\/www.arete.eu\/wp-content\/uploads\/2025\/03\/NOS5964_fin_mensi.jpg",1400,1221,false],"portraits":["https:\/\/www.arete.eu\/wp-content\/uploads\/2025\/03\/NOS5964_fin_mensi.jpg",1400,1221,false],"thumbnail":["https:\/\/www.arete.eu\/wp-content\/uploads\/2025\/03\/NOS5964_fin_mensi-150x150.jpg",150,150,true],"medium":["https:\/\/www.arete.eu\/wp-content\/uploads\/2025\/03\/NOS5964_fin_mensi-300x262.jpg",300,262,true],"large":["https:\/\/www.arete.eu\/wp-content\/uploads\/2025\/03\/NOS5964_fin_mensi-1024x893.jpg",800,698,true],"1536x1536":["https:\/\/www.arete.eu\/wp-content\/uploads\/2025\/03\/NOS5964_fin_mensi.jpg",1400,1221,false],"2048x2048":["https:\/\/www.arete.eu\/wp-content\/uploads\/2025\/03\/NOS5964_fin_mensi.jpg",1400,1221,false]},"rttpg_author":{"display_name":"newadmin","author_link":"https:\/\/www.arete.eu\/cs\/author\/newadmin\/"},"rttpg_comment":0,"rttpg_category":"<a href=\"https:\/\/www.arete.eu\/cs\/category\/praha-cs\/\" rel=\"category tag\">Praha<\/a>","rttpg_excerpt":"Fondy priv\u00e1tn\u00edho trhu si z\u00edsk\u00e1vaj\u00ed st\u00e1le v\u011bt\u0161\u00ed oblibu jako siln\u00fd investi\u010dn\u00ed n\u00e1stroj, kter\u00fd nab\u00edz\u00ed stabilitu a n\u00edzkou korelaci s ve\u0159ejn\u00fdmi trhy. Ve sv\u00e9m \u010dl\u00e1nku pro t\u00fdden\u00edk Euro se Josef Vojta, \u0159editel pro kapit\u00e1lov\u00e9 trhy ve skupin\u011b ARETE, zab\u00fdv\u00e1 rostouc\u00ed popularitou t\u011bchto fond\u016f. V posledn\u00edch letech se fondy priv\u00e1tn\u00edho trhu staly v\u00fdznamn\u00fdm investi\u010dn\u00edm n\u00e1strojem, kter\u00fd nab\u00edz\u00ed&hellip;","_links":{"self":[{"href":"https:\/\/www.arete.eu\/cs\/wp-json\/wp\/v2\/posts\/13589","targetHints":{"allow":["GET"]}}],"collection":[{"href":"https:\/\/www.arete.eu\/cs\/wp-json\/wp\/v2\/posts"}],"about":[{"href":"https:\/\/www.arete.eu\/cs\/wp-json\/wp\/v2\/types\/post"}],"author":[{"embeddable":true,"href":"https:\/\/www.arete.eu\/cs\/wp-json\/wp\/v2\/users\/6"}],"replies":[{"embeddable":true,"href":"https:\/\/www.arete.eu\/cs\/wp-json\/wp\/v2\/comments?post=13589"}],"version-history":[{"count":29,"href":"https:\/\/www.arete.eu\/cs\/wp-json\/wp\/v2\/posts\/13589\/revisions"}],"predecessor-version":[{"id":16397,"href":"https:\/\/www.arete.eu\/cs\/wp-json\/wp\/v2\/posts\/13589\/revisions\/16397"}],"wp:featuredmedia":[{"embeddable":true,"href":"https:\/\/www.arete.eu\/cs\/wp-json\/wp\/v2\/media\/13773"}],"wp:attachment":[{"href":"https:\/\/www.arete.eu\/cs\/wp-json\/wp\/v2\/media?parent=13589"}],"wp:term":[{"taxonomy":"category","embeddable":true,"href":"https:\/\/www.arete.eu\/cs\/wp-json\/wp\/v2\/categories?post=13589"},{"taxonomy":"post_tag","embeddable":true,"href":"https:\/\/www.arete.eu\/cs\/wp-json\/wp\/v2\/tags?post=13589"}],"curies":[{"name":"wp","href":"https:\/\/api.w.org\/{rel}","templated":true}]}}