{"id":13548,"date":"2021-05-26T11:48:25","date_gmt":"2021-05-26T11:48:25","guid":{"rendered":"https:\/\/www.arete.eu\/nasim-dlouhodobym-vynosem-nad-10-p-a-porazime-vetsinu-fondu-na-ceskem-realitnim-trhu\/"},"modified":"2025-03-18T05:57:57","modified_gmt":"2025-03-18T05:57:57","slug":"nasim-dlouhodobym-vynosem-nad-10-p-a-porazime-vetsinu-fondu-na-ceskem-realitnim-trhu","status":"publish","type":"post","link":"https:\/\/www.arete.eu\/cs\/nasim-dlouhodobym-vynosem-nad-10-p-a-porazime-vetsinu-fondu-na-ceskem-realitnim-trhu\/","title":{"rendered":"Na\u0161\u00edm dlouhodob\u00fdm v\u00fdnosem nad 10 % p.a. por\u00e1\u017e\u00edme v\u011bt\u0161inu fond\u016f na \u010desk\u00e9m realitn\u00edm trhu"},"content":{"rendered":"&#13;\n<p>\u00a0<\/p>&#13;\n<p>Na\u0161\u00edm dlouhodob\u00fdm v\u00fdnosem nad 10 % p.a. por\u00e1\u017e\u00edme v\u011bt\u0161inu fond\u016f na \u010desk\u00e9m realitn\u00edm trhu.<\/p>&#13;\n<p><i>\u201eTi, co s n\u00e1mi do fondu vstoupili jako prvn\u00ed, zdvojn\u00e1sobili svoje pen\u00edze. Ov\u0161em i ti, co vstoupili jako posledn\u00ed, jsou st\u00e1le zhruba na dvojn\u00e1sobku ro\u010dn\u00edho zhodnocen\u00ed, kter\u00e9 v \u010cesku poskytuj\u00ed t\u0159eba fondy pen\u011b\u017en\u00edho trhu,\u201c <\/i>\u0159\u00edk\u00e1 spoluzakladatel ARETE Group Lubor Svoboda. <i>&#8222;Jsou to re\u00e1ln\u00e1 \u010d\u00edsla, kter\u00e1 nejsou um\u011ble p\u0159ipravov\u00e1na \u017e\u00e1dn\u00fdmi p\u0159ecen\u011bn\u00edmi nebo jin\u00fdmi n\u00e1zory mana\u017eer\u016f fond\u016f. Jdeme cestou potvrzen\u00ed re\u00e1ln\u00e9 hodnoty prodejem cel\u00e9ho portfolia na trhu,&#8220;<\/i> dod\u00e1v\u00e1.<\/p>&#13;\n<p>Nyn\u00ed spou\u0161t\u00edme dal\u0161\u00ed nemovitostn\u00ed fond, kter\u00fd op\u011bt s\u00e1z\u00ed na logistiku, sklady a lehk\u00e9 v\u00fdrobn\u00ed haly, kter\u00e9 v\u0161ak budou mnohon\u00e1sobn\u011b v\u011bt\u0161\u00ed ne\u017e v minul\u00e9m fondu. V investi\u010dn\u00edm horizontu bychom tak m\u011bli v\u00fdrazn\u011b p\u0159ekonat o\u010dek\u00e1vanou m\u00edru inflace. <\/p>&#13;\n<p>Rozhovor vy\u0161el v ti\u0161t\u011bn\u00e9 verzi dne\u0161n\u00edch Hospod\u00e1\u0159sk\u00fdch novin. Cel\u00fd rozhovor si tak\u00e9 m\u016f\u017eete p\u0159e\u010d\u00edst pod t\u00edmto odkazem (pouze v \u010de\u0161tin\u011b): <a href=\"https:\/\/lnkd.in\/dE4mpKr\" target=\"_blank\" rel=\"noopener\">https:\/\/lnkd.in\/dE4mpKr<\/a> <\/p>","protected":false},"excerpt":{"rendered":"<p>&#13; \u00a0 &#13; Na\u0161\u00edm dlouhodob\u00fdm v\u00fdnosem nad 10 % p.a. por\u00e1\u017e\u00edme v\u011bt\u0161inu fond\u016f na \u010desk\u00e9m realitn\u00edm trhu. &#13; \u201eTi, co s n\u00e1mi do fondu vstoupili jako prvn\u00ed, zdvojn\u00e1sobili svoje pen\u00edze. Ov\u0161em i ti, co vstoupili jako posledn\u00ed, jsou st\u00e1le zhruba na dvojn\u00e1sobku ro\u010dn\u00edho zhodnocen\u00ed, kter\u00e9 v \u010cesku poskytuj\u00ed t\u0159eba fondy pen\u011b\u017en\u00edho trhu,\u201c \u0159\u00edk\u00e1 spoluzakladatel ARETE Group Lubor Svoboda. &#8222;Jsou to re\u00e1ln\u00e1 \u010d\u00edsla, kter\u00e1 nejsou um\u011ble p\u0159ipravov\u00e1na \u017e\u00e1dn\u00fdmi p\u0159ecen\u011bn\u00edmi nebo jin\u00fdmi n\u00e1zory mana\u017eer\u016f fond\u016f. Jdeme cestou potvrzen\u00ed re\u00e1ln\u00e9 hodnoty prodejem cel\u00e9ho portfolia na trhu,&#8220; dod\u00e1v\u00e1. &#13; Nyn\u00ed spou\u0161t\u00edme dal\u0161\u00ed nemovitostn\u00ed fond, kter\u00fd op\u011bt s\u00e1z\u00ed na logistiku, sklady a lehk\u00e9 v\u00fdrobn\u00ed haly, kter\u00e9 v\u0161ak budou mnohon\u00e1sobn\u011b v\u011bt\u0161\u00ed ne\u017e v minul\u00e9m fondu. V investi\u010dn\u00edm horizontu bychom tak m\u011bli v\u00fdrazn\u011b p\u0159ekonat o\u010dek\u00e1vanou m\u00edru inflace. &#13; Rozhovor vy\u0161el v ti\u0161t\u011bn\u00e9 verzi dne\u0161n\u00edch Hospod\u00e1\u0159sk\u00fdch novin. Cel\u00fd rozhovor si tak\u00e9 m\u016f\u017eete p\u0159e\u010d\u00edst pod t\u00edmto odkazem (pouze v \u010de\u0161tin\u011b): https:\/\/lnkd.in\/dE4mpKr<\/p>\n","protected":false},"author":6,"featured_media":14455,"comment_status":"open","ping_status":"open","sticky":false,"template":"@@single-custom-post.php","format":"standard","meta":{"_acf_changed":false,"footnotes":""},"categories":[63],"tags":[],"class_list":["post-13548","post","type-post","status-publish","format-standard","has-post-thumbnail","hentry","category-praha-cs","investment-clanky-esg","news-novinky"],"acf":[],"rttpg_featured_image_url":{"full":["https:\/\/www.arete.eu\/wp-content\/uploads\/2021\/05\/nw-2.webp",2560,1708,false],"landscape":["https:\/\/www.arete.eu\/wp-content\/uploads\/2021\/05\/nw-2.webp",2560,1708,false],"portraits":["https:\/\/www.arete.eu\/wp-content\/uploads\/2021\/05\/nw-2.webp",2560,1708,false],"thumbnail":["https:\/\/www.arete.eu\/wp-content\/uploads\/2021\/05\/nw-2-150x150.webp",150,150,true],"medium":["https:\/\/www.arete.eu\/wp-content\/uploads\/2021\/05\/nw-2-300x200.webp",300,200,true],"large":["https:\/\/www.arete.eu\/wp-content\/uploads\/2021\/05\/nw-2-1024x683.webp",800,534,true],"1536x1536":["https:\/\/www.arete.eu\/wp-content\/uploads\/2021\/05\/nw-2-1536x1025.webp",1536,1025,true],"2048x2048":["https:\/\/www.arete.eu\/wp-content\/uploads\/2021\/05\/nw-2-2048x1366.webp",2048,1366,true]},"rttpg_author":{"display_name":"newadmin","author_link":"https:\/\/www.arete.eu\/cs\/author\/newadmin\/"},"rttpg_comment":0,"rttpg_category":"<a href=\"https:\/\/www.arete.eu\/cs\/category\/praha-cs\/\" rel=\"category tag\">Praha<\/a>","rttpg_excerpt":"&#13; \u00a0 &#13; Na\u0161\u00edm dlouhodob\u00fdm v\u00fdnosem nad 10 % p.a. por\u00e1\u017e\u00edme v\u011bt\u0161inu fond\u016f na \u010desk\u00e9m realitn\u00edm trhu. &#13; \u201eTi, co s n\u00e1mi do fondu vstoupili jako prvn\u00ed, zdvojn\u00e1sobili svoje pen\u00edze. Ov\u0161em i ti, co vstoupili jako posledn\u00ed, jsou st\u00e1le zhruba na dvojn\u00e1sobku ro\u010dn\u00edho zhodnocen\u00ed, kter\u00e9 v \u010cesku poskytuj\u00ed t\u0159eba fondy pen\u011b\u017en\u00edho trhu,\u201c \u0159\u00edk\u00e1 spoluzakladatel ARETE&hellip;","_links":{"self":[{"href":"https:\/\/www.arete.eu\/cs\/wp-json\/wp\/v2\/posts\/13548","targetHints":{"allow":["GET"]}}],"collection":[{"href":"https:\/\/www.arete.eu\/cs\/wp-json\/wp\/v2\/posts"}],"about":[{"href":"https:\/\/www.arete.eu\/cs\/wp-json\/wp\/v2\/types\/post"}],"author":[{"embeddable":true,"href":"https:\/\/www.arete.eu\/cs\/wp-json\/wp\/v2\/users\/6"}],"replies":[{"embeddable":true,"href":"https:\/\/www.arete.eu\/cs\/wp-json\/wp\/v2\/comments?post=13548"}],"version-history":[{"count":1,"href":"https:\/\/www.arete.eu\/cs\/wp-json\/wp\/v2\/posts\/13548\/revisions"}],"predecessor-version":[{"id":13549,"href":"https:\/\/www.arete.eu\/cs\/wp-json\/wp\/v2\/posts\/13548\/revisions\/13549"}],"wp:featuredmedia":[{"embeddable":true,"href":"https:\/\/www.arete.eu\/cs\/wp-json\/wp\/v2\/media\/14455"}],"wp:attachment":[{"href":"https:\/\/www.arete.eu\/cs\/wp-json\/wp\/v2\/media?parent=13548"}],"wp:term":[{"taxonomy":"category","embeddable":true,"href":"https:\/\/www.arete.eu\/cs\/wp-json\/wp\/v2\/categories?post=13548"},{"taxonomy":"post_tag","embeddable":true,"href":"https:\/\/www.arete.eu\/cs\/wp-json\/wp\/v2\/tags?post=13548"}],"curies":[{"name":"wp","href":"https:\/\/api.w.org\/{rel}","templated":true}]}}