{"id":13546,"date":"2021-06-08T11:46:36","date_gmt":"2021-06-08T11:46:36","guid":{"rendered":"https:\/\/www.arete.eu\/vyrobni-haly-praskaji-ve-svech\/"},"modified":"2025-03-01T12:29:11","modified_gmt":"2025-03-01T12:29:11","slug":"vyrobni-haly-praskaji-ve-svech","status":"publish","type":"post","link":"https:\/\/www.arete.eu\/cs\/vyrobni-haly-praskaji-ve-svech\/","title":{"rendered":"V\u00fdrobn\u00ed haly praskaj\u00ed ve \u0161vech"},"content":{"rendered":"&#13;\n<p>Ekonomika se zved\u00e1 a modern\u00ed pr\u016fmyslov\u00e9 are\u00e1ly vyd\u011bl\u00e1vaj\u00ed jako nikdy p\u0159edt\u00edm. Maj\u00ed historicky nejvy\u0161\u0161\u00ed obsazenost, rekordn\u00ed objem uzav\u0159en\u00fdch n\u00e1jemn\u00edch smluv a svi\u017en\u011b pokra\u010duje v\u00fdstavba dal\u0161\u00edch nov\u00fdch sklad\u016f a v\u00fdrobn\u00edch hal. Pro investory to je jedn\u00edm slovem euforie.  <\/p>&#13;\n<p><i>\u201ePandemie vedla k tomu, \u017ee v\u00fdrobci z\u00e1pas\u00ed s nedostatkem komponent\u016f z Asie. Povede to k tomu, \u017ee dodavatelsk\u00e9 a logistick\u00e9 cesty se mus\u00ed zkr\u00e1tit,\u201c<\/i> uvedl Lubor Svoboda pro Novinky.cz.<\/p>&#13;\n<p>Cel\u00fd \u010dl\u00e1nek zde: <a href=\"https:\/\/www.novinky.cz\/ekonomika\/clanek\/ekonomika-roste-vyrobni-haly-praskaji-ve-svech-40362481#seq_no=2&amp;source=hp&amp;dop_id=40362481&amp;dop_ab_variant=0&amp;dop_req_id=tYyvaZGC4Zi-202106080601&amp;dop_source_zone_name=novinky.sznhp.box&amp;utm_campaign=&amp;utm_medium=z-boxiku&amp;utm_source=www.seznam.cz\" target=\"_blank\" rel=\"noopener\">https:\/\/www.novinky.cz\/ekonomika\/clanek\/ekonomika-roste-vyrobni-haly-praskaji-ve-svech-40362481#seq_no=2&amp;source=hp&amp;dop_id=40362481&amp;dop_ab_variant=0&amp;dop_req_id=tYyvaZGC4Zi-202106080601&amp;dop_source_zone_name=novinky.sznhp.box&amp;utm_campaign=&amp;utm_medium=z-boxiku&amp;utm_source=www.seznam.cz<\/a><\/p>","protected":false},"excerpt":{"rendered":"<p>&#13; Ekonomika se zved\u00e1 a modern\u00ed pr\u016fmyslov\u00e9 are\u00e1ly vyd\u011bl\u00e1vaj\u00ed jako nikdy p\u0159edt\u00edm. Maj\u00ed historicky nejvy\u0161\u0161\u00ed obsazenost, rekordn\u00ed objem uzav\u0159en\u00fdch n\u00e1jemn\u00edch smluv a svi\u017en\u011b pokra\u010duje v\u00fdstavba dal\u0161\u00edch nov\u00fdch sklad\u016f a v\u00fdrobn\u00edch hal. Pro investory to je jedn\u00edm slovem euforie. &#13; \u201ePandemie vedla k tomu, \u017ee v\u00fdrobci z\u00e1pas\u00ed s nedostatkem komponent\u016f z Asie. Povede to k tomu, \u017ee dodavatelsk\u00e9 a logistick\u00e9 cesty se mus\u00ed zkr\u00e1tit,\u201c uvedl Lubor Svoboda pro Novinky.cz. &#13; Cel\u00fd \u010dl\u00e1nek zde: https:\/\/www.novinky.cz\/ekonomika\/clanek\/ekonomika-roste-vyrobni-haly-praskaji-ve-svech-40362481#seq_no=2&amp;source=hp&amp;dop_id=40362481&amp;dop_ab_variant=0&amp;dop_req_id=tYyvaZGC4Zi-202106080601&amp;dop_source_zone_name=novinky.sznhp.box&amp;utm_campaign=&amp;utm_medium=z-boxiku&amp;utm_source=www.seznam.cz<\/p>\n","protected":false},"author":6,"featured_media":9997,"comment_status":"open","ping_status":"open","sticky":false,"template":"@@single-custom-post.php","format":"standard","meta":{"_acf_changed":false,"footnotes":""},"categories":[63],"tags":[],"class_list":["post-13546","post","type-post","status-publish","format-standard","has-post-thumbnail","hentry","category-praha-cs","investment-clanky-esg","news-novinky"],"acf":[],"rttpg_featured_image_url":{"full":["https:\/\/www.arete.eu\/wp-content\/uploads\/2025\/02\/small-arete-sk-nmnv-035.webp",1200,750,false],"landscape":["https:\/\/www.arete.eu\/wp-content\/uploads\/2025\/02\/small-arete-sk-nmnv-035.webp",1200,750,false],"portraits":["https:\/\/www.arete.eu\/wp-content\/uploads\/2025\/02\/small-arete-sk-nmnv-035.webp",1200,750,false],"thumbnail":["https:\/\/www.arete.eu\/wp-content\/uploads\/2025\/02\/small-arete-sk-nmnv-035-150x150.webp",150,150,true],"medium":["https:\/\/www.arete.eu\/wp-content\/uploads\/2025\/02\/small-arete-sk-nmnv-035-300x188.webp",300,188,true],"large":["https:\/\/www.arete.eu\/wp-content\/uploads\/2025\/02\/small-arete-sk-nmnv-035-1024x640.webp",800,500,true],"1536x1536":["https:\/\/www.arete.eu\/wp-content\/uploads\/2025\/02\/small-arete-sk-nmnv-035.webp",1200,750,false],"2048x2048":["https:\/\/www.arete.eu\/wp-content\/uploads\/2025\/02\/small-arete-sk-nmnv-035.webp",1200,750,false]},"rttpg_author":{"display_name":"newadmin","author_link":"https:\/\/www.arete.eu\/cs\/author\/newadmin\/"},"rttpg_comment":0,"rttpg_category":"<a href=\"https:\/\/www.arete.eu\/cs\/category\/praha-cs\/\" rel=\"category tag\">Praha<\/a>","rttpg_excerpt":"&#13; Ekonomika se zved\u00e1 a modern\u00ed pr\u016fmyslov\u00e9 are\u00e1ly vyd\u011bl\u00e1vaj\u00ed jako nikdy p\u0159edt\u00edm. Maj\u00ed historicky nejvy\u0161\u0161\u00ed obsazenost, rekordn\u00ed objem uzav\u0159en\u00fdch n\u00e1jemn\u00edch smluv a svi\u017en\u011b pokra\u010duje v\u00fdstavba dal\u0161\u00edch nov\u00fdch sklad\u016f a v\u00fdrobn\u00edch hal. Pro investory to je jedn\u00edm slovem euforie. &#13; \u201ePandemie vedla k tomu, \u017ee v\u00fdrobci z\u00e1pas\u00ed s nedostatkem komponent\u016f z Asie. Povede to k tomu,&hellip;","_links":{"self":[{"href":"https:\/\/www.arete.eu\/cs\/wp-json\/wp\/v2\/posts\/13546","targetHints":{"allow":["GET"]}}],"collection":[{"href":"https:\/\/www.arete.eu\/cs\/wp-json\/wp\/v2\/posts"}],"about":[{"href":"https:\/\/www.arete.eu\/cs\/wp-json\/wp\/v2\/types\/post"}],"author":[{"embeddable":true,"href":"https:\/\/www.arete.eu\/cs\/wp-json\/wp\/v2\/users\/6"}],"replies":[{"embeddable":true,"href":"https:\/\/www.arete.eu\/cs\/wp-json\/wp\/v2\/comments?post=13546"}],"version-history":[{"count":1,"href":"https:\/\/www.arete.eu\/cs\/wp-json\/wp\/v2\/posts\/13546\/revisions"}],"predecessor-version":[{"id":13547,"href":"https:\/\/www.arete.eu\/cs\/wp-json\/wp\/v2\/posts\/13546\/revisions\/13547"}],"wp:featuredmedia":[{"embeddable":true,"href":"https:\/\/www.arete.eu\/cs\/wp-json\/wp\/v2\/media\/9997"}],"wp:attachment":[{"href":"https:\/\/www.arete.eu\/cs\/wp-json\/wp\/v2\/media?parent=13546"}],"wp:term":[{"taxonomy":"category","embeddable":true,"href":"https:\/\/www.arete.eu\/cs\/wp-json\/wp\/v2\/categories?post=13546"},{"taxonomy":"post_tag","embeddable":true,"href":"https:\/\/www.arete.eu\/cs\/wp-json\/wp\/v2\/tags?post=13546"}],"curies":[{"name":"wp","href":"https:\/\/api.w.org\/{rel}","templated":true}]}}