{"id":13544,"date":"2021-07-13T11:44:34","date_gmt":"2021-07-13T11:44:34","guid":{"rendered":"https:\/\/www.arete.eu\/treti-fond-skupiny-arete-ma-zajisteno-bankovni-financovani-od-skupiny-raiffeisen\/"},"modified":"2025-03-01T12:25:56","modified_gmt":"2025-03-01T12:25:56","slug":"treti-fond-skupiny-arete-ma-zajisteno-bankovni-financovani-od-skupiny-raiffeisen","status":"publish","type":"post","link":"https:\/\/www.arete.eu\/cs\/treti-fond-skupiny-arete-ma-zajisteno-bankovni-financovani-od-skupiny-raiffeisen\/","title":{"rendered":"T\u0159et\u00ed fond skupiny ARETE m\u00e1 zaji\u0161t\u011bno bankovn\u00ed financov\u00e1n\u00ed od skupiny Raiffeisen"},"content":{"rendered":"<p>\n&#13;\n<p> &gt;Investi\u010dn\u00ed a nemovitostn\u00ed skupina ARETE podepsala 1. \u010dervence s Raiffeisenbank smlouvu na \u010derp\u00e1n\u00ed \u00fav\u011bru 30 milion\u016f EUR. Prost\u0159edky budou slou\u017eit na urychlen\u00ed r\u016fstu portfolia fondu ARETE INDUSTRIAL SICAV prost\u0159ednictv\u00edm p\u0159ipraven\u00fdch akvizic a do nov\u00e9 v\u00fdstavby pr\u016fmyslov\u00fdch nemovitost\u00ed p\u0159i zachov\u00e1n\u00ed bezpe\u010dn\u00e9ho pom\u011bru bankovn\u00edho financov\u00e1n\u00ed v\u016f\u010di hodnot\u011b majetku fondu. <\/p>&#13;\n<p><i>\u201eBudujeme nov\u00e9 portfolio fondu a kvalita nakupovan\u00fdch nemovitost\u00ed se odr\u00e1\u017e\u00ed v poskytnut\u00e9m financov\u00e1n\u00ed. \u00dav\u011brov\u00e1 linka ve v\u00fd\u0161i 30 milion\u016f EUR potvrzuje \u00fasp\u011b\u0161nou strategii na\u0161ich fond\u016f, kter\u00e1 aktu\u00e1ln\u011b pokra\u010duje v na\u0161em t\u0159et\u00edm fondu \u2013 d\u016fv\u011bra skupiny Raiffeisen to jednozna\u010dn\u011b podtrhuje. Financov\u00e1n\u00ed v uveden\u00e9 v\u00fd\u0161i je pouze prvn\u00edm krokem, kter\u00fd je sp\u00ed\u0161 p\u0159edznamen\u00e1n\u00edm ambic\u00ed fondu spravovat majetek v celkov\u00e9 v\u00fd\u0161i p\u0159es 400 mil. EUR. Vzhledem k rozpracovan\u00fdm investi\u010dn\u00edm projekt\u016fm v\u011b\u0159\u00edm na nav\u00fd\u0161en\u00ed t\u00e9to \u00fav\u011brov\u00e9 linky je\u0161t\u011b na p\u0159elomu leto\u0161n\u00edho roku\u201c<\/i>uvedl Lubor Svoboda, spoluzakladatel skupiny ARETE.<\/p>&#13;\n<p><i>\u201ePoskytnut\u00e9 financov\u00e1n\u00ed se silnou bankovn\u00ed skupinou Raiffeisen je pokra\u010dov\u00e1n\u00edm na\u0161\u00ed spolupr\u00e1ce, kter\u00e1 zapo\u010dala financov\u00e1n\u00edm na\u0161eho druh\u00e9ho podfondu. D\u016fv\u011bra banky p\u0159in\u00e1\u0161\u00ed na\u0161emu fondu vysokou stabilitu a jistotu dostate\u010dn\u00e9ho zaji\u0161t\u011bn\u00ed kapit\u00e1lem. Umo\u017enuje hladk\u00e9 dokon\u010den\u00ed p\u0159ipraven\u00fdch akvizic a zrychlen\u00ed tempa formov\u00e1n\u00ed portfolia fondu. M\u016f\u017eeme tak dob\u0159e vyu\u017e\u00edt v\u0161ech p\u0159\u00edle\u017eitost\u00ed, kter\u00e9 na trhu aktu\u00e1ln\u011b m\u00e1me. Z\u00e1rove\u0148 chceme nad\u00e1le udr\u017eovat bezpe\u010dn\u00fd pom\u011br bankovn\u00edch \u00fav\u011br\u016f v\u016f\u010di hodnot\u011b majetku. Zejm\u00e9na v sou\u010dasn\u00e9 dob\u011b toti\u017e na\u0161i strategii ni\u017e\u0161\u00edho zadlu\u017een\u00ed pova\u017eujeme jednozna\u010dn\u011b za na\u0161i konkuren\u010dn\u00ed v\u00fdhodu,\u201c     <\/i> dopl\u0148uje Robert Ides, druh\u00fd spoluzakladatel skupiny ARETE.<\/p>&#13;\n<p>C\u00edlem uzav\u0159en\u00e9 smlouvy je sofistikovan\u00e9 portfoliov\u00e9 financov\u00e1n\u00ed v\u0161ech nov\u00fdch transakc\u00ed ve fondu a zaji\u0161t\u011bn\u00ed vy\u0161\u0161\u00ed flexibility p\u0159i financov\u00e1n\u00ed nov\u00e9 v\u00fdstavby. Na celou transakci pr\u00e1vn\u011b dohl\u00ed\u017eely renomovan\u00e9 advok\u00e1tn\u00ed kancel\u00e1\u0159e \u2013 za ARETE to byla kancel\u00e1\u0159 Koci\u00e1n \u0160olc Bala\u0161t\u00edk. <\/p>&#13;\n<p><a href=\"https:\/\/tiskovezpravy.ihned.cz\/c1-66951190-treti-fond-skupiny-arete-ma-zajisteno-bankovni-financovani-od-bankovni-skupiny-raiffeisen\">T\u0159et\u00ed fond skupiny ARETE m\u00e1 zaji\u0161t\u011bno bankovn\u00ed financov\u00e1n\u00ed od bankovn\u00ed skupiny Raiffeisen | Hospod\u00e1\u0159sk\u00e9 noviny (iHNed.cz)<\/a><\/p>","protected":false},"excerpt":{"rendered":"<p>&#13; &gt;Investi\u010dn\u00ed a nemovitostn\u00ed skupina ARETE podepsala 1. \u010dervence s Raiffeisenbank smlouvu na \u010derp\u00e1n\u00ed \u00fav\u011bru 30 milion\u016f EUR. Prost\u0159edky budou slou\u017eit na urychlen\u00ed r\u016fstu portfolia fondu ARETE INDUSTRIAL SICAV prost\u0159ednictv\u00edm p\u0159ipraven\u00fdch akvizic a do nov\u00e9 v\u00fdstavby pr\u016fmyslov\u00fdch nemovitost\u00ed p\u0159i zachov\u00e1n\u00ed bezpe\u010dn\u00e9ho pom\u011bru bankovn\u00edho financov\u00e1n\u00ed v\u016f\u010di hodnot\u011b majetku fondu. &#13; \u201eBudujeme nov\u00e9 portfolio fondu a kvalita nakupovan\u00fdch nemovitost\u00ed se odr\u00e1\u017e\u00ed v poskytnut\u00e9m financov\u00e1n\u00ed. \u00dav\u011brov\u00e1 linka ve v\u00fd\u0161i 30 milion\u016f EUR potvrzuje \u00fasp\u011b\u0161nou strategii na\u0161ich fond\u016f, kter\u00e1 aktu\u00e1ln\u011b pokra\u010duje v na\u0161em t\u0159et\u00edm fondu \u2013 d\u016fv\u011bra skupiny Raiffeisen to jednozna\u010dn\u011b podtrhuje. Financov\u00e1n\u00ed v uveden\u00e9 v\u00fd\u0161i je pouze prvn\u00edm krokem, kter\u00fd je sp\u00ed\u0161 p\u0159edznamen\u00e1n\u00edm ambic\u00ed fondu spravovat majetek v celkov\u00e9 v\u00fd\u0161i p\u0159es 400 mil. EUR. Vzhledem k rozpracovan\u00fdm investi\u010dn\u00edm projekt\u016fm v\u011b\u0159\u00edm na nav\u00fd\u0161en\u00ed t\u00e9to \u00fav\u011brov\u00e9 linky je\u0161t\u011b na p\u0159elomu leto\u0161n\u00edho roku\u201cuvedl Lubor Svoboda, spoluzakladatel skupiny ARETE. &#13; \u201ePoskytnut\u00e9 financov\u00e1n\u00ed se silnou bankovn\u00ed skupinou Raiffeisen je pokra\u010dov\u00e1n\u00edm na\u0161\u00ed spolupr\u00e1ce, kter\u00e1 zapo\u010dala financov\u00e1n\u00edm na\u0161eho druh\u00e9ho podfondu. D\u016fv\u011bra banky p\u0159in\u00e1\u0161\u00ed na\u0161emu fondu vysokou stabilitu a jistotu dostate\u010dn\u00e9ho zaji\u0161t\u011bn\u00ed kapit\u00e1lem. Umo\u017enuje hladk\u00e9 dokon\u010den\u00ed p\u0159ipraven\u00fdch akvizic a zrychlen\u00ed tempa formov\u00e1n\u00ed portfolia fondu. M\u016f\u017eeme tak dob\u0159e vyu\u017e\u00edt v\u0161ech p\u0159\u00edle\u017eitost\u00ed, kter\u00e9 na trhu aktu\u00e1ln\u011b m\u00e1me. Z\u00e1rove\u0148 chceme nad\u00e1le udr\u017eovat bezpe\u010dn\u00fd pom\u011br bankovn\u00edch \u00fav\u011br\u016f v\u016f\u010di hodnot\u011b majetku. Zejm\u00e9na v sou\u010dasn\u00e9 dob\u011b toti\u017e na\u0161i strategii ni\u017e\u0161\u00edho zadlu\u017een\u00ed pova\u017eujeme jednozna\u010dn\u011b za na\u0161i konkuren\u010dn\u00ed v\u00fdhodu,\u201c dopl\u0148uje Robert Ides, druh\u00fd spoluzakladatel skupiny ARETE. &#13; C\u00edlem uzav\u0159en\u00e9 smlouvy je sofistikovan\u00e9 portfoliov\u00e9 financov\u00e1n\u00ed v\u0161ech nov\u00fdch transakc\u00ed ve fondu a zaji\u0161t\u011bn\u00ed vy\u0161\u0161\u00ed flexibility p\u0159i financov\u00e1n\u00ed nov\u00e9 v\u00fdstavby. Na celou transakci pr\u00e1vn\u011b dohl\u00ed\u017eely renomovan\u00e9 advok\u00e1tn\u00ed kancel\u00e1\u0159e \u2013 za ARETE to byla kancel\u00e1\u0159 Koci\u00e1n \u0160olc Bala\u0161t\u00edk. &#13; T\u0159et\u00ed fond skupiny ARETE m\u00e1 zaji\u0161t\u011bno bankovn\u00ed financov\u00e1n\u00ed od bankovn\u00ed skupiny Raiffeisen | Hospod\u00e1\u0159sk\u00e9 noviny (iHNed.cz)<\/p>\n","protected":false},"author":6,"featured_media":9992,"comment_status":"open","ping_status":"open","sticky":false,"template":"@@single-custom-post.php","format":"standard","meta":{"_acf_changed":false,"footnotes":""},"categories":[63],"tags":[],"class_list":["post-13544","post","type-post","status-publish","format-standard","has-post-thumbnail","hentry","category-praha-cs","investment-clanky-esg","news-novinky"],"acf":[],"rttpg_featured_image_url":{"full":["https:\/\/www.arete.eu\/wp-content\/uploads\/2025\/02\/arete-velka-ida-055.webp",1200,750,false],"landscape":["https:\/\/www.arete.eu\/wp-content\/uploads\/2025\/02\/arete-velka-ida-055.webp",1200,750,false],"portraits":["https:\/\/www.arete.eu\/wp-content\/uploads\/2025\/02\/arete-velka-ida-055.webp",1200,750,false],"thumbnail":["https:\/\/www.arete.eu\/wp-content\/uploads\/2025\/02\/arete-velka-ida-055-150x150.webp",150,150,true],"medium":["https:\/\/www.arete.eu\/wp-content\/uploads\/2025\/02\/arete-velka-ida-055-300x188.webp",300,188,true],"large":["https:\/\/www.arete.eu\/wp-content\/uploads\/2025\/02\/arete-velka-ida-055-1024x640.webp",800,500,true],"1536x1536":["https:\/\/www.arete.eu\/wp-content\/uploads\/2025\/02\/arete-velka-ida-055.webp",1200,750,false],"2048x2048":["https:\/\/www.arete.eu\/wp-content\/uploads\/2025\/02\/arete-velka-ida-055.webp",1200,750,false]},"rttpg_author":{"display_name":"newadmin","author_link":"https:\/\/www.arete.eu\/cs\/author\/newadmin\/"},"rttpg_comment":0,"rttpg_category":"<a href=\"https:\/\/www.arete.eu\/cs\/category\/praha-cs\/\" rel=\"category tag\">Praha<\/a>","rttpg_excerpt":"&#13; &gt;Investi\u010dn\u00ed a nemovitostn\u00ed skupina ARETE podepsala 1. \u010dervence s Raiffeisenbank smlouvu na \u010derp\u00e1n\u00ed \u00fav\u011bru 30 milion\u016f EUR. Prost\u0159edky budou slou\u017eit na urychlen\u00ed r\u016fstu portfolia fondu ARETE INDUSTRIAL SICAV prost\u0159ednictv\u00edm p\u0159ipraven\u00fdch akvizic a do nov\u00e9 v\u00fdstavby pr\u016fmyslov\u00fdch nemovitost\u00ed p\u0159i zachov\u00e1n\u00ed bezpe\u010dn\u00e9ho pom\u011bru bankovn\u00edho financov\u00e1n\u00ed v\u016f\u010di hodnot\u011b majetku fondu. &#13; \u201eBudujeme nov\u00e9 portfolio fondu a kvalita&hellip;","_links":{"self":[{"href":"https:\/\/www.arete.eu\/cs\/wp-json\/wp\/v2\/posts\/13544","targetHints":{"allow":["GET"]}}],"collection":[{"href":"https:\/\/www.arete.eu\/cs\/wp-json\/wp\/v2\/posts"}],"about":[{"href":"https:\/\/www.arete.eu\/cs\/wp-json\/wp\/v2\/types\/post"}],"author":[{"embeddable":true,"href":"https:\/\/www.arete.eu\/cs\/wp-json\/wp\/v2\/users\/6"}],"replies":[{"embeddable":true,"href":"https:\/\/www.arete.eu\/cs\/wp-json\/wp\/v2\/comments?post=13544"}],"version-history":[{"count":1,"href":"https:\/\/www.arete.eu\/cs\/wp-json\/wp\/v2\/posts\/13544\/revisions"}],"predecessor-version":[{"id":13545,"href":"https:\/\/www.arete.eu\/cs\/wp-json\/wp\/v2\/posts\/13544\/revisions\/13545"}],"wp:featuredmedia":[{"embeddable":true,"href":"https:\/\/www.arete.eu\/cs\/wp-json\/wp\/v2\/media\/9992"}],"wp:attachment":[{"href":"https:\/\/www.arete.eu\/cs\/wp-json\/wp\/v2\/media?parent=13544"}],"wp:term":[{"taxonomy":"category","embeddable":true,"href":"https:\/\/www.arete.eu\/cs\/wp-json\/wp\/v2\/categories?post=13544"},{"taxonomy":"post_tag","embeddable":true,"href":"https:\/\/www.arete.eu\/cs\/wp-json\/wp\/v2\/tags?post=13544"}],"curies":[{"name":"wp","href":"https:\/\/api.w.org\/{rel}","templated":true}]}}