{"id":13540,"date":"2021-07-28T11:26:18","date_gmt":"2021-07-28T11:26:18","guid":{"rendered":"https:\/\/www.arete.eu\/zapise-ondrej-lieser-dalsi-zarnou-kapitolu-do-uspesne-golfove-kariery-olympijsky-golfovy-turnaj-startuje-jiz-ve-ctvrtek\/"},"modified":"2025-03-01T12:18:28","modified_gmt":"2025-03-01T12:18:28","slug":"zapise-ondrej-lieser-dalsi-zarnou-kapitolu-do-uspesne-golfove-kariery-olympijsky-golfovy-turnaj-startuje-jiz-ve-ctvrtek","status":"publish","type":"post","link":"https:\/\/www.arete.eu\/cs\/zapise-ondrej-lieser-dalsi-zarnou-kapitolu-do-uspesne-golfove-kariery-olympijsky-golfovy-turnaj-startuje-jiz-ve-ctvrtek\/","title":{"rendered":"Zap\u00ed\u0161e Ond\u0159ej Lieser dal\u0161\u00ed z\u00e1\u0159nou kapitolu do \u00fasp\u011b\u0161n\u00e9 golfov\u00e9 kari\u00e9ry? Olympijsk\u00fd golfov\u00fd turnaj startuje ji\u017e ve \u010dtvrtek."},"content":{"rendered":"&#13;\n<p>Zap\u00ed\u0161e Ond\u0159ej Lieser dal\u0161\u00ed z\u00e1\u0159nou kapitolu do \u00fasp\u011b\u0161n\u00e9 golfov\u00e9 kari\u00e9ry? Olympijsk\u00fd golfov\u00fd turnaj startuje ji\u017e ve \u010dtvrtek. <\/p>&#13;\n<p>Tento t\u00fdden ve \u010dtvrtek za\u010d\u00edn\u00e1 golfov\u00fd turnaj na olympi\u00e1d\u011b v Tokiu. Na jednom z nejstar\u0161\u00edch h\u0159i\u0161\u0165 v Japonsku mezi hv\u011bzdami sv\u011btov\u00e9ho golfu zabojuje o olympijsk\u00e9 medaile i nejlep\u0161\u00ed \u010desk\u00fd golfista Ond\u0159ej Lieser. <\/p>&#13;\n<p>Cel\u00fd t\u00fdm skupiny ARETE bude Ond\u0159ejovi samoz\u0159ejm\u011b dr\u017eet palce.<\/p>","protected":false},"excerpt":{"rendered":"<p>&#13; Zap\u00ed\u0161e Ond\u0159ej Lieser dal\u0161\u00ed z\u00e1\u0159nou kapitolu do \u00fasp\u011b\u0161n\u00e9 golfov\u00e9 kari\u00e9ry? Olympijsk\u00fd golfov\u00fd turnaj startuje ji\u017e ve \u010dtvrtek. &#13; Tento t\u00fdden ve \u010dtvrtek za\u010d\u00edn\u00e1 golfov\u00fd turnaj na olympi\u00e1d\u011b v Tokiu. Na jednom z nejstar\u0161\u00edch h\u0159i\u0161\u0165 v Japonsku mezi hv\u011bzdami sv\u011btov\u00e9ho golfu zabojuje o olympijsk\u00e9 medaile i nejlep\u0161\u00ed \u010desk\u00fd golfista Ond\u0159ej Lieser. &#13; Cel\u00fd t\u00fdm skupiny ARETE bude Ond\u0159ejovi samoz\u0159ejm\u011b dr\u017eet palce.<\/p>\n","protected":false},"author":6,"featured_media":9979,"comment_status":"open","ping_status":"open","sticky":false,"template":"@@single-custom-post.php","format":"standard","meta":{"_acf_changed":false,"footnotes":""},"categories":[63],"tags":[],"class_list":["post-13540","post","type-post","status-publish","format-standard","has-post-thumbnail","hentry","category-praha-cs","investment-clanky-esg","news-novinky"],"acf":[],"rttpg_featured_image_url":{"full":["https:\/\/www.arete.eu\/wp-content\/uploads\/2025\/02\/1a0a0077.webp",1365,2048,false],"landscape":["https:\/\/www.arete.eu\/wp-content\/uploads\/2025\/02\/1a0a0077.webp",1365,2048,false],"portraits":["https:\/\/www.arete.eu\/wp-content\/uploads\/2025\/02\/1a0a0077.webp",1365,2048,false],"thumbnail":["https:\/\/www.arete.eu\/wp-content\/uploads\/2025\/02\/1a0a0077-150x150.webp",150,150,true],"medium":["https:\/\/www.arete.eu\/wp-content\/uploads\/2025\/02\/1a0a0077-200x300.webp",200,300,true],"large":["https:\/\/www.arete.eu\/wp-content\/uploads\/2025\/02\/1a0a0077-683x1024.webp",683,1024,true],"1536x1536":["https:\/\/www.arete.eu\/wp-content\/uploads\/2025\/02\/1a0a0077-1024x1536.webp",1024,1536,true],"2048x2048":["https:\/\/www.arete.eu\/wp-content\/uploads\/2025\/02\/1a0a0077.webp",1365,2048,false]},"rttpg_author":{"display_name":"newadmin","author_link":"https:\/\/www.arete.eu\/cs\/author\/newadmin\/"},"rttpg_comment":0,"rttpg_category":"<a href=\"https:\/\/www.arete.eu\/cs\/category\/praha-cs\/\" rel=\"category tag\">Praha<\/a>","rttpg_excerpt":"&#13; Zap\u00ed\u0161e Ond\u0159ej Lieser dal\u0161\u00ed z\u00e1\u0159nou kapitolu do \u00fasp\u011b\u0161n\u00e9 golfov\u00e9 kari\u00e9ry? Olympijsk\u00fd golfov\u00fd turnaj startuje ji\u017e ve \u010dtvrtek. &#13; Tento t\u00fdden ve \u010dtvrtek za\u010d\u00edn\u00e1 golfov\u00fd turnaj na olympi\u00e1d\u011b v Tokiu. Na jednom z nejstar\u0161\u00edch h\u0159i\u0161\u0165 v Japonsku mezi hv\u011bzdami sv\u011btov\u00e9ho golfu zabojuje o olympijsk\u00e9 medaile i nejlep\u0161\u00ed \u010desk\u00fd golfista Ond\u0159ej Lieser. &#13; Cel\u00fd t\u00fdm skupiny&hellip;","_links":{"self":[{"href":"https:\/\/www.arete.eu\/cs\/wp-json\/wp\/v2\/posts\/13540","targetHints":{"allow":["GET"]}}],"collection":[{"href":"https:\/\/www.arete.eu\/cs\/wp-json\/wp\/v2\/posts"}],"about":[{"href":"https:\/\/www.arete.eu\/cs\/wp-json\/wp\/v2\/types\/post"}],"author":[{"embeddable":true,"href":"https:\/\/www.arete.eu\/cs\/wp-json\/wp\/v2\/users\/6"}],"replies":[{"embeddable":true,"href":"https:\/\/www.arete.eu\/cs\/wp-json\/wp\/v2\/comments?post=13540"}],"version-history":[{"count":1,"href":"https:\/\/www.arete.eu\/cs\/wp-json\/wp\/v2\/posts\/13540\/revisions"}],"predecessor-version":[{"id":13541,"href":"https:\/\/www.arete.eu\/cs\/wp-json\/wp\/v2\/posts\/13540\/revisions\/13541"}],"wp:featuredmedia":[{"embeddable":true,"href":"https:\/\/www.arete.eu\/cs\/wp-json\/wp\/v2\/media\/9979"}],"wp:attachment":[{"href":"https:\/\/www.arete.eu\/cs\/wp-json\/wp\/v2\/media?parent=13540"}],"wp:term":[{"taxonomy":"category","embeddable":true,"href":"https:\/\/www.arete.eu\/cs\/wp-json\/wp\/v2\/categories?post=13540"},{"taxonomy":"post_tag","embeddable":true,"href":"https:\/\/www.arete.eu\/cs\/wp-json\/wp\/v2\/tags?post=13540"}],"curies":[{"name":"wp","href":"https:\/\/api.w.org\/{rel}","templated":true}]}}