{"id":13531,"date":"2021-09-17T11:21:35","date_gmt":"2021-09-17T11:21:35","guid":{"rendered":"https:\/\/www.arete.eu\/beh-dobre-vule-nadace-olgy-havlove\/"},"modified":"2025-03-01T12:16:39","modified_gmt":"2025-03-01T12:16:39","slug":"beh-dobre-vule-nadace-olgy-havlove","status":"publish","type":"post","link":"https:\/\/www.arete.eu\/cs\/beh-dobre-vule-nadace-olgy-havlove\/","title":{"rendered":"B\u011bh dobr\u00e9 v\u016fle Nadace Olgy Havlov\u00e9"},"content":{"rendered":"&#13;\n<p>Stejn\u011b jako v lo\u0148sk\u00e9m roce, tak i letos jsme se z\u00fa\u010dastnili B\u011bhu dobr\u00e9 v\u016fle Nadace Olgy Havlov\u00e9 a velice r\u00e1di jsme tak op\u011bt podpo\u0159ili rodiny v t\u00edsni.<\/p>&#13;\n<p>Tato ud\u00e1lost je u n\u00e1s v ARETE u\u017e tradic\u00ed a u\u017e te\u010f se t\u011b\u0161\u00edme zase za rok!<\/p>&#13;\n","protected":false},"excerpt":{"rendered":"<p>&#13; Stejn\u011b jako v lo\u0148sk\u00e9m roce, tak i letos jsme se z\u00fa\u010dastnili B\u011bhu dobr\u00e9 v\u016fle Nadace Olgy Havlov\u00e9 a velice r\u00e1di jsme tak op\u011bt podpo\u0159ili rodiny v t\u00edsni. &#13; Tato ud\u00e1lost je u n\u00e1s v ARETE u\u017e tradic\u00ed a u\u017e te\u010f se t\u011b\u0161\u00edme zase za rok! &#13;<\/p>\n","protected":false},"author":6,"featured_media":9969,"comment_status":"open","ping_status":"open","sticky":false,"template":"@@single-custom-post.php","format":"standard","meta":{"_acf_changed":false,"footnotes":""},"categories":[63],"tags":[],"class_list":["post-13531","post","type-post","status-publish","format-standard","has-post-thumbnail","hentry","category-praha-cs","investment-clanky-esg","news-novinky"],"acf":[],"rttpg_featured_image_url":{"full":["https:\/\/www.arete.eu\/wp-content\/uploads\/2025\/02\/beh-3-scaled.webp",2281,2560,false],"landscape":["https:\/\/www.arete.eu\/wp-content\/uploads\/2025\/02\/beh-3-scaled.webp",2281,2560,false],"portraits":["https:\/\/www.arete.eu\/wp-content\/uploads\/2025\/02\/beh-3-scaled.webp",2281,2560,false],"thumbnail":["https:\/\/www.arete.eu\/wp-content\/uploads\/2025\/02\/beh-3-150x150.webp",150,150,true],"medium":["https:\/\/www.arete.eu\/wp-content\/uploads\/2025\/02\/beh-3-267x300.webp",267,300,true],"large":["https:\/\/www.arete.eu\/wp-content\/uploads\/2025\/02\/beh-3-912x1024.webp",800,898,true],"1536x1536":["https:\/\/www.arete.eu\/wp-content\/uploads\/2025\/02\/beh-3-1368x1536.webp",1368,1536,true],"2048x2048":["https:\/\/www.arete.eu\/wp-content\/uploads\/2025\/02\/beh-3-1825x2048.webp",1825,2048,true]},"rttpg_author":{"display_name":"newadmin","author_link":"https:\/\/www.arete.eu\/cs\/author\/newadmin\/"},"rttpg_comment":0,"rttpg_category":"<a href=\"https:\/\/www.arete.eu\/cs\/category\/praha-cs\/\" rel=\"category tag\">Praha<\/a>","rttpg_excerpt":"&#13; Stejn\u011b jako v lo\u0148sk\u00e9m roce, tak i letos jsme se z\u00fa\u010dastnili B\u011bhu dobr\u00e9 v\u016fle Nadace Olgy Havlov\u00e9 a velice r\u00e1di jsme tak op\u011bt podpo\u0159ili rodiny v t\u00edsni. &#13; Tato ud\u00e1lost je u n\u00e1s v ARETE u\u017e tradic\u00ed a u\u017e te\u010f se t\u011b\u0161\u00edme zase za rok! &#13;","_links":{"self":[{"href":"https:\/\/www.arete.eu\/cs\/wp-json\/wp\/v2\/posts\/13531","targetHints":{"allow":["GET"]}}],"collection":[{"href":"https:\/\/www.arete.eu\/cs\/wp-json\/wp\/v2\/posts"}],"about":[{"href":"https:\/\/www.arete.eu\/cs\/wp-json\/wp\/v2\/types\/post"}],"author":[{"embeddable":true,"href":"https:\/\/www.arete.eu\/cs\/wp-json\/wp\/v2\/users\/6"}],"replies":[{"embeddable":true,"href":"https:\/\/www.arete.eu\/cs\/wp-json\/wp\/v2\/comments?post=13531"}],"version-history":[{"count":3,"href":"https:\/\/www.arete.eu\/cs\/wp-json\/wp\/v2\/posts\/13531\/revisions"}],"predecessor-version":[{"id":13539,"href":"https:\/\/www.arete.eu\/cs\/wp-json\/wp\/v2\/posts\/13531\/revisions\/13539"}],"wp:featuredmedia":[{"embeddable":true,"href":"https:\/\/www.arete.eu\/cs\/wp-json\/wp\/v2\/media\/9969"}],"wp:attachment":[{"href":"https:\/\/www.arete.eu\/cs\/wp-json\/wp\/v2\/media?parent=13531"}],"wp:term":[{"taxonomy":"category","embeddable":true,"href":"https:\/\/www.arete.eu\/cs\/wp-json\/wp\/v2\/categories?post=13531"},{"taxonomy":"post_tag","embeddable":true,"href":"https:\/\/www.arete.eu\/cs\/wp-json\/wp\/v2\/tags?post=13531"}],"curies":[{"name":"wp","href":"https:\/\/api.w.org\/{rel}","templated":true}]}}