{"id":13521,"date":"2021-11-18T10:59:29","date_gmt":"2021-11-18T10:59:29","guid":{"rendered":"https:\/\/www.arete.eu\/prumyslove-nemovitosti-ceka-dalsi-rust\/"},"modified":"2025-03-01T11:21:06","modified_gmt":"2025-03-01T11:21:06","slug":"prumyslove-nemovitosti-ceka-dalsi-rust","status":"publish","type":"post","link":"https:\/\/www.arete.eu\/cs\/prumyslove-nemovitosti-ceka-dalsi-rust\/","title":{"rendered":"Pr\u016fmyslov\u00e9 nemovitosti \u010dek\u00e1 dal\u0161\u00ed r\u016fst"},"content":{"rendered":"&#13;\n<p>Jeden ze spoluzakladatel\u016f skupiny ARETE Lubor Svoboda poskytl exkluzivn\u00ed rozhovor t\u00fdden\u00edku EKONOM. Mimo jin\u00e9 byla diskutov\u00e1no t\u00e9ma budoucnosti nemovitostn\u00edch investic, p\u0159i\u010dem\u017e podle Lubora \u010d\u00edsla ukazuj\u00ed, \u017ee trh pr\u016fmyslov\u00fdch nemovitost\u00ed ve st\u0159edn\u00ed Evrop\u011b nebude je\u0161t\u011b dal\u0161\u00edch p\u011bt a\u017e sedm let vyt\u011b\u017een. \u201eV \u010cesku jsou perspektivn\u00ed i reziden\u010dn\u00ed nemovitosti, proto\u017ee se tu posledn\u00edch deset let v\u016fbec nezvl\u00e1d\u00e1 pokr\u00fdt popt\u00e1vka. A\u017e se situace za rok za dva trochu stabilizuje, budou atraktivn\u00ed i n\u011bkter\u00e1 kancel\u00e1\u0159sk\u00e1 centra. Zaj\u00edmav\u00e9 mohou b\u00fdt i p\u0159estavby hotel\u016f na reziden\u010dn\u00ed nemovitosti.\u201c    <\/p>&#13;\n<p>Obs\u00e1hl\u00fd rozhovor s Luborem Svobodou a celou \u0159adu zaj\u00edmav\u00fdch my\u0161lenek najdete na: <a href=\"https:\/\/ekonom.cz\/c7-67000970-1424ja-1aef09a2d0450d6\" target=\"_blank\" rel=\"noopener\">https:\/\/ekonom.cz\/c7-67000970-1424ja-1aef09a2d0450d6<\/a> <\/p>&#13;\n","protected":false},"excerpt":{"rendered":"<p>&#13; Jeden ze spoluzakladatel\u016f skupiny ARETE Lubor Svoboda poskytl exkluzivn\u00ed rozhovor t\u00fdden\u00edku EKONOM. Mimo jin\u00e9 byla diskutov\u00e1no t\u00e9ma budoucnosti nemovitostn\u00edch investic, p\u0159i\u010dem\u017e podle Lubora \u010d\u00edsla ukazuj\u00ed, \u017ee trh pr\u016fmyslov\u00fdch nemovitost\u00ed ve st\u0159edn\u00ed Evrop\u011b nebude je\u0161t\u011b dal\u0161\u00edch p\u011bt a\u017e sedm let vyt\u011b\u017een. \u201eV \u010cesku jsou perspektivn\u00ed i reziden\u010dn\u00ed nemovitosti, proto\u017ee se tu posledn\u00edch deset let v\u016fbec nezvl\u00e1d\u00e1 pokr\u00fdt popt\u00e1vka. A\u017e se situace za rok za dva trochu stabilizuje, budou atraktivn\u00ed i n\u011bkter\u00e1 kancel\u00e1\u0159sk\u00e1 centra. Zaj\u00edmav\u00e9 mohou b\u00fdt i p\u0159estavby hotel\u016f na reziden\u010dn\u00ed nemovitosti.\u201c &#13; Obs\u00e1hl\u00fd rozhovor s Luborem Svobodou a celou \u0159adu zaj\u00edmav\u00fdch my\u0161lenek najdete na: https:\/\/ekonom.cz\/c7-67000970-1424ja-1aef09a2d0450d6 &#13;<\/p>\n","protected":false},"author":6,"featured_media":9826,"comment_status":"open","ping_status":"open","sticky":false,"template":"@@single-custom-post.php","format":"standard","meta":{"_acf_changed":false,"footnotes":""},"categories":[63],"tags":[],"class_list":["post-13521","post","type-post","status-publish","format-standard","has-post-thumbnail","hentry","category-praha-cs","investment-clanky-esg","news-rozhovory"],"acf":[],"rttpg_featured_image_url":{"full":["https:\/\/www.arete.eu\/wp-content\/uploads\/2025\/02\/nos6484-fin-min-scaled.jpg",1707,2560,false],"landscape":["https:\/\/www.arete.eu\/wp-content\/uploads\/2025\/02\/nos6484-fin-min-scaled.jpg",1707,2560,false],"portraits":["https:\/\/www.arete.eu\/wp-content\/uploads\/2025\/02\/nos6484-fin-min-scaled.jpg",1707,2560,false],"thumbnail":["https:\/\/www.arete.eu\/wp-content\/uploads\/2025\/02\/nos6484-fin-min-150x150.jpg",150,150,true],"medium":["https:\/\/www.arete.eu\/wp-content\/uploads\/2025\/02\/nos6484-fin-min-200x300.jpg",200,300,true],"large":["https:\/\/www.arete.eu\/wp-content\/uploads\/2025\/02\/nos6484-fin-min-683x1024.jpg",683,1024,true],"1536x1536":["https:\/\/www.arete.eu\/wp-content\/uploads\/2025\/02\/nos6484-fin-min-1024x1536.jpg",1024,1536,true],"2048x2048":["https:\/\/www.arete.eu\/wp-content\/uploads\/2025\/02\/nos6484-fin-min-1366x2048.jpg",1366,2048,true]},"rttpg_author":{"display_name":"newadmin","author_link":"https:\/\/www.arete.eu\/cs\/author\/newadmin\/"},"rttpg_comment":0,"rttpg_category":"<a href=\"https:\/\/www.arete.eu\/cs\/category\/praha-cs\/\" rel=\"category tag\">Praha<\/a>","rttpg_excerpt":"&#13; Jeden ze spoluzakladatel\u016f skupiny ARETE Lubor Svoboda poskytl exkluzivn\u00ed rozhovor t\u00fdden\u00edku EKONOM. Mimo jin\u00e9 byla diskutov\u00e1no t\u00e9ma budoucnosti nemovitostn\u00edch investic, p\u0159i\u010dem\u017e podle Lubora \u010d\u00edsla ukazuj\u00ed, \u017ee trh pr\u016fmyslov\u00fdch nemovitost\u00ed ve st\u0159edn\u00ed Evrop\u011b nebude je\u0161t\u011b dal\u0161\u00edch p\u011bt a\u017e sedm let vyt\u011b\u017een. \u201eV \u010cesku jsou perspektivn\u00ed i reziden\u010dn\u00ed nemovitosti, proto\u017ee se tu posledn\u00edch deset let v\u016fbec&hellip;","_links":{"self":[{"href":"https:\/\/www.arete.eu\/cs\/wp-json\/wp\/v2\/posts\/13521","targetHints":{"allow":["GET"]}}],"collection":[{"href":"https:\/\/www.arete.eu\/cs\/wp-json\/wp\/v2\/posts"}],"about":[{"href":"https:\/\/www.arete.eu\/cs\/wp-json\/wp\/v2\/types\/post"}],"author":[{"embeddable":true,"href":"https:\/\/www.arete.eu\/cs\/wp-json\/wp\/v2\/users\/6"}],"replies":[{"embeddable":true,"href":"https:\/\/www.arete.eu\/cs\/wp-json\/wp\/v2\/comments?post=13521"}],"version-history":[{"count":1,"href":"https:\/\/www.arete.eu\/cs\/wp-json\/wp\/v2\/posts\/13521\/revisions"}],"predecessor-version":[{"id":13522,"href":"https:\/\/www.arete.eu\/cs\/wp-json\/wp\/v2\/posts\/13521\/revisions\/13522"}],"wp:featuredmedia":[{"embeddable":true,"href":"https:\/\/www.arete.eu\/cs\/wp-json\/wp\/v2\/media\/9826"}],"wp:attachment":[{"href":"https:\/\/www.arete.eu\/cs\/wp-json\/wp\/v2\/media?parent=13521"}],"wp:term":[{"taxonomy":"category","embeddable":true,"href":"https:\/\/www.arete.eu\/cs\/wp-json\/wp\/v2\/categories?post=13521"},{"taxonomy":"post_tag","embeddable":true,"href":"https:\/\/www.arete.eu\/cs\/wp-json\/wp\/v2\/tags?post=13521"}],"curies":[{"name":"wp","href":"https:\/\/api.w.org\/{rel}","templated":true}]}}