{"id":13514,"date":"2022-02-02T10:44:27","date_gmt":"2022-02-02T10:44:27","guid":{"rendered":"https:\/\/www.arete.eu\/cesi-vyrazili-investovat-v-inflaci-celi-riziku-unahlenych-rozhodnuti\/"},"modified":"2025-03-01T10:46:34","modified_gmt":"2025-03-01T10:46:34","slug":"cesi-vyrazili-investovat-v-inflaci-celi-riziku-unahlenych-rozhodnuti","status":"publish","type":"post","link":"https:\/\/www.arete.eu\/cs\/cesi-vyrazili-investovat-v-inflaci-celi-riziku-unahlenych-rozhodnuti\/","title":{"rendered":"\u010ce\u0161i vyrazili investovat. V inflaci \u010del\u00ed riziku un\u00e1hlen\u00fdch rozhodnut\u00ed"},"content":{"rendered":"<p>\n&#13;\n<p>Diverzifikovat, nehazardovat pod tlakem inflace a zahrnout nemovitosti nebo nemovitostn\u00ed fondy do investi\u010dn\u00edho portfolia i takov\u00e9 byly z\u00e1v\u011bry lednov\u00e9ho Kulat\u00e9ho stolu investi\u010dn\u00ed akademie T\u00fdden\u00edk Ekonom, kter\u00e9ho se z\u00fa\u010dastnil tak\u00e9 n\u00e1\u0161 kolega Dr. Josef Vojta.<\/p>&#13;\n<p>Do \u010deho investovat, jestli maj\u00ed nemovitosti po\u0159\u00e1d dobr\u00fd potenci\u00e1l a pro\u010d je pro ka\u017ed\u00e9ho investora d\u016fle\u017eit\u00e9 rozli\u0161ovat mezi investic\u00ed, tradingem a \u010distou spekulac\u00ed, to v\u0161e si m\u016f\u017eete poslechnout v podcastu na tomto odkazu: <a href=\"https:\/\/lnkd.in\/eUgRt59c\" target=\"_blank\" rel=\"noopener\">https:\/\/lnkd.in\/eUgRt59c<\/a><\/p>","protected":false},"excerpt":{"rendered":"<p>&#13; Diverzifikovat, nehazardovat pod tlakem inflace a zahrnout nemovitosti nebo nemovitostn\u00ed fondy do investi\u010dn\u00edho portfolia i takov\u00e9 byly z\u00e1v\u011bry lednov\u00e9ho Kulat\u00e9ho stolu investi\u010dn\u00ed akademie T\u00fdden\u00edk Ekonom, kter\u00e9ho se z\u00fa\u010dastnil tak\u00e9 n\u00e1\u0161 kolega Dr. Josef Vojta. &#13; Do \u010deho investovat, jestli maj\u00ed nemovitosti po\u0159\u00e1d dobr\u00fd potenci\u00e1l a pro\u010d je pro ka\u017ed\u00e9ho investora d\u016fle\u017eit\u00e9 rozli\u0161ovat mezi investic\u00ed, tradingem a \u010distou spekulac\u00ed, to v\u0161e si m\u016f\u017eete poslechnout v podcastu na tomto odkazu: https:\/\/lnkd.in\/eUgRt59c<\/p>\n","protected":false},"author":6,"featured_media":9890,"comment_status":"open","ping_status":"open","sticky":false,"template":"@@single-custom-post.php","format":"standard","meta":{"_acf_changed":false,"footnotes":""},"categories":[63],"tags":[],"class_list":["post-13514","post","type-post","status-publish","format-standard","has-post-thumbnail","hentry","category-praha-cs","investment-clanky-esg","news-novinky"],"acf":[],"rttpg_featured_image_url":{"full":["https:\/\/www.arete.eu\/wp-content\/uploads\/2025\/02\/ekonom-logo-web-3.webp",1306,533,false],"landscape":["https:\/\/www.arete.eu\/wp-content\/uploads\/2025\/02\/ekonom-logo-web-3.webp",1306,533,false],"portraits":["https:\/\/www.arete.eu\/wp-content\/uploads\/2025\/02\/ekonom-logo-web-3.webp",1306,533,false],"thumbnail":["https:\/\/www.arete.eu\/wp-content\/uploads\/2025\/02\/ekonom-logo-web-3-150x150.webp",150,150,true],"medium":["https:\/\/www.arete.eu\/wp-content\/uploads\/2025\/02\/ekonom-logo-web-3-300x122.webp",300,122,true],"large":["https:\/\/www.arete.eu\/wp-content\/uploads\/2025\/02\/ekonom-logo-web-3-1024x418.webp",800,327,true],"1536x1536":["https:\/\/www.arete.eu\/wp-content\/uploads\/2025\/02\/ekonom-logo-web-3.webp",1306,533,false],"2048x2048":["https:\/\/www.arete.eu\/wp-content\/uploads\/2025\/02\/ekonom-logo-web-3.webp",1306,533,false]},"rttpg_author":{"display_name":"newadmin","author_link":"https:\/\/www.arete.eu\/cs\/author\/newadmin\/"},"rttpg_comment":0,"rttpg_category":"<a href=\"https:\/\/www.arete.eu\/cs\/category\/praha-cs\/\" rel=\"category tag\">Praha<\/a>","rttpg_excerpt":"&#13; Diverzifikovat, nehazardovat pod tlakem inflace a zahrnout nemovitosti nebo nemovitostn\u00ed fondy do investi\u010dn\u00edho portfolia i takov\u00e9 byly z\u00e1v\u011bry lednov\u00e9ho Kulat\u00e9ho stolu investi\u010dn\u00ed akademie T\u00fdden\u00edk Ekonom, kter\u00e9ho se z\u00fa\u010dastnil tak\u00e9 n\u00e1\u0161 kolega Dr. Josef Vojta. &#13; Do \u010deho investovat, jestli maj\u00ed nemovitosti po\u0159\u00e1d dobr\u00fd potenci\u00e1l a pro\u010d je pro ka\u017ed\u00e9ho investora d\u016fle\u017eit\u00e9 rozli\u0161ovat mezi investic\u00ed,&hellip;","_links":{"self":[{"href":"https:\/\/www.arete.eu\/cs\/wp-json\/wp\/v2\/posts\/13514","targetHints":{"allow":["GET"]}}],"collection":[{"href":"https:\/\/www.arete.eu\/cs\/wp-json\/wp\/v2\/posts"}],"about":[{"href":"https:\/\/www.arete.eu\/cs\/wp-json\/wp\/v2\/types\/post"}],"author":[{"embeddable":true,"href":"https:\/\/www.arete.eu\/cs\/wp-json\/wp\/v2\/users\/6"}],"replies":[{"embeddable":true,"href":"https:\/\/www.arete.eu\/cs\/wp-json\/wp\/v2\/comments?post=13514"}],"version-history":[{"count":1,"href":"https:\/\/www.arete.eu\/cs\/wp-json\/wp\/v2\/posts\/13514\/revisions"}],"predecessor-version":[{"id":13515,"href":"https:\/\/www.arete.eu\/cs\/wp-json\/wp\/v2\/posts\/13514\/revisions\/13515"}],"wp:featuredmedia":[{"embeddable":true,"href":"https:\/\/www.arete.eu\/cs\/wp-json\/wp\/v2\/media\/9890"}],"wp:attachment":[{"href":"https:\/\/www.arete.eu\/cs\/wp-json\/wp\/v2\/media?parent=13514"}],"wp:term":[{"taxonomy":"category","embeddable":true,"href":"https:\/\/www.arete.eu\/cs\/wp-json\/wp\/v2\/categories?post=13514"},{"taxonomy":"post_tag","embeddable":true,"href":"https:\/\/www.arete.eu\/cs\/wp-json\/wp\/v2\/tags?post=13514"}],"curies":[{"name":"wp","href":"https:\/\/api.w.org\/{rel}","templated":true}]}}