{"id":13512,"date":"2022-05-26T10:32:26","date_gmt":"2022-05-26T10:32:26","guid":{"rendered":"https:\/\/www.arete.eu\/treti-fond-skupiny-arete-zahajuje-vystavbu-ve-zcela-nove-prumyslove-zone-rokycany-primo-u-dalnice-d5\/"},"modified":"2025-03-01T10:40:53","modified_gmt":"2025-03-01T10:40:53","slug":"treti-fond-skupiny-arete-zahajuje-vystavbu-ve-zcela-nove-prumyslove-zone-rokycany-primo-u-dalnice-d5","status":"publish","type":"post","link":"https:\/\/www.arete.eu\/cs\/treti-fond-skupiny-arete-zahajuje-vystavbu-ve-zcela-nove-prumyslove-zone-rokycany-primo-u-dalnice-d5\/","title":{"rendered":"T\u0159et\u00ed fond skupiny ARETE zahajuje v\u00fdstavbu ve zcela nov\u00e9 pr\u016fmyslov\u00e9 z\u00f3n\u011b Rokycany p\u0159\u00edmo u d\u00e1lnice D5"},"content":{"rendered":"&#13;\n<p>T\u0159et\u00ed fond skupiny ARETE zahajuje v\u00fdstavbu ve zcela nov\u00e9 pr\u016fmyslov\u00e9 z\u00f3n\u011b Rokycany p\u0159\u00edmo u d\u00e1lnice D5. Po dokon\u010den\u00ed nab\u00eddne 25 tis\u00edc metr\u016f \u010dtvrte\u010dn\u00edch pr\u00e9miov\u00fdch n\u00e1jemn\u00edch ploch v modern\u00edm pr\u016fmyslov\u00e9m parku. Investice dos\u00e1hnou t\u00e9m\u011b\u0159 30 mili\u00f3n\u016f EUR.  <\/p>&#13;\n<p>T\u0159et\u00ed fond skupiny ARETE zam\u011b\u0159en\u00fd na kvalitn\u00ed pr\u016fmyslov\u00e1 a logistick\u00e1 aktiva v regionu st\u0159edn\u00ed a v\u00fdchodn\u00ed Evropy po akvizici pozemk\u016f se stavebn\u00edm povolen\u00edm v pr\u016fmyslov\u00e9 z\u00f3n\u011b Rokycany, ihned u exitu 62 d\u00e1lnice D5, zah\u00e1jil v\u00fdstavbu prvn\u00ed ze dvou budov nov\u00e9ho pr\u016fmyslov\u00e9ho parku. Po dokon\u010den\u00ed bude pro n\u00e1jemce p\u0159ipraveno t\u00e9m\u011b\u0159 25 tis. m2 n\u00e1jemn\u00edch ploch, s nadstandardn\u00ed skladovac\u00ed v\u00fd\u0161kou 15 metr\u016f. <\/p>&#13;\n<p><i>\u201eV\u00fdstavba v pr\u00e9miov\u00e9 lokalit\u011b u d\u00e1lnice D5 je odpov\u011bd\u00ed na\u0161eho t\u0159et\u00edho fondu na r\u016fst popt\u00e1vek po n\u00e1jemn\u00edch ploch\u00e1ch v modern\u00edch pr\u016fmyslov\u00fdch parc\u00edch. Paraleln\u011b k zah\u00e1jen\u00ed v\u00fdstavby dokon\u010dujeme jedn\u00e1n\u00ed s kl\u00ed\u010dov\u00fdmi n\u00e1jemci parku. Unik\u00e1tn\u00ed spojen\u00ed investi\u010dn\u00edho fondu s vlastn\u00edm developersk\u00fdm t\u00fdmem n\u00e1m umo\u017e\u0148uje realizovat nov\u00e9 developersk\u00e9 projekty fondu na \u010das a v r\u00e1mci schv\u00e1len\u00fdch rozpo\u010dt\u016f. Jsme tak schopni investor\u016fm fondu dlouhodob\u011b zaji\u0161\u0165ovat jedno z nejlep\u0161\u00edch zhodnocen\u00ed investic na trhu,\u201c <\/i>uvedl Lubor Svoboda, spoluzakladatel skupiny ARETE.<\/p>&#13;\n<p><i>\u201eLogistick\u00fd park nab\u00eddne celkem 25.000 m2 pr\u00e9miov\u00fdch ploch s nadstandardn\u00ed skladovac\u00ed v\u00fd\u0161kou 15 metr\u016f. Lokalita p\u0159\u00edmo u d\u00e1lnice D5 pat\u0159\u00ed dlouhodob\u011b k nejvyhled\u00e1van\u011bj\u0161\u00edm v r\u00e1mci cel\u00e9 \u010cesk\u00e9 republiky. Proto\u017ee se nov\u00fd park nach\u00e1z\u00ed p\u0159\u00edmo na okraji m\u011bsta Rokycany, poskytuje budouc\u00edm n\u00e1jemc\u016fm z\u00e1rove\u0148 dobrou dostupnost lok\u00e1ln\u00edho pracovn\u00edho trhu. Samoz\u0159ejmost\u00ed bude tak\u00e9 certifikace BREEAM a instalace za\u0159\u00edzen\u00ed vyu\u017e\u00edvaj\u00edc\u00ed obnoviteln\u00e9 zdroje energie. Uveden\u00e9 aktivity pova\u017eujeme za podstatn\u00e9 k dosa\u017een\u00ed dlouhodob\u00e9 udr\u017eitelnosti a pln\u011bn\u00ed environment\u00e1ln\u00edch standard\u016f. Pln\u00e9 dokon\u010den\u00ed parku pl\u00e1nujeme do konce pololet\u00ed roku 2023,\u201c<\/i> Robert Ides, druh\u00fd spoluzakladatel skupiny ARETE.<\/p>","protected":false},"excerpt":{"rendered":"<p>&#13; T\u0159et\u00ed fond skupiny ARETE zahajuje v\u00fdstavbu ve zcela nov\u00e9 pr\u016fmyslov\u00e9 z\u00f3n\u011b Rokycany p\u0159\u00edmo u d\u00e1lnice D5. Po dokon\u010den\u00ed nab\u00eddne 25 tis\u00edc metr\u016f \u010dtvrte\u010dn\u00edch pr\u00e9miov\u00fdch n\u00e1jemn\u00edch ploch v modern\u00edm pr\u016fmyslov\u00e9m parku. Investice dos\u00e1hnou t\u00e9m\u011b\u0159 30 mili\u00f3n\u016f EUR. &#13; T\u0159et\u00ed fond skupiny ARETE zam\u011b\u0159en\u00fd na kvalitn\u00ed pr\u016fmyslov\u00e1 a logistick\u00e1 aktiva v regionu st\u0159edn\u00ed a v\u00fdchodn\u00ed Evropy po akvizici pozemk\u016f se stavebn\u00edm povolen\u00edm v pr\u016fmyslov\u00e9 z\u00f3n\u011b Rokycany, ihned u exitu 62 d\u00e1lnice D5, zah\u00e1jil v\u00fdstavbu prvn\u00ed ze dvou budov nov\u00e9ho pr\u016fmyslov\u00e9ho parku. Po dokon\u010den\u00ed bude pro n\u00e1jemce p\u0159ipraveno t\u00e9m\u011b\u0159 25 tis. m2 n\u00e1jemn\u00edch ploch, s nadstandardn\u00ed skladovac\u00ed v\u00fd\u0161kou 15 metr\u016f. &#13; \u201eV\u00fdstavba v pr\u00e9miov\u00e9 lokalit\u011b u d\u00e1lnice D5 je odpov\u011bd\u00ed na\u0161eho t\u0159et\u00edho fondu na r\u016fst popt\u00e1vek po n\u00e1jemn\u00edch ploch\u00e1ch v modern\u00edch pr\u016fmyslov\u00fdch parc\u00edch. Paraleln\u011b k zah\u00e1jen\u00ed v\u00fdstavby dokon\u010dujeme jedn\u00e1n\u00ed s kl\u00ed\u010dov\u00fdmi n\u00e1jemci parku. Unik\u00e1tn\u00ed spojen\u00ed investi\u010dn\u00edho fondu s vlastn\u00edm developersk\u00fdm t\u00fdmem n\u00e1m umo\u017e\u0148uje realizovat nov\u00e9 developersk\u00e9 projekty fondu na \u010das a v r\u00e1mci schv\u00e1len\u00fdch rozpo\u010dt\u016f. Jsme tak schopni investor\u016fm fondu dlouhodob\u011b zaji\u0161\u0165ovat jedno z nejlep\u0161\u00edch zhodnocen\u00ed investic na trhu,\u201c uvedl Lubor Svoboda, spoluzakladatel skupiny ARETE. &#13; \u201eLogistick\u00fd park nab\u00eddne celkem 25.000 m2 pr\u00e9miov\u00fdch ploch s nadstandardn\u00ed skladovac\u00ed v\u00fd\u0161kou 15 metr\u016f. Lokalita p\u0159\u00edmo u d\u00e1lnice D5 pat\u0159\u00ed dlouhodob\u011b k nejvyhled\u00e1van\u011bj\u0161\u00edm v r\u00e1mci cel\u00e9 \u010cesk\u00e9 republiky. Proto\u017ee se nov\u00fd park nach\u00e1z\u00ed p\u0159\u00edmo na okraji m\u011bsta Rokycany, poskytuje budouc\u00edm n\u00e1jemc\u016fm z\u00e1rove\u0148 dobrou dostupnost lok\u00e1ln\u00edho pracovn\u00edho trhu. Samoz\u0159ejmost\u00ed bude tak\u00e9 certifikace BREEAM a instalace za\u0159\u00edzen\u00ed vyu\u017e\u00edvaj\u00edc\u00ed obnoviteln\u00e9 zdroje energie. Uveden\u00e9 aktivity pova\u017eujeme za podstatn\u00e9 k dosa\u017een\u00ed dlouhodob\u00e9 udr\u017eitelnosti a pln\u011bn\u00ed environment\u00e1ln\u00edch standard\u016f. Pln\u00e9 dokon\u010den\u00ed parku pl\u00e1nujeme do konce pololet\u00ed roku 2023,\u201c Robert Ides, druh\u00fd spoluzakladatel skupiny ARETE.<\/p>\n","protected":false},"author":6,"featured_media":9859,"comment_status":"open","ping_status":"open","sticky":false,"template":"@@single-custom-post.php","format":"standard","meta":{"_acf_changed":false,"footnotes":""},"categories":[63],"tags":[],"class_list":["post-13512","post","type-post","status-publish","format-standard","has-post-thumbnail","hentry","category-praha-cs","investment-clanky-esg","news-novinky"],"acf":[],"rttpg_featured_image_url":{"full":["https:\/\/www.arete.eu\/wp-content\/uploads\/2025\/02\/001-perspektiva-ulice-scaled.webp",2560,1811,false],"landscape":["https:\/\/www.arete.eu\/wp-content\/uploads\/2025\/02\/001-perspektiva-ulice-scaled.webp",2560,1811,false],"portraits":["https:\/\/www.arete.eu\/wp-content\/uploads\/2025\/02\/001-perspektiva-ulice-scaled.webp",2560,1811,false],"thumbnail":["https:\/\/www.arete.eu\/wp-content\/uploads\/2025\/02\/001-perspektiva-ulice-150x150.webp",150,150,true],"medium":["https:\/\/www.arete.eu\/wp-content\/uploads\/2025\/02\/001-perspektiva-ulice-300x212.webp",300,212,true],"large":["https:\/\/www.arete.eu\/wp-content\/uploads\/2025\/02\/001-perspektiva-ulice-1024x724.webp",800,566,true],"1536x1536":["https:\/\/www.arete.eu\/wp-content\/uploads\/2025\/02\/001-perspektiva-ulice-1536x1086.webp",1536,1086,true],"2048x2048":["https:\/\/www.arete.eu\/wp-content\/uploads\/2025\/02\/001-perspektiva-ulice-2048x1448.webp",2048,1448,true]},"rttpg_author":{"display_name":"newadmin","author_link":"https:\/\/www.arete.eu\/cs\/author\/newadmin\/"},"rttpg_comment":0,"rttpg_category":"<a href=\"https:\/\/www.arete.eu\/cs\/category\/praha-cs\/\" rel=\"category tag\">Praha<\/a>","rttpg_excerpt":"&#13; T\u0159et\u00ed fond skupiny ARETE zahajuje v\u00fdstavbu ve zcela nov\u00e9 pr\u016fmyslov\u00e9 z\u00f3n\u011b Rokycany p\u0159\u00edmo u d\u00e1lnice D5. Po dokon\u010den\u00ed nab\u00eddne 25 tis\u00edc metr\u016f \u010dtvrte\u010dn\u00edch pr\u00e9miov\u00fdch n\u00e1jemn\u00edch ploch v modern\u00edm pr\u016fmyslov\u00e9m parku. Investice dos\u00e1hnou t\u00e9m\u011b\u0159 30 mili\u00f3n\u016f EUR. &#13; T\u0159et\u00ed fond skupiny ARETE zam\u011b\u0159en\u00fd na kvalitn\u00ed pr\u016fmyslov\u00e1 a logistick\u00e1 aktiva v regionu st\u0159edn\u00ed a v\u00fdchodn\u00ed Evropy&hellip;","_links":{"self":[{"href":"https:\/\/www.arete.eu\/cs\/wp-json\/wp\/v2\/posts\/13512","targetHints":{"allow":["GET"]}}],"collection":[{"href":"https:\/\/www.arete.eu\/cs\/wp-json\/wp\/v2\/posts"}],"about":[{"href":"https:\/\/www.arete.eu\/cs\/wp-json\/wp\/v2\/types\/post"}],"author":[{"embeddable":true,"href":"https:\/\/www.arete.eu\/cs\/wp-json\/wp\/v2\/users\/6"}],"replies":[{"embeddable":true,"href":"https:\/\/www.arete.eu\/cs\/wp-json\/wp\/v2\/comments?post=13512"}],"version-history":[{"count":1,"href":"https:\/\/www.arete.eu\/cs\/wp-json\/wp\/v2\/posts\/13512\/revisions"}],"predecessor-version":[{"id":13513,"href":"https:\/\/www.arete.eu\/cs\/wp-json\/wp\/v2\/posts\/13512\/revisions\/13513"}],"wp:featuredmedia":[{"embeddable":true,"href":"https:\/\/www.arete.eu\/cs\/wp-json\/wp\/v2\/media\/9859"}],"wp:attachment":[{"href":"https:\/\/www.arete.eu\/cs\/wp-json\/wp\/v2\/media?parent=13512"}],"wp:term":[{"taxonomy":"category","embeddable":true,"href":"https:\/\/www.arete.eu\/cs\/wp-json\/wp\/v2\/categories?post=13512"},{"taxonomy":"post_tag","embeddable":true,"href":"https:\/\/www.arete.eu\/cs\/wp-json\/wp\/v2\/tags?post=13512"}],"curies":[{"name":"wp","href":"https:\/\/api.w.org\/{rel}","templated":true}]}}